{"id":14211,"date":"2024-04-11T06:00:00","date_gmt":"2024-04-11T09:00:00","guid":{"rendered":"https:\/\/sergiolapegue.com\/site\/?p=14211"},"modified":"2024-04-08T02:13:02","modified_gmt":"2024-04-08T05:13:02","slug":"vuelve-si-mon-dieu","status":"publish","type":"post","link":"https:\/\/sergiolapegue.com\/site\/2024\/04\/11\/vuelve-si-mon-dieu\/","title":{"rendered":"VUELVE \u201cSI MON DIEU\u201d"},"content":{"rendered":"\n<p>El exitoso espect\u00e1culo de improvisaci\u00f3n dirigido por Marcos Rauch&nbsp;se presentar\u00e1 nuevamente en el Teatro Metropolitan de Calle Corrientes.<\/p>\n\n\n\n<p>Luego de 11 exitosas temporadas, y ya convertido en un espect\u00e1culo de culto, regresa al Teatro Metropolitan el show de improvisaci\u00f3n \u201cSI MON DIEU\u201d, dirigido por Marcos Rauch.<\/p>\n\n\n\n<p>\u201cSI MON DIEU\u201d es el primer espect\u00e1culo de la Argentina en tener en la escena un director que improvisa EN VIVO junto a los actores y el m\u00fasico. Este espect\u00e1culo tiene como objetivo renovarse constantemente en un show donde los actores ejecutan con rapidez y humor las diferentes consignas que el p\u00fablico les da.&nbsp;<\/p>\n\n\n\n<p>La elecci\u00f3n y el orden de los bloques cambia en cada funci\u00f3n y esto es desconocido por los actores para as\u00ed aportar constantemente adrenalina y v\u00e9rtigo a sus int\u00e9rpretes.<\/p>\n\n\n\n<figure class=\"wp-block-image size-large\"><img loading=\"lazy\" decoding=\"async\" width=\"1024\" height=\"683\" src=\"https:\/\/sergiolapegue.com\/site\/wp-content\/uploads\/2024\/04\/Si-Mon-Dieu-Impro-5-1024x683.jpg\" alt=\"\" class=\"wp-image-14213\" srcset=\"https:\/\/sergiolapegue.com\/site\/wp-content\/uploads\/2024\/04\/Si-Mon-Dieu-Impro-5-1024x683.jpg 1024w, https:\/\/sergiolapegue.com\/site\/wp-content\/uploads\/2024\/04\/Si-Mon-Dieu-Impro-5-300x200.jpg 300w, https:\/\/sergiolapegue.com\/site\/wp-content\/uploads\/2024\/04\/Si-Mon-Dieu-Impro-5-768x513.jpg 768w, https:\/\/sergiolapegue.com\/site\/wp-content\/uploads\/2024\/04\/Si-Mon-Dieu-Impro-5-1536x1025.jpg 1536w, https:\/\/sergiolapegue.com\/site\/wp-content\/uploads\/2024\/04\/Si-Mon-Dieu-Impro-5-2048x1367.jpg 2048w, https:\/\/sergiolapegue.com\/site\/wp-content\/uploads\/2024\/04\/Si-Mon-Dieu-Impro-5-696x465.jpg 696w, https:\/\/sergiolapegue.com\/site\/wp-content\/uploads\/2024\/04\/Si-Mon-Dieu-Impro-5-1068x713.jpg 1068w, https:\/\/sergiolapegue.com\/site\/wp-content\/uploads\/2024\/04\/Si-Mon-Dieu-Impro-5-1920x1281.jpg 1920w\" sizes=\"auto, (max-width: 1024px) 100vw, 1024px\" \/><\/figure>\n\n\n\n<p>En cada funci\u00f3n se vivir\u00e1 una situaci\u00f3n \u00fanica e irrepetible. Los espectadores ser\u00e1n, no s\u00f3lo testigos, sino tambi\u00e9n parte de un show concebido, creado y editado enteramente en vivo.&nbsp;<\/p>\n\n\n\n<p>Se improvisa m\u00fasica en vivo junto a los actores complementando y ambientando las escenas desde lo musical as\u00ed como tambi\u00e9n lo mismo sucede desde la iluminaci\u00f3n y el sonido.<\/p>\n\n\n\n<p>\u201cSI MON DIEU\u201d utiliza la improvisaci\u00f3n para destacar la actuaci\u00f3n por sobre la situaci\u00f3n, donde el p\u00fablico podr\u00e1 no solo verse reflejado en los personajes, sino tambi\u00e9n digitar cu\u00e1l ser\u00e1 el futuro de cada uno de ellos.<\/p>\n\n\n\n<p>En esta temporada, el elenco lo integran Federico Yernazian, Tomi Capano, Camilo Cuello Vitale, Paolo Sambrini, Enriqueta Chouhy y Juan Ignacio L\u00f3pez (m\u00fasico en vivo) todos bajo la direcci\u00f3n de Marcos Rauch.<\/p>\n\n\n\n<figure class=\"wp-block-image size-large\"><img loading=\"lazy\" decoding=\"async\" width=\"1024\" height=\"684\" src=\"https:\/\/sergiolapegue.com\/site\/wp-content\/uploads\/2024\/04\/Si-Mon-Dieu-Impro-2-1024x684.jpg\" alt=\"\" class=\"wp-image-14212\" srcset=\"https:\/\/sergiolapegue.com\/site\/wp-content\/uploads\/2024\/04\/Si-Mon-Dieu-Impro-2-1024x684.jpg 1024w, https:\/\/sergiolapegue.com\/site\/wp-content\/uploads\/2024\/04\/Si-Mon-Dieu-Impro-2-300x200.jpg 300w, https:\/\/sergiolapegue.com\/site\/wp-content\/uploads\/2024\/04\/Si-Mon-Dieu-Impro-2-768x513.jpg 768w, https:\/\/sergiolapegue.com\/site\/wp-content\/uploads\/2024\/04\/Si-Mon-Dieu-Impro-2-1536x1025.jpg 1536w, https:\/\/sergiolapegue.com\/site\/wp-content\/uploads\/2024\/04\/Si-Mon-Dieu-Impro-2-2048x1367.jpg 2048w, https:\/\/sergiolapegue.com\/site\/wp-content\/uploads\/2024\/04\/Si-Mon-Dieu-Impro-2-696x465.jpg 696w, https:\/\/sergiolapegue.com\/site\/wp-content\/uploads\/2024\/04\/Si-Mon-Dieu-Impro-2-1068x713.jpg 1068w, https:\/\/sergiolapegue.com\/site\/wp-content\/uploads\/2024\/04\/Si-Mon-Dieu-Impro-2-1920x1282.jpg 1920w\" sizes=\"auto, (max-width: 1024px) 100vw, 1024px\" \/><\/figure>\n\n\n\n<p><strong>FICHA T\u00c9CNICO ART\u00cdSTICA <\/strong><strong><\/strong><\/p>\n\n\n\n<p><strong>Act\u00faan:<\/strong> Tomi Capano \u2013 Enri Chouhy \u2013 Camilo Cuello Vitale \u2013 Paolo Sambrini \u2013 Federico Yernazian<\/p>\n\n\n\n<p><strong>M\u00fasica en vivo:<\/strong> Juan Ignacio L\u00f3pez<\/p>\n\n\n\n<p><strong>Vestuario:<\/strong> Lula Rojo<\/p>\n\n\n\n<p><strong>Escenograf\u00eda:<\/strong> Lula Rojo<\/p>\n\n\n\n<p><strong>Video:<\/strong> Kranium Audiovisual<\/p>\n\n\n\n<p><strong>Sonido:<\/strong>&nbsp; Santiago Questa<\/p>\n\n\n\n<p><strong>Fotograf\u00eda:<\/strong> Nacho Lunadei<\/p>\n\n\n\n<p><strong>Dise\u00f1o gr\u00e1fico:<\/strong> ABA Ideas<\/p>\n\n\n\n<p><strong>Comunicaci\u00f3n:<\/strong> BMZ Comunicaciones<\/p>\n\n\n\n<p><strong>Coordinadora de Prensa:<\/strong> Vero Larrea<\/p>\n\n\n\n<p><strong>Producci\u00f3n:<\/strong> Marcos Rauch, Christian Von, Nanu Spannaus<\/p>\n\n\n\n<p><strong>Direcci\u00f3n:<\/strong> Marcos Rauch<\/p>\n\n\n\n<p><strong>Redes Sociales<\/strong><\/p>\n\n\n\n<p>Twitter, Facebook: @simondieu<\/p>\n\n\n\n<p>Instagram: @simondieu_impro<\/p>\n\n\n\n<p><strong>Clasificaci\u00f3n:<\/strong> Teatro \u2013 Presencial \u2013 Adultos \u2013 Comedia \u2013 Improvisaci\u00f3n<\/p>\n\n\n\n<figure class=\"wp-block-image size-large\"><img loading=\"lazy\" decoding=\"async\" width=\"1024\" height=\"683\" src=\"https:\/\/sergiolapegue.com\/site\/wp-content\/uploads\/2024\/04\/Si-Mon-Dieu-Impro-7-1024x683.jpg\" alt=\"\" class=\"wp-image-14214\" srcset=\"https:\/\/sergiolapegue.com\/site\/wp-content\/uploads\/2024\/04\/Si-Mon-Dieu-Impro-7-1024x683.jpg 1024w, https:\/\/sergiolapegue.com\/site\/wp-content\/uploads\/2024\/04\/Si-Mon-Dieu-Impro-7-300x200.jpg 300w, https:\/\/sergiolapegue.com\/site\/wp-content\/uploads\/2024\/04\/Si-Mon-Dieu-Impro-7-768x513.jpg 768w, https:\/\/sergiolapegue.com\/site\/wp-content\/uploads\/2024\/04\/Si-Mon-Dieu-Impro-7-1536x1025.jpg 1536w, https:\/\/sergiolapegue.com\/site\/wp-content\/uploads\/2024\/04\/Si-Mon-Dieu-Impro-7-2048x1367.jpg 2048w, https:\/\/sergiolapegue.com\/site\/wp-content\/uploads\/2024\/04\/Si-Mon-Dieu-Impro-7-696x465.jpg 696w, https:\/\/sergiolapegue.com\/site\/wp-content\/uploads\/2024\/04\/Si-Mon-Dieu-Impro-7-1068x713.jpg 1068w, https:\/\/sergiolapegue.com\/site\/wp-content\/uploads\/2024\/04\/Si-Mon-Dieu-Impro-7-1920x1281.jpg 1920w\" sizes=\"auto, (max-width: 1024px) 100vw, 1024px\" \/><\/figure>\n\n\n\n<p><strong>TEATRO METROPOLITAN<\/strong><\/p>\n\n\n\n<p>Av. Corrientes 1343 \u2013 Capital Federal \u2013 Buenos Aires \u2013 Argentina<\/p>\n\n\n\n<p>Tel\u00e9fono: 5277-0500 \u2013 Web: <a href=\"https:\/\/www.teatrometropolitan.ar\">https:\/\/www.teatrometropolitan.ar<\/a><\/p>\n\n\n\n<p>Entradas: Desde $ 7.000 a $ 15.000 \u2013 en boleter\u00eda del teatro o por Plateanet<\/p>\n\n\n\n<p>Funciones: Viernes 23:00 horas \u2013 Del 19\/04\/2024 al 10\/05\/2024<\/p>\n\n\n\n<p>Gracias BMZ Comunicaciones por hacernos llegar la gacetilla de prensa de la nueva temporada de este espect\u00e1culo.<\/p>\n\n\n\n<p><strong>SOBRE MARCOS RAUCH<\/strong><\/p>\n\n\n\n<p>Se form\u00f3 actoralmente con Nora Moseinco y Nano Zyssholtz. En canto con Sebasti\u00e1n Mazzoni y Cristian Bruno y en danza con Jimena Olivari, Sonia Von-Potbsky, Alejandro Ibarra y Anal\u00eda Gonz\u00e1lez. Comenz\u00f3 su carrera en 2010 como coprotag\u00f3nico de la pel\u00edcula &#8220;Dulce de Leche\u201d de Mariano Galperin, en teatro trabaj\u00f3 en \u201cJudy, el homenaje\u201d del director Alejandro Ull\u00faa con quien volvi\u00f3 a trabajar en \u201cNosotros, los amantes\u201d y tambi\u00e9n trabaj\u00f3 en espect\u00e1culos como \u201cEl Curioso Incidente del Perro a Medianoche\u201d, \u201cForever Young\u201d, \u201cAlicia en Frikiland\u201d, \u201cEn Familia\u201d, \u201cY si vale la pena?\u201d, y \u201cRock of Ages\u201d\u00a0 obra por la cual estuvo nominado a los premios Hugo por su interpretaci\u00f3n de \u201cFranz\u201d. Comenz\u00f3 su carrera como director con el espect\u00e1culo de improvisaci\u00f3n \u201cSi Mon Dieu\u201d (que est\u00e1 actualmente en cartel en su 12a edici\u00f3n) y cre\u00f3 junto a Juan Jos\u00e9 Marco, Juan Ignacio L\u00f3pez y Marcelo Cama\u00f1o; el musical \u201cRufianes\u201d por el que recibi\u00f3 m\u00faltiples nominaciones y premios. Dirigi\u00f3 a Dar\u00edo Orsi y Mike Chouhy en su nuevo y exitoso show &#8220;Sanata 2. Un show normal&#8221;. Actualmente fund\u00f3 su escuela de arte, \u201cMAHAS\u201d donde da clases de actuaci\u00f3n e improvisaci\u00f3n junto a otros reconocidos maestros dentro del rubro y est\u00e1 creando junto a Lucas Spadafora un nuevo espect\u00e1culo de humor a estrenar en el 2024.<\/p>\n","protected":false},"excerpt":{"rendered":"<p>El exitoso espect\u00e1culo de improvisaci\u00f3n dirigido por Marcos Rauch&nbsp;se presentar\u00e1 nuevamente en el Teatro Metropolitan de Calle Corrientes. Luego de 11 exitosas temporadas, y ya convertido en un espect\u00e1culo de culto, regresa al Teatro Metropolitan el show de improvisaci\u00f3n \u201cSI MON DIEU\u201d, dirigido por Marcos Rauch. \u201cSI MON DIEU\u201d es el primer espect\u00e1culo de la [&hellip;]<\/p>\n","protected":false},"author":3,"featured_media":14215,"comment_status":"open","ping_status":"closed","sticky":false,"template":"","format":"standard","meta":{"footnotes":""},"categories":[34,35],"tags":[],"class_list":{"0":"post-14211","1":"post","2":"type-post","3":"status-publish","4":"format-standard","5":"has-post-thumbnail","7":"category-arte","8":"category-teatro"},"yoast_head":"<!-- This site is optimized with the Yoast SEO plugin v27.5 - https:\/\/yoast.com\/product\/yoast-seo-wordpress\/ -->\n<title>VUELVE \u201cSI MON DIEU\u201d - Sergio Lapegue<\/title>\n<meta name=\"robots\" content=\"index, follow, max-snippet:-1, max-image-preview:large, max-video-preview:-1\" \/>\n<link rel=\"canonical\" href=\"https:\/\/sergiolapegue.com\/site\/2024\/04\/11\/vuelve-si-mon-dieu\/\" \/>\n<meta property=\"og:locale\" content=\"es_ES\" \/>\n<meta property=\"og:type\" content=\"article\" \/>\n<meta property=\"og:title\" content=\"VUELVE \u201cSI MON DIEU\u201d - Sergio Lapegue\" \/>\n<meta property=\"og:description\" content=\"El exitoso espect\u00e1culo de improvisaci\u00f3n dirigido por Marcos Rauch&nbsp;se presentar\u00e1 nuevamente en el Teatro Metropolitan de Calle Corrientes. Luego de 11 exitosas temporadas, y ya convertido en un espect\u00e1culo de culto, regresa al Teatro Metropolitan el show de improvisaci\u00f3n \u201cSI MON DIEU\u201d, dirigido por Marcos Rauch. \u201cSI MON DIEU\u201d es el primer espect\u00e1culo de la [&hellip;]\" \/>\n<meta property=\"og:url\" content=\"https:\/\/sergiolapegue.com\/site\/2024\/04\/11\/vuelve-si-mon-dieu\/\" \/>\n<meta property=\"og:site_name\" content=\"Sergio Lapegue\" \/>\n<meta property=\"article:publisher\" content=\"https:\/\/facebook.com\/sergiolapegue\" \/>\n<meta property=\"article:author\" content=\"https:\/\/facebook.com\/danielernesto.montana\" \/>\n<meta property=\"article:published_time\" content=\"2024-04-11T09:00:00+00:00\" \/>\n<meta property=\"og:image\" content=\"https:\/\/sergiolapegue.com\/site\/wp-content\/uploads\/2024\/04\/Si-Mon-Dieu-Impro.jpg\" \/>\n\t<meta property=\"og:image:width\" content=\"1600\" \/>\n\t<meta property=\"og:image:height\" content=\"1600\" \/>\n\t<meta property=\"og:image:type\" content=\"image\/jpeg\" \/>\n<meta name=\"author\" content=\"Daniel E. Monta\u00f1a\" \/>\n<meta name=\"twitter:card\" content=\"summary_large_image\" \/>\n<meta name=\"twitter:creator\" content=\"@https:\/\/twitter.com\/daner_004\" \/>\n<meta name=\"twitter:site\" content=\"@sergiolapegue\" \/>\n<meta name=\"twitter:label1\" content=\"Escrito por\" \/>\n\t<meta name=\"twitter:data1\" content=\"Daniel E. Monta\u00f1a\" \/>\n\t<meta name=\"twitter:label2\" content=\"Tiempo de lectura\" \/>\n\t<meta name=\"twitter:data2\" content=\"4 minutos\" \/>\n<script type=\"application\/ld+json\" class=\"yoast-schema-graph\">{\"@context\":\"https:\\\/\\\/schema.org\",\"@graph\":[{\"@type\":\"Article\",\"@id\":\"https:\\\/\\\/sergiolapegue.com\\\/site\\\/2024\\\/04\\\/11\\\/vuelve-si-mon-dieu\\\/#article\",\"isPartOf\":{\"@id\":\"https:\\\/\\\/sergiolapegue.com\\\/site\\\/2024\\\/04\\\/11\\\/vuelve-si-mon-dieu\\\/\"},\"author\":{\"name\":\"Daniel E. Monta\u00f1a\",\"@id\":\"https:\\\/\\\/sergiolapegue.com\\\/site\\\/#\\\/schema\\\/person\\\/9198e7dbab43c6d74d0fd5399af7c3cd\"},\"headline\":\"VUELVE \u201cSI MON DIEU\u201d\",\"datePublished\":\"2024-04-11T09:00:00+00:00\",\"mainEntityOfPage\":{\"@id\":\"https:\\\/\\\/sergiolapegue.com\\\/site\\\/2024\\\/04\\\/11\\\/vuelve-si-mon-dieu\\\/\"},\"wordCount\":662,\"commentCount\":0,\"publisher\":{\"@id\":\"https:\\\/\\\/sergiolapegue.com\\\/site\\\/#\\\/schema\\\/person\\\/083aeceeb0734cd166779ea6c0551a37\"},\"image\":{\"@id\":\"https:\\\/\\\/sergiolapegue.com\\\/site\\\/2024\\\/04\\\/11\\\/vuelve-si-mon-dieu\\\/#primaryimage\"},\"thumbnailUrl\":\"https:\\\/\\\/sergiolapegue.com\\\/site\\\/wp-content\\\/uploads\\\/2024\\\/04\\\/Si-Mon-Dieu-Impro.jpg\",\"articleSection\":[\"Arte\",\"Teatro\"],\"inLanguage\":\"es-AR\",\"potentialAction\":[{\"@type\":\"CommentAction\",\"name\":\"Comment\",\"target\":[\"https:\\\/\\\/sergiolapegue.com\\\/site\\\/2024\\\/04\\\/11\\\/vuelve-si-mon-dieu\\\/#respond\"]}]},{\"@type\":\"WebPage\",\"@id\":\"https:\\\/\\\/sergiolapegue.com\\\/site\\\/2024\\\/04\\\/11\\\/vuelve-si-mon-dieu\\\/\",\"url\":\"https:\\\/\\\/sergiolapegue.com\\\/site\\\/2024\\\/04\\\/11\\\/vuelve-si-mon-dieu\\\/\",\"name\":\"VUELVE \u201cSI MON DIEU\u201d - Sergio Lapegue\",\"isPartOf\":{\"@id\":\"https:\\\/\\\/sergiolapegue.com\\\/site\\\/#website\"},\"primaryImageOfPage\":{\"@id\":\"https:\\\/\\\/sergiolapegue.com\\\/site\\\/2024\\\/04\\\/11\\\/vuelve-si-mon-dieu\\\/#primaryimage\"},\"image\":{\"@id\":\"https:\\\/\\\/sergiolapegue.com\\\/site\\\/2024\\\/04\\\/11\\\/vuelve-si-mon-dieu\\\/#primaryimage\"},\"thumbnailUrl\":\"https:\\\/\\\/sergiolapegue.com\\\/site\\\/wp-content\\\/uploads\\\/2024\\\/04\\\/Si-Mon-Dieu-Impro.jpg\",\"datePublished\":\"2024-04-11T09:00:00+00:00\",\"breadcrumb\":{\"@id\":\"https:\\\/\\\/sergiolapegue.com\\\/site\\\/2024\\\/04\\\/11\\\/vuelve-si-mon-dieu\\\/#breadcrumb\"},\"inLanguage\":\"es-AR\",\"potentialAction\":[{\"@type\":\"ReadAction\",\"target\":[\"https:\\\/\\\/sergiolapegue.com\\\/site\\\/2024\\\/04\\\/11\\\/vuelve-si-mon-dieu\\\/\"]}]},{\"@type\":\"ImageObject\",\"inLanguage\":\"es-AR\",\"@id\":\"https:\\\/\\\/sergiolapegue.com\\\/site\\\/2024\\\/04\\\/11\\\/vuelve-si-mon-dieu\\\/#primaryimage\",\"url\":\"https:\\\/\\\/sergiolapegue.com\\\/site\\\/wp-content\\\/uploads\\\/2024\\\/04\\\/Si-Mon-Dieu-Impro.jpg\",\"contentUrl\":\"https:\\\/\\\/sergiolapegue.com\\\/site\\\/wp-content\\\/uploads\\\/2024\\\/04\\\/Si-Mon-Dieu-Impro.jpg\",\"width\":1600,\"height\":1600},{\"@type\":\"BreadcrumbList\",\"@id\":\"https:\\\/\\\/sergiolapegue.com\\\/site\\\/2024\\\/04\\\/11\\\/vuelve-si-mon-dieu\\\/#breadcrumb\",\"itemListElement\":[{\"@type\":\"ListItem\",\"position\":1,\"name\":\"Inicio\",\"item\":\"https:\\\/\\\/sergiolapegue.com\\\/site\\\/\"},{\"@type\":\"ListItem\",\"position\":2,\"name\":\"VUELVE \u201cSI MON DIEU\u201d\"}]},{\"@type\":\"WebSite\",\"@id\":\"https:\\\/\\\/sergiolapegue.com\\\/site\\\/#website\",\"url\":\"https:\\\/\\\/sergiolapegue.com\\\/site\\\/\",\"name\":\"Sergio Lapegue\",\"description\":\"Periodista\",\"publisher\":{\"@id\":\"https:\\\/\\\/sergiolapegue.com\\\/site\\\/#\\\/schema\\\/person\\\/083aeceeb0734cd166779ea6c0551a37\"},\"potentialAction\":[{\"@type\":\"SearchAction\",\"target\":{\"@type\":\"EntryPoint\",\"urlTemplate\":\"https:\\\/\\\/sergiolapegue.com\\\/site\\\/?s={search_term_string}\"},\"query-input\":{\"@type\":\"PropertyValueSpecification\",\"valueRequired\":true,\"valueName\":\"search_term_string\"}}],\"inLanguage\":\"es-AR\"},{\"@type\":[\"Person\",\"Organization\"],\"@id\":\"https:\\\/\\\/sergiolapegue.com\\\/site\\\/#\\\/schema\\\/person\\\/083aeceeb0734cd166779ea6c0551a37\",\"name\":\"Sergio Lapegue\",\"image\":{\"@type\":\"ImageObject\",\"inLanguage\":\"es-AR\",\"@id\":\"https:\\\/\\\/sergiolapegue.com\\\/site\\\/wp-content\\\/uploads\\\/2021\\\/04\\\/logo_header-1.png\",\"url\":\"https:\\\/\\\/sergiolapegue.com\\\/site\\\/wp-content\\\/uploads\\\/2021\\\/04\\\/logo_header-1.png\",\"contentUrl\":\"https:\\\/\\\/sergiolapegue.com\\\/site\\\/wp-content\\\/uploads\\\/2021\\\/04\\\/logo_header-1.png\",\"width\":272,\"height\":90,\"caption\":\"Sergio Lapegue\"},\"logo\":{\"@id\":\"https:\\\/\\\/sergiolapegue.com\\\/site\\\/wp-content\\\/uploads\\\/2021\\\/04\\\/logo_header-1.png\"},\"sameAs\":[\"https:\\\/\\\/facebook.com\\\/sergiolapegue\",\"https:\\\/\\\/instagram.com\\\/sergiolapegue\",\"https:\\\/\\\/x.com\\\/https:\\\/\\\/twitter.com\\\/sergiolapegue\"]},{\"@type\":\"Person\",\"@id\":\"https:\\\/\\\/sergiolapegue.com\\\/site\\\/#\\\/schema\\\/person\\\/9198e7dbab43c6d74d0fd5399af7c3cd\",\"name\":\"Daniel E. Monta\u00f1a\",\"image\":{\"@type\":\"ImageObject\",\"inLanguage\":\"es-AR\",\"@id\":\"https:\\\/\\\/sergiolapegue.com\\\/site\\\/wp-content\\\/uploads\\\/2021\\\/04\\\/sl_avatar_Daniel-150x150.jpg\",\"url\":\"https:\\\/\\\/sergiolapegue.com\\\/site\\\/wp-content\\\/uploads\\\/2021\\\/04\\\/sl_avatar_Daniel-150x150.jpg\",\"contentUrl\":\"https:\\\/\\\/sergiolapegue.com\\\/site\\\/wp-content\\\/uploads\\\/2021\\\/04\\\/sl_avatar_Daniel-150x150.jpg\",\"caption\":\"Daniel E. Monta\u00f1a\"},\"sameAs\":[\"https:\\\/\\\/facebook.com\\\/danielernesto.montana\",\"https:\\\/\\\/instagram.com\\\/daniel_montana1961\",\"https:\\\/\\\/x.com\\\/https:\\\/\\\/twitter.com\\\/daner_004\"],\"url\":\"https:\\\/\\\/sergiolapegue.com\\\/site\\\/author\\\/daniel\\\/\"}]}<\/script>\n<!-- \/ Yoast SEO plugin. -->","yoast_head_json":{"title":"VUELVE \u201cSI MON DIEU\u201d - Sergio Lapegue","robots":{"index":"index","follow":"follow","max-snippet":"max-snippet:-1","max-image-preview":"max-image-preview:large","max-video-preview":"max-video-preview:-1"},"canonical":"https:\/\/sergiolapegue.com\/site\/2024\/04\/11\/vuelve-si-mon-dieu\/","og_locale":"es_ES","og_type":"article","og_title":"VUELVE \u201cSI MON DIEU\u201d - Sergio Lapegue","og_description":"El exitoso espect\u00e1culo de improvisaci\u00f3n dirigido por Marcos Rauch&nbsp;se presentar\u00e1 nuevamente en el Teatro Metropolitan de Calle Corrientes. Luego de 11 exitosas temporadas, y ya convertido en un espect\u00e1culo de culto, regresa al Teatro Metropolitan el show de improvisaci\u00f3n \u201cSI MON DIEU\u201d, dirigido por Marcos Rauch. \u201cSI MON DIEU\u201d es el primer espect\u00e1culo de la [&hellip;]","og_url":"https:\/\/sergiolapegue.com\/site\/2024\/04\/11\/vuelve-si-mon-dieu\/","og_site_name":"Sergio Lapegue","article_publisher":"https:\/\/facebook.com\/sergiolapegue","article_author":"https:\/\/facebook.com\/danielernesto.montana","article_published_time":"2024-04-11T09:00:00+00:00","og_image":[{"width":1600,"height":1600,"url":"https:\/\/sergiolapegue.com\/site\/wp-content\/uploads\/2024\/04\/Si-Mon-Dieu-Impro.jpg","type":"image\/jpeg"}],"author":"Daniel E. Monta\u00f1a","twitter_card":"summary_large_image","twitter_creator":"@https:\/\/twitter.com\/daner_004","twitter_site":"@sergiolapegue","twitter_misc":{"Escrito por":"Daniel E. Monta\u00f1a","Tiempo de lectura":"4 minutos"},"schema":{"@context":"https:\/\/schema.org","@graph":[{"@type":"Article","@id":"https:\/\/sergiolapegue.com\/site\/2024\/04\/11\/vuelve-si-mon-dieu\/#article","isPartOf":{"@id":"https:\/\/sergiolapegue.com\/site\/2024\/04\/11\/vuelve-si-mon-dieu\/"},"author":{"name":"Daniel E. Monta\u00f1a","@id":"https:\/\/sergiolapegue.com\/site\/#\/schema\/person\/9198e7dbab43c6d74d0fd5399af7c3cd"},"headline":"VUELVE \u201cSI MON DIEU\u201d","datePublished":"2024-04-11T09:00:00+00:00","mainEntityOfPage":{"@id":"https:\/\/sergiolapegue.com\/site\/2024\/04\/11\/vuelve-si-mon-dieu\/"},"wordCount":662,"commentCount":0,"publisher":{"@id":"https:\/\/sergiolapegue.com\/site\/#\/schema\/person\/083aeceeb0734cd166779ea6c0551a37"},"image":{"@id":"https:\/\/sergiolapegue.com\/site\/2024\/04\/11\/vuelve-si-mon-dieu\/#primaryimage"},"thumbnailUrl":"https:\/\/sergiolapegue.com\/site\/wp-content\/uploads\/2024\/04\/Si-Mon-Dieu-Impro.jpg","articleSection":["Arte","Teatro"],"inLanguage":"es-AR","potentialAction":[{"@type":"CommentAction","name":"Comment","target":["https:\/\/sergiolapegue.com\/site\/2024\/04\/11\/vuelve-si-mon-dieu\/#respond"]}]},{"@type":"WebPage","@id":"https:\/\/sergiolapegue.com\/site\/2024\/04\/11\/vuelve-si-mon-dieu\/","url":"https:\/\/sergiolapegue.com\/site\/2024\/04\/11\/vuelve-si-mon-dieu\/","name":"VUELVE \u201cSI MON DIEU\u201d - Sergio Lapegue","isPartOf":{"@id":"https:\/\/sergiolapegue.com\/site\/#website"},"primaryImageOfPage":{"@id":"https:\/\/sergiolapegue.com\/site\/2024\/04\/11\/vuelve-si-mon-dieu\/#primaryimage"},"image":{"@id":"https:\/\/sergiolapegue.com\/site\/2024\/04\/11\/vuelve-si-mon-dieu\/#primaryimage"},"thumbnailUrl":"https:\/\/sergiolapegue.com\/site\/wp-content\/uploads\/2024\/04\/Si-Mon-Dieu-Impro.jpg","datePublished":"2024-04-11T09:00:00+00:00","breadcrumb":{"@id":"https:\/\/sergiolapegue.com\/site\/2024\/04\/11\/vuelve-si-mon-dieu\/#breadcrumb"},"inLanguage":"es-AR","potentialAction":[{"@type":"ReadAction","target":["https:\/\/sergiolapegue.com\/site\/2024\/04\/11\/vuelve-si-mon-dieu\/"]}]},{"@type":"ImageObject","inLanguage":"es-AR","@id":"https:\/\/sergiolapegue.com\/site\/2024\/04\/11\/vuelve-si-mon-dieu\/#primaryimage","url":"https:\/\/sergiolapegue.com\/site\/wp-content\/uploads\/2024\/04\/Si-Mon-Dieu-Impro.jpg","contentUrl":"https:\/\/sergiolapegue.com\/site\/wp-content\/uploads\/2024\/04\/Si-Mon-Dieu-Impro.jpg","width":1600,"height":1600},{"@type":"BreadcrumbList","@id":"https:\/\/sergiolapegue.com\/site\/2024\/04\/11\/vuelve-si-mon-dieu\/#breadcrumb","itemListElement":[{"@type":"ListItem","position":1,"name":"Inicio","item":"https:\/\/sergiolapegue.com\/site\/"},{"@type":"ListItem","position":2,"name":"VUELVE \u201cSI MON DIEU\u201d"}]},{"@type":"WebSite","@id":"https:\/\/sergiolapegue.com\/site\/#website","url":"https:\/\/sergiolapegue.com\/site\/","name":"Sergio Lapegue","description":"Periodista","publisher":{"@id":"https:\/\/sergiolapegue.com\/site\/#\/schema\/person\/083aeceeb0734cd166779ea6c0551a37"},"potentialAction":[{"@type":"SearchAction","target":{"@type":"EntryPoint","urlTemplate":"https:\/\/sergiolapegue.com\/site\/?s={search_term_string}"},"query-input":{"@type":"PropertyValueSpecification","valueRequired":true,"valueName":"search_term_string"}}],"inLanguage":"es-AR"},{"@type":["Person","Organization"],"@id":"https:\/\/sergiolapegue.com\/site\/#\/schema\/person\/083aeceeb0734cd166779ea6c0551a37","name":"Sergio Lapegue","image":{"@type":"ImageObject","inLanguage":"es-AR","@id":"https:\/\/sergiolapegue.com\/site\/wp-content\/uploads\/2021\/04\/logo_header-1.png","url":"https:\/\/sergiolapegue.com\/site\/wp-content\/uploads\/2021\/04\/logo_header-1.png","contentUrl":"https:\/\/sergiolapegue.com\/site\/wp-content\/uploads\/2021\/04\/logo_header-1.png","width":272,"height":90,"caption":"Sergio Lapegue"},"logo":{"@id":"https:\/\/sergiolapegue.com\/site\/wp-content\/uploads\/2021\/04\/logo_header-1.png"},"sameAs":["https:\/\/facebook.com\/sergiolapegue","https:\/\/instagram.com\/sergiolapegue","https:\/\/x.com\/https:\/\/twitter.com\/sergiolapegue"]},{"@type":"Person","@id":"https:\/\/sergiolapegue.com\/site\/#\/schema\/person\/9198e7dbab43c6d74d0fd5399af7c3cd","name":"Daniel E. Monta\u00f1a","image":{"@type":"ImageObject","inLanguage":"es-AR","@id":"https:\/\/sergiolapegue.com\/site\/wp-content\/uploads\/2021\/04\/sl_avatar_Daniel-150x150.jpg","url":"https:\/\/sergiolapegue.com\/site\/wp-content\/uploads\/2021\/04\/sl_avatar_Daniel-150x150.jpg","contentUrl":"https:\/\/sergiolapegue.com\/site\/wp-content\/uploads\/2021\/04\/sl_avatar_Daniel-150x150.jpg","caption":"Daniel E. Monta\u00f1a"},"sameAs":["https:\/\/facebook.com\/danielernesto.montana","https:\/\/instagram.com\/daniel_montana1961","https:\/\/x.com\/https:\/\/twitter.com\/daner_004"],"url":"https:\/\/sergiolapegue.com\/site\/author\/daniel\/"}]}},"_links":{"self":[{"href":"https:\/\/sergiolapegue.com\/site\/wp-json\/wp\/v2\/posts\/14211","targetHints":{"allow":["GET"]}}],"collection":[{"href":"https:\/\/sergiolapegue.com\/site\/wp-json\/wp\/v2\/posts"}],"about":[{"href":"https:\/\/sergiolapegue.com\/site\/wp-json\/wp\/v2\/types\/post"}],"author":[{"embeddable":true,"href":"https:\/\/sergiolapegue.com\/site\/wp-json\/wp\/v2\/users\/3"}],"replies":[{"embeddable":true,"href":"https:\/\/sergiolapegue.com\/site\/wp-json\/wp\/v2\/comments?post=14211"}],"version-history":[{"count":1,"href":"https:\/\/sergiolapegue.com\/site\/wp-json\/wp\/v2\/posts\/14211\/revisions"}],"predecessor-version":[{"id":14216,"href":"https:\/\/sergiolapegue.com\/site\/wp-json\/wp\/v2\/posts\/14211\/revisions\/14216"}],"wp:featuredmedia":[{"embeddable":true,"href":"https:\/\/sergiolapegue.com\/site\/wp-json\/wp\/v2\/media\/14215"}],"wp:attachment":[{"href":"https:\/\/sergiolapegue.com\/site\/wp-json\/wp\/v2\/media?parent=14211"}],"wp:term":[{"taxonomy":"category","embeddable":true,"href":"https:\/\/sergiolapegue.com\/site\/wp-json\/wp\/v2\/categories?post=14211"},{"taxonomy":"post_tag","embeddable":true,"href":"https:\/\/sergiolapegue.com\/site\/wp-json\/wp\/v2\/tags?post=14211"}],"curies":[{"name":"wp","href":"https:\/\/api.w.org\/{rel}","templated":true}]}}