{"id":13995,"date":"2024-03-28T18:00:00","date_gmt":"2024-03-28T21:00:00","guid":{"rendered":"https:\/\/sergiolapegue.com\/site\/?p=13995"},"modified":"2024-03-27T01:09:34","modified_gmt":"2024-03-27T04:09:34","slug":"12-festival-de-tango-del-ecunhi","status":"publish","type":"post","link":"https:\/\/sergiolapegue.com\/site\/2024\/03\/28\/12-festival-de-tango-del-ecunhi\/","title":{"rendered":"12\u00b0 FESTIVAL DE TANGO DEL ECUNHI"},"content":{"rendered":"\n<p>Llega el 12\u00b0 Festival de TANGO DEL ECUNHI, s\u00e1bado 06 de abril desde las 16:00 horas en Av. del Libertador 8151, CABA Espacio Memoria Y Derechos Humanos \u2013 Entrada: Bono Contribuci\u00f3n Voluntario.<\/p>\n\n\n\n<p>Programa Lucrecia Merico. Presentaci\u00f3n Del Documental &#8220;En Una Esquina De Barracas El Ultimo Arrabal\u201d &#8211; Direcci\u00f3n Liliana Furici. Presentaci\u00f3n Del Libro \u201cQue Siga La Poes\u00eda\u201d De Paula Castro. Clase Y Pr\u00e1ctica De Baile A Cargo De Liliana Furio Y Julie August. Pe\u00f1a De Cantores Con El Acompa\u00f1amiento De Aan Iruzubieta. Cabildo Abierto Del Tango: Capitulo 3. Tango, Memoria Y Futuro<\/p>\n\n\n\n<p>M\u00fasicos: Ariel Pirotti Cuarteto, Andy Delfino, Camila Arriva, Gisela Magri, Lucrecia Merico y La Gitana Trio<\/p>\n\n\n\n<p>Conducci\u00f3n: Eduardo Parise.<\/p>\n\n\n\n<p>En 2011 donde el arte, la militancia y la lucha cotidiana por sostener espacios imprescindibles se conjugaban, naci\u00f3 el Primer Festival de Tango del ECuNHi.<\/p>\n\n\n\n<figure class=\"wp-block-image size-full\"><img loading=\"lazy\" decoding=\"async\" width=\"800\" height=\"787\" src=\"https:\/\/sergiolapegue.com\/site\/wp-content\/uploads\/2024\/03\/12-Festival-de-Tango-del-Ecunhi-1.jpg\" alt=\"\" class=\"wp-image-13996\" srcset=\"https:\/\/sergiolapegue.com\/site\/wp-content\/uploads\/2024\/03\/12-Festival-de-Tango-del-Ecunhi-1.jpg 800w, https:\/\/sergiolapegue.com\/site\/wp-content\/uploads\/2024\/03\/12-Festival-de-Tango-del-Ecunhi-1-300x295.jpg 300w, https:\/\/sergiolapegue.com\/site\/wp-content\/uploads\/2024\/03\/12-Festival-de-Tango-del-Ecunhi-1-768x756.jpg 768w, https:\/\/sergiolapegue.com\/site\/wp-content\/uploads\/2024\/03\/12-Festival-de-Tango-del-Ecunhi-1-696x685.jpg 696w\" sizes=\"auto, (max-width: 800px) 100vw, 800px\" \/><\/figure>\n\n\n\n<p>En el Espacio Cultural Nuestros Hijos, de las Madres de Plaza de Mayo, se cre\u00f3 un nuevo polo tanguero para celebrar la vida, el encuentro y la memoria a trav\u00e9s del tango junto a grandes exponentes del g\u00e9nero.<\/p>\n\n\n\n<p>Cada edici\u00f3n se destaca por la conceptualidad. Adem\u00e1s desde el primero, se trat\u00f3 de que existiera un equilibrio en la programaci\u00f3n ( m\u00fasicas\/m\u00fasicos) y tambi\u00e9n entre artistas consagrados por el p\u00fablico, el panorama actual del tango y artistas emergentes.<\/p>\n\n\n\n<p>El Festival , que ya va por su 12\u00aa edici\u00f3n, ofrece gratuitamente cada a\u00f1o y este en particular ,,conciertos, talleres, exhibiciones de danza, cine documental, presentaci\u00f3n de libros, Cabildo Abierto de Tango, pe\u00f1a de cantores.<\/p>\n\n\n\n<p>La programaci\u00f3n del Festival est\u00e1 a cargo de Lucrecia Merico. Susana Rinaldi y Jos\u00e9 Colangelo son los padrinos del Festival.<\/p>\n\n\n\n<p>Gracias Andrea Feiguin de Tehagolaprensa por hacernos llegar la gacetilla de prensa de este excelente Festival.<\/p>\n\n\n\n<p><\/p>\n","protected":false},"excerpt":{"rendered":"<p>Llega el 12\u00b0 Festival de TANGO DEL ECUNHI, s\u00e1bado 06 de abril desde las 16:00 horas en Av. del Libertador 8151, CABA Espacio Memoria Y Derechos Humanos \u2013 Entrada: Bono Contribuci\u00f3n Voluntario. Programa Lucrecia Merico. Presentaci\u00f3n Del Documental &#8220;En Una Esquina De Barracas El Ultimo Arrabal\u201d &#8211; Direcci\u00f3n Liliana Furici. Presentaci\u00f3n Del Libro \u201cQue Siga [&hellip;]<\/p>\n","protected":false},"author":3,"featured_media":13997,"comment_status":"open","ping_status":"closed","sticky":false,"template":"","format":"standard","meta":{"footnotes":""},"categories":[34,37,56],"tags":[],"class_list":{"0":"post-13995","1":"post","2":"type-post","3":"status-publish","4":"format-standard","5":"has-post-thumbnail","7":"category-arte","8":"category-libros","9":"category-musica"},"yoast_head":"<!-- This site is optimized with the Yoast SEO plugin v27.5 - https:\/\/yoast.com\/product\/yoast-seo-wordpress\/ -->\n<title>12\u00b0 FESTIVAL DE TANGO DEL ECUNHI - Sergio Lapegue<\/title>\n<meta name=\"robots\" content=\"index, follow, max-snippet:-1, max-image-preview:large, max-video-preview:-1\" \/>\n<link rel=\"canonical\" href=\"https:\/\/sergiolapegue.com\/site\/2024\/03\/28\/12-festival-de-tango-del-ecunhi\/\" \/>\n<meta property=\"og:locale\" content=\"es_ES\" \/>\n<meta property=\"og:type\" content=\"article\" \/>\n<meta property=\"og:title\" content=\"12\u00b0 FESTIVAL DE TANGO DEL ECUNHI - Sergio Lapegue\" \/>\n<meta property=\"og:description\" content=\"Llega el 12\u00b0 Festival de TANGO DEL ECUNHI, s\u00e1bado 06 de abril desde las 16:00 horas en Av. del Libertador 8151, CABA Espacio Memoria Y Derechos Humanos \u2013 Entrada: Bono Contribuci\u00f3n Voluntario. Programa Lucrecia Merico. Presentaci\u00f3n Del Documental &#8220;En Una Esquina De Barracas El Ultimo Arrabal\u201d &#8211; Direcci\u00f3n Liliana Furici. Presentaci\u00f3n Del Libro \u201cQue Siga [&hellip;]\" \/>\n<meta property=\"og:url\" content=\"https:\/\/sergiolapegue.com\/site\/2024\/03\/28\/12-festival-de-tango-del-ecunhi\/\" \/>\n<meta property=\"og:site_name\" content=\"Sergio Lapegue\" \/>\n<meta property=\"article:publisher\" content=\"https:\/\/facebook.com\/sergiolapegue\" \/>\n<meta property=\"article:author\" content=\"https:\/\/facebook.com\/danielernesto.montana\" \/>\n<meta property=\"article:published_time\" content=\"2024-03-28T21:00:00+00:00\" \/>\n<meta property=\"og:image\" content=\"https:\/\/sergiolapegue.com\/site\/wp-content\/uploads\/2024\/03\/12-Festival-de-Tango-del-Ecunhi.jpg\" \/>\n\t<meta property=\"og:image:width\" content=\"640\" \/>\n\t<meta property=\"og:image:height\" content=\"362\" \/>\n\t<meta property=\"og:image:type\" content=\"image\/jpeg\" \/>\n<meta name=\"author\" content=\"Daniel E. Monta\u00f1a\" \/>\n<meta name=\"twitter:card\" content=\"summary_large_image\" \/>\n<meta name=\"twitter:creator\" content=\"@https:\/\/twitter.com\/daner_004\" \/>\n<meta name=\"twitter:site\" content=\"@sergiolapegue\" \/>\n<meta name=\"twitter:label1\" content=\"Escrito por\" \/>\n\t<meta name=\"twitter:data1\" content=\"Daniel E. Monta\u00f1a\" \/>\n\t<meta name=\"twitter:label2\" content=\"Tiempo de lectura\" \/>\n\t<meta name=\"twitter:data2\" content=\"2 minutos\" \/>\n<script type=\"application\/ld+json\" class=\"yoast-schema-graph\">{\"@context\":\"https:\\\/\\\/schema.org\",\"@graph\":[{\"@type\":\"Article\",\"@id\":\"https:\\\/\\\/sergiolapegue.com\\\/site\\\/2024\\\/03\\\/28\\\/12-festival-de-tango-del-ecunhi\\\/#article\",\"isPartOf\":{\"@id\":\"https:\\\/\\\/sergiolapegue.com\\\/site\\\/2024\\\/03\\\/28\\\/12-festival-de-tango-del-ecunhi\\\/\"},\"author\":{\"name\":\"Daniel E. Monta\u00f1a\",\"@id\":\"https:\\\/\\\/sergiolapegue.com\\\/site\\\/#\\\/schema\\\/person\\\/9198e7dbab43c6d74d0fd5399af7c3cd\"},\"headline\":\"12\u00b0 FESTIVAL DE TANGO DEL ECUNHI\",\"datePublished\":\"2024-03-28T21:00:00+00:00\",\"mainEntityOfPage\":{\"@id\":\"https:\\\/\\\/sergiolapegue.com\\\/site\\\/2024\\\/03\\\/28\\\/12-festival-de-tango-del-ecunhi\\\/\"},\"wordCount\":305,\"commentCount\":0,\"publisher\":{\"@id\":\"https:\\\/\\\/sergiolapegue.com\\\/site\\\/#\\\/schema\\\/person\\\/083aeceeb0734cd166779ea6c0551a37\"},\"image\":{\"@id\":\"https:\\\/\\\/sergiolapegue.com\\\/site\\\/2024\\\/03\\\/28\\\/12-festival-de-tango-del-ecunhi\\\/#primaryimage\"},\"thumbnailUrl\":\"https:\\\/\\\/sergiolapegue.com\\\/site\\\/wp-content\\\/uploads\\\/2024\\\/03\\\/12-Festival-de-Tango-del-Ecunhi.jpg\",\"articleSection\":[\"Arte\",\"Libros\",\"M\u00fasica\"],\"inLanguage\":\"es-AR\",\"potentialAction\":[{\"@type\":\"CommentAction\",\"name\":\"Comment\",\"target\":[\"https:\\\/\\\/sergiolapegue.com\\\/site\\\/2024\\\/03\\\/28\\\/12-festival-de-tango-del-ecunhi\\\/#respond\"]}]},{\"@type\":\"WebPage\",\"@id\":\"https:\\\/\\\/sergiolapegue.com\\\/site\\\/2024\\\/03\\\/28\\\/12-festival-de-tango-del-ecunhi\\\/\",\"url\":\"https:\\\/\\\/sergiolapegue.com\\\/site\\\/2024\\\/03\\\/28\\\/12-festival-de-tango-del-ecunhi\\\/\",\"name\":\"12\u00b0 FESTIVAL DE TANGO DEL ECUNHI - Sergio Lapegue\",\"isPartOf\":{\"@id\":\"https:\\\/\\\/sergiolapegue.com\\\/site\\\/#website\"},\"primaryImageOfPage\":{\"@id\":\"https:\\\/\\\/sergiolapegue.com\\\/site\\\/2024\\\/03\\\/28\\\/12-festival-de-tango-del-ecunhi\\\/#primaryimage\"},\"image\":{\"@id\":\"https:\\\/\\\/sergiolapegue.com\\\/site\\\/2024\\\/03\\\/28\\\/12-festival-de-tango-del-ecunhi\\\/#primaryimage\"},\"thumbnailUrl\":\"https:\\\/\\\/sergiolapegue.com\\\/site\\\/wp-content\\\/uploads\\\/2024\\\/03\\\/12-Festival-de-Tango-del-Ecunhi.jpg\",\"datePublished\":\"2024-03-28T21:00:00+00:00\",\"breadcrumb\":{\"@id\":\"https:\\\/\\\/sergiolapegue.com\\\/site\\\/2024\\\/03\\\/28\\\/12-festival-de-tango-del-ecunhi\\\/#breadcrumb\"},\"inLanguage\":\"es-AR\",\"potentialAction\":[{\"@type\":\"ReadAction\",\"target\":[\"https:\\\/\\\/sergiolapegue.com\\\/site\\\/2024\\\/03\\\/28\\\/12-festival-de-tango-del-ecunhi\\\/\"]}]},{\"@type\":\"ImageObject\",\"inLanguage\":\"es-AR\",\"@id\":\"https:\\\/\\\/sergiolapegue.com\\\/site\\\/2024\\\/03\\\/28\\\/12-festival-de-tango-del-ecunhi\\\/#primaryimage\",\"url\":\"https:\\\/\\\/sergiolapegue.com\\\/site\\\/wp-content\\\/uploads\\\/2024\\\/03\\\/12-Festival-de-Tango-del-Ecunhi.jpg\",\"contentUrl\":\"https:\\\/\\\/sergiolapegue.com\\\/site\\\/wp-content\\\/uploads\\\/2024\\\/03\\\/12-Festival-de-Tango-del-Ecunhi.jpg\",\"width\":640,\"height\":362},{\"@type\":\"BreadcrumbList\",\"@id\":\"https:\\\/\\\/sergiolapegue.com\\\/site\\\/2024\\\/03\\\/28\\\/12-festival-de-tango-del-ecunhi\\\/#breadcrumb\",\"itemListElement\":[{\"@type\":\"ListItem\",\"position\":1,\"name\":\"Inicio\",\"item\":\"https:\\\/\\\/sergiolapegue.com\\\/site\\\/\"},{\"@type\":\"ListItem\",\"position\":2,\"name\":\"12\u00b0 FESTIVAL DE TANGO DEL ECUNHI\"}]},{\"@type\":\"WebSite\",\"@id\":\"https:\\\/\\\/sergiolapegue.com\\\/site\\\/#website\",\"url\":\"https:\\\/\\\/sergiolapegue.com\\\/site\\\/\",\"name\":\"Sergio Lapegue\",\"description\":\"Periodista\",\"publisher\":{\"@id\":\"https:\\\/\\\/sergiolapegue.com\\\/site\\\/#\\\/schema\\\/person\\\/083aeceeb0734cd166779ea6c0551a37\"},\"potentialAction\":[{\"@type\":\"SearchAction\",\"target\":{\"@type\":\"EntryPoint\",\"urlTemplate\":\"https:\\\/\\\/sergiolapegue.com\\\/site\\\/?s={search_term_string}\"},\"query-input\":{\"@type\":\"PropertyValueSpecification\",\"valueRequired\":true,\"valueName\":\"search_term_string\"}}],\"inLanguage\":\"es-AR\"},{\"@type\":[\"Person\",\"Organization\"],\"@id\":\"https:\\\/\\\/sergiolapegue.com\\\/site\\\/#\\\/schema\\\/person\\\/083aeceeb0734cd166779ea6c0551a37\",\"name\":\"Sergio Lapegue\",\"image\":{\"@type\":\"ImageObject\",\"inLanguage\":\"es-AR\",\"@id\":\"https:\\\/\\\/sergiolapegue.com\\\/site\\\/wp-content\\\/uploads\\\/2021\\\/04\\\/logo_header-1.png\",\"url\":\"https:\\\/\\\/sergiolapegue.com\\\/site\\\/wp-content\\\/uploads\\\/2021\\\/04\\\/logo_header-1.png\",\"contentUrl\":\"https:\\\/\\\/sergiolapegue.com\\\/site\\\/wp-content\\\/uploads\\\/2021\\\/04\\\/logo_header-1.png\",\"width\":272,\"height\":90,\"caption\":\"Sergio Lapegue\"},\"logo\":{\"@id\":\"https:\\\/\\\/sergiolapegue.com\\\/site\\\/wp-content\\\/uploads\\\/2021\\\/04\\\/logo_header-1.png\"},\"sameAs\":[\"https:\\\/\\\/facebook.com\\\/sergiolapegue\",\"https:\\\/\\\/instagram.com\\\/sergiolapegue\",\"https:\\\/\\\/x.com\\\/https:\\\/\\\/twitter.com\\\/sergiolapegue\"]},{\"@type\":\"Person\",\"@id\":\"https:\\\/\\\/sergiolapegue.com\\\/site\\\/#\\\/schema\\\/person\\\/9198e7dbab43c6d74d0fd5399af7c3cd\",\"name\":\"Daniel E. Monta\u00f1a\",\"image\":{\"@type\":\"ImageObject\",\"inLanguage\":\"es-AR\",\"@id\":\"https:\\\/\\\/sergiolapegue.com\\\/site\\\/wp-content\\\/uploads\\\/2021\\\/04\\\/sl_avatar_Daniel-150x150.jpg\",\"url\":\"https:\\\/\\\/sergiolapegue.com\\\/site\\\/wp-content\\\/uploads\\\/2021\\\/04\\\/sl_avatar_Daniel-150x150.jpg\",\"contentUrl\":\"https:\\\/\\\/sergiolapegue.com\\\/site\\\/wp-content\\\/uploads\\\/2021\\\/04\\\/sl_avatar_Daniel-150x150.jpg\",\"caption\":\"Daniel E. Monta\u00f1a\"},\"sameAs\":[\"https:\\\/\\\/facebook.com\\\/danielernesto.montana\",\"https:\\\/\\\/instagram.com\\\/daniel_montana1961\",\"https:\\\/\\\/x.com\\\/https:\\\/\\\/twitter.com\\\/daner_004\"],\"url\":\"https:\\\/\\\/sergiolapegue.com\\\/site\\\/author\\\/daniel\\\/\"}]}<\/script>\n<!-- \/ Yoast SEO plugin. -->","yoast_head_json":{"title":"12\u00b0 FESTIVAL DE TANGO DEL ECUNHI - Sergio Lapegue","robots":{"index":"index","follow":"follow","max-snippet":"max-snippet:-1","max-image-preview":"max-image-preview:large","max-video-preview":"max-video-preview:-1"},"canonical":"https:\/\/sergiolapegue.com\/site\/2024\/03\/28\/12-festival-de-tango-del-ecunhi\/","og_locale":"es_ES","og_type":"article","og_title":"12\u00b0 FESTIVAL DE TANGO DEL ECUNHI - Sergio Lapegue","og_description":"Llega el 12\u00b0 Festival de TANGO DEL ECUNHI, s\u00e1bado 06 de abril desde las 16:00 horas en Av. del Libertador 8151, CABA Espacio Memoria Y Derechos Humanos \u2013 Entrada: Bono Contribuci\u00f3n Voluntario. Programa Lucrecia Merico. Presentaci\u00f3n Del Documental &#8220;En Una Esquina De Barracas El Ultimo Arrabal\u201d &#8211; Direcci\u00f3n Liliana Furici. Presentaci\u00f3n Del Libro \u201cQue Siga [&hellip;]","og_url":"https:\/\/sergiolapegue.com\/site\/2024\/03\/28\/12-festival-de-tango-del-ecunhi\/","og_site_name":"Sergio Lapegue","article_publisher":"https:\/\/facebook.com\/sergiolapegue","article_author":"https:\/\/facebook.com\/danielernesto.montana","article_published_time":"2024-03-28T21:00:00+00:00","og_image":[{"width":640,"height":362,"url":"https:\/\/sergiolapegue.com\/site\/wp-content\/uploads\/2024\/03\/12-Festival-de-Tango-del-Ecunhi.jpg","type":"image\/jpeg"}],"author":"Daniel E. Monta\u00f1a","twitter_card":"summary_large_image","twitter_creator":"@https:\/\/twitter.com\/daner_004","twitter_site":"@sergiolapegue","twitter_misc":{"Escrito por":"Daniel E. Monta\u00f1a","Tiempo de lectura":"2 minutos"},"schema":{"@context":"https:\/\/schema.org","@graph":[{"@type":"Article","@id":"https:\/\/sergiolapegue.com\/site\/2024\/03\/28\/12-festival-de-tango-del-ecunhi\/#article","isPartOf":{"@id":"https:\/\/sergiolapegue.com\/site\/2024\/03\/28\/12-festival-de-tango-del-ecunhi\/"},"author":{"name":"Daniel E. Monta\u00f1a","@id":"https:\/\/sergiolapegue.com\/site\/#\/schema\/person\/9198e7dbab43c6d74d0fd5399af7c3cd"},"headline":"12\u00b0 FESTIVAL DE TANGO DEL ECUNHI","datePublished":"2024-03-28T21:00:00+00:00","mainEntityOfPage":{"@id":"https:\/\/sergiolapegue.com\/site\/2024\/03\/28\/12-festival-de-tango-del-ecunhi\/"},"wordCount":305,"commentCount":0,"publisher":{"@id":"https:\/\/sergiolapegue.com\/site\/#\/schema\/person\/083aeceeb0734cd166779ea6c0551a37"},"image":{"@id":"https:\/\/sergiolapegue.com\/site\/2024\/03\/28\/12-festival-de-tango-del-ecunhi\/#primaryimage"},"thumbnailUrl":"https:\/\/sergiolapegue.com\/site\/wp-content\/uploads\/2024\/03\/12-Festival-de-Tango-del-Ecunhi.jpg","articleSection":["Arte","Libros","M\u00fasica"],"inLanguage":"es-AR","potentialAction":[{"@type":"CommentAction","name":"Comment","target":["https:\/\/sergiolapegue.com\/site\/2024\/03\/28\/12-festival-de-tango-del-ecunhi\/#respond"]}]},{"@type":"WebPage","@id":"https:\/\/sergiolapegue.com\/site\/2024\/03\/28\/12-festival-de-tango-del-ecunhi\/","url":"https:\/\/sergiolapegue.com\/site\/2024\/03\/28\/12-festival-de-tango-del-ecunhi\/","name":"12\u00b0 FESTIVAL DE TANGO DEL ECUNHI - Sergio Lapegue","isPartOf":{"@id":"https:\/\/sergiolapegue.com\/site\/#website"},"primaryImageOfPage":{"@id":"https:\/\/sergiolapegue.com\/site\/2024\/03\/28\/12-festival-de-tango-del-ecunhi\/#primaryimage"},"image":{"@id":"https:\/\/sergiolapegue.com\/site\/2024\/03\/28\/12-festival-de-tango-del-ecunhi\/#primaryimage"},"thumbnailUrl":"https:\/\/sergiolapegue.com\/site\/wp-content\/uploads\/2024\/03\/12-Festival-de-Tango-del-Ecunhi.jpg","datePublished":"2024-03-28T21:00:00+00:00","breadcrumb":{"@id":"https:\/\/sergiolapegue.com\/site\/2024\/03\/28\/12-festival-de-tango-del-ecunhi\/#breadcrumb"},"inLanguage":"es-AR","potentialAction":[{"@type":"ReadAction","target":["https:\/\/sergiolapegue.com\/site\/2024\/03\/28\/12-festival-de-tango-del-ecunhi\/"]}]},{"@type":"ImageObject","inLanguage":"es-AR","@id":"https:\/\/sergiolapegue.com\/site\/2024\/03\/28\/12-festival-de-tango-del-ecunhi\/#primaryimage","url":"https:\/\/sergiolapegue.com\/site\/wp-content\/uploads\/2024\/03\/12-Festival-de-Tango-del-Ecunhi.jpg","contentUrl":"https:\/\/sergiolapegue.com\/site\/wp-content\/uploads\/2024\/03\/12-Festival-de-Tango-del-Ecunhi.jpg","width":640,"height":362},{"@type":"BreadcrumbList","@id":"https:\/\/sergiolapegue.com\/site\/2024\/03\/28\/12-festival-de-tango-del-ecunhi\/#breadcrumb","itemListElement":[{"@type":"ListItem","position":1,"name":"Inicio","item":"https:\/\/sergiolapegue.com\/site\/"},{"@type":"ListItem","position":2,"name":"12\u00b0 FESTIVAL DE TANGO DEL ECUNHI"}]},{"@type":"WebSite","@id":"https:\/\/sergiolapegue.com\/site\/#website","url":"https:\/\/sergiolapegue.com\/site\/","name":"Sergio Lapegue","description":"Periodista","publisher":{"@id":"https:\/\/sergiolapegue.com\/site\/#\/schema\/person\/083aeceeb0734cd166779ea6c0551a37"},"potentialAction":[{"@type":"SearchAction","target":{"@type":"EntryPoint","urlTemplate":"https:\/\/sergiolapegue.com\/site\/?s={search_term_string}"},"query-input":{"@type":"PropertyValueSpecification","valueRequired":true,"valueName":"search_term_string"}}],"inLanguage":"es-AR"},{"@type":["Person","Organization"],"@id":"https:\/\/sergiolapegue.com\/site\/#\/schema\/person\/083aeceeb0734cd166779ea6c0551a37","name":"Sergio Lapegue","image":{"@type":"ImageObject","inLanguage":"es-AR","@id":"https:\/\/sergiolapegue.com\/site\/wp-content\/uploads\/2021\/04\/logo_header-1.png","url":"https:\/\/sergiolapegue.com\/site\/wp-content\/uploads\/2021\/04\/logo_header-1.png","contentUrl":"https:\/\/sergiolapegue.com\/site\/wp-content\/uploads\/2021\/04\/logo_header-1.png","width":272,"height":90,"caption":"Sergio Lapegue"},"logo":{"@id":"https:\/\/sergiolapegue.com\/site\/wp-content\/uploads\/2021\/04\/logo_header-1.png"},"sameAs":["https:\/\/facebook.com\/sergiolapegue","https:\/\/instagram.com\/sergiolapegue","https:\/\/x.com\/https:\/\/twitter.com\/sergiolapegue"]},{"@type":"Person","@id":"https:\/\/sergiolapegue.com\/site\/#\/schema\/person\/9198e7dbab43c6d74d0fd5399af7c3cd","name":"Daniel E. Monta\u00f1a","image":{"@type":"ImageObject","inLanguage":"es-AR","@id":"https:\/\/sergiolapegue.com\/site\/wp-content\/uploads\/2021\/04\/sl_avatar_Daniel-150x150.jpg","url":"https:\/\/sergiolapegue.com\/site\/wp-content\/uploads\/2021\/04\/sl_avatar_Daniel-150x150.jpg","contentUrl":"https:\/\/sergiolapegue.com\/site\/wp-content\/uploads\/2021\/04\/sl_avatar_Daniel-150x150.jpg","caption":"Daniel E. Monta\u00f1a"},"sameAs":["https:\/\/facebook.com\/danielernesto.montana","https:\/\/instagram.com\/daniel_montana1961","https:\/\/x.com\/https:\/\/twitter.com\/daner_004"],"url":"https:\/\/sergiolapegue.com\/site\/author\/daniel\/"}]}},"_links":{"self":[{"href":"https:\/\/sergiolapegue.com\/site\/wp-json\/wp\/v2\/posts\/13995","targetHints":{"allow":["GET"]}}],"collection":[{"href":"https:\/\/sergiolapegue.com\/site\/wp-json\/wp\/v2\/posts"}],"about":[{"href":"https:\/\/sergiolapegue.com\/site\/wp-json\/wp\/v2\/types\/post"}],"author":[{"embeddable":true,"href":"https:\/\/sergiolapegue.com\/site\/wp-json\/wp\/v2\/users\/3"}],"replies":[{"embeddable":true,"href":"https:\/\/sergiolapegue.com\/site\/wp-json\/wp\/v2\/comments?post=13995"}],"version-history":[{"count":1,"href":"https:\/\/sergiolapegue.com\/site\/wp-json\/wp\/v2\/posts\/13995\/revisions"}],"predecessor-version":[{"id":13998,"href":"https:\/\/sergiolapegue.com\/site\/wp-json\/wp\/v2\/posts\/13995\/revisions\/13998"}],"wp:featuredmedia":[{"embeddable":true,"href":"https:\/\/sergiolapegue.com\/site\/wp-json\/wp\/v2\/media\/13997"}],"wp:attachment":[{"href":"https:\/\/sergiolapegue.com\/site\/wp-json\/wp\/v2\/media?parent=13995"}],"wp:term":[{"taxonomy":"category","embeddable":true,"href":"https:\/\/sergiolapegue.com\/site\/wp-json\/wp\/v2\/categories?post=13995"},{"taxonomy":"post_tag","embeddable":true,"href":"https:\/\/sergiolapegue.com\/site\/wp-json\/wp\/v2\/tags?post=13995"}],"curies":[{"name":"wp","href":"https:\/\/api.w.org\/{rel}","templated":true}]}}