{"id":13981,"date":"2024-03-27T18:00:00","date_gmt":"2024-03-27T21:00:00","guid":{"rendered":"https:\/\/sergiolapegue.com\/site\/?p=13981"},"modified":"2024-03-27T00:34:12","modified_gmt":"2024-03-27T03:34:12","slug":"el-edificio","status":"publish","type":"post","link":"https:\/\/sergiolapegue.com\/site\/2024\/03\/27\/el-edificio\/","title":{"rendered":"\u201cEL EDIFICIO\u201d"},"content":{"rendered":"\n<p>El 5 de Abril reestrena &#8220;El edificio&#8221;, un unipersonal sobre el atentado a la AMIA, con dramaturgia y direcci\u00f3n de Gustavo Moscona, actuaci\u00f3n de Marcelo Saltal y m\u00fasica en vivo de Cori Guerrero (viol\u00edn). Las funciones ser\u00e1n \u00fanicamente los d\u00edas Viernes de Abril en el Espacio Tole Tole, teatro ubicado en la misma cuadra de la AMIA. Gustavo Moscona, Lic. en Sociolog\u00eda y Ciencias Pol\u00edticas de la UBA, escritor y dramaturgo, presenta \u201cEl edificio\u201d, obra de su autor\u00eda sobre el atentado a la AMIA y la Memoria. A casi 30 a\u00f1os de lo ocurrido y a 40 a\u00f1os de la vuelta a la democracia.<\/p>\n\n\n\n<p><strong>SINOPSIS<\/strong><\/p>\n\n\n\n<p>\u00bfQu\u00e9 pas\u00f3 el 18 de Julio de 1994? \u00bfPuede explotar una bomba en democracia? \u00bfQu\u00e9 significa lo sucedido en la AMIA en la Argentina de hoy? \u00bfHay memoria sobre este tema?<\/p>\n\n\n\n<p><strong>ACERCA DE LA OBRA<\/strong><\/p>\n\n\n\n<p>Es un espect\u00e1culo teatral que trabaja la fusi\u00f3n de teatro, m\u00fasica, imagen, sonido y poes\u00eda, buscando un lenguaje particular que sirva como medio para expresar y darle forma a sentimientos y estados de \u00e1nimos comunes y diferentes. El protagonista de esta obra recupera instantes de una historia en la cual expone su vida en estado puro. Se mezcla inevitablemente su rutina de ser hombre, de ser esposo, padre y argentino. Es as\u00ed como constantemente lo tr\u00e1gico, el absurdo, la crueldad y lo pat\u00e9tico se fusionan. Las escenas se suceden y se relacionan de manera ilusoria, sin contar un relato lineal sino fragmentos de historias que se entremezclan dentro de un todo. El tiempo funciona de manera at\u00edpica: por momentos se detiene, es lento, es r\u00e1pido y casi siempre se diluye la frontera entre el pasado y el presente, entre la vida y la muerte. Gustavo Moscona<\/p>\n\n\n\n<figure class=\"wp-block-image size-full\"><img loading=\"lazy\" decoding=\"async\" width=\"768\" height=\"680\" src=\"https:\/\/sergiolapegue.com\/site\/wp-content\/uploads\/2024\/03\/El-Edificio.jpg\" alt=\"\" class=\"wp-image-13982\" srcset=\"https:\/\/sergiolapegue.com\/site\/wp-content\/uploads\/2024\/03\/El-Edificio.jpg 768w, https:\/\/sergiolapegue.com\/site\/wp-content\/uploads\/2024\/03\/El-Edificio-300x266.jpg 300w, https:\/\/sergiolapegue.com\/site\/wp-content\/uploads\/2024\/03\/El-Edificio-696x616.jpg 696w\" sizes=\"auto, (max-width: 768px) 100vw, 768px\" \/><\/figure>\n\n\n\n<p><strong>FICHA T\u00c9CNICO ART\u00cdSTICA<\/strong><\/p>\n\n\n\n<p><strong>Dramaturgia:<\/strong>&nbsp;Gustavo Moscona<\/p>\n\n\n\n<p><strong>Actuaci\u00f3n:<\/strong>&nbsp;Marcelo Saltal<\/p>\n\n\n\n<p><strong>M\u00fasica en vivo:<\/strong>&nbsp;Cori Guerrero<\/p>\n\n\n\n<p><strong>Escenograf\u00eda:<\/strong>&nbsp;Graciela Pieresko<\/p>\n\n\n\n<p><strong>Asistencia de direcci\u00f3n:<\/strong>&nbsp;Nahuel Peralta<\/p>\n\n\n\n<p><strong>Prensa:<\/strong>&nbsp;Valeria Franchi<\/p>\n\n\n\n<p><strong>Producci\u00f3n:<\/strong>&nbsp;Graciela Pieresko<\/p>\n\n\n\n<p><strong>Direcci\u00f3n:<\/strong>&nbsp;Gustavo Moscona<\/p>\n\n\n\n<p><strong>Redes sociales:<\/strong>&nbsp;Instagram&nbsp;@el.edificio.obra<\/p>\n\n\n\n<p><br><strong>Duraci\u00f3n:<\/strong>&nbsp;50 minutos<\/p>\n\n\n\n<p><strong>Clasificaci\u00f3n:<\/strong> Teatro \u2013 Presencial \u2013 Adultos<\/p>\n\n\n\n<p><strong>ESPACIO TOLE TOLE TEATRO<\/strong><\/p>\n\n\n\n<p>Pasteur 683 \u2013 Capital Federal \u2013 Buenos Aires \u2013 Argentina<\/p>\n\n\n\n<p>Tel\u00e9fono: 3972-4042 \u2013 Web: <a href=\"http:\/\/www.espaciotoletole.com.ar\">http:\/\/www.espaciotoletole.com.ar<\/a><\/p>\n\n\n\n<p>Entradas: $ 5.000 \u2013 en boleter\u00eda del teatro o por Alternativa Teatral &nbsp;<\/p>\n\n\n\n<p>Funciones: Viernes 21:00 horas \u2013 Del 05\/04\/2024 al 26\/04\/2024<\/p>\n\n\n\n<p>Gracias Valeria Franchi por enviarnos la gacetilla de prensa del reestreno de este espect\u00e1culo.<\/p>\n\n\n\n<p><\/p>\n","protected":false},"excerpt":{"rendered":"<p>El 5 de Abril reestrena &#8220;El edificio&#8221;, un unipersonal sobre el atentado a la AMIA, con dramaturgia y direcci\u00f3n de Gustavo Moscona, actuaci\u00f3n de Marcelo Saltal y m\u00fasica en vivo de Cori Guerrero (viol\u00edn). Las funciones ser\u00e1n \u00fanicamente los d\u00edas Viernes de Abril en el Espacio Tole Tole, teatro ubicado en la misma cuadra de [&hellip;]<\/p>\n","protected":false},"author":3,"featured_media":13983,"comment_status":"open","ping_status":"closed","sticky":false,"template":"","format":"standard","meta":{"footnotes":""},"categories":[34,35],"tags":[],"class_list":{"0":"post-13981","1":"post","2":"type-post","3":"status-publish","4":"format-standard","5":"has-post-thumbnail","7":"category-arte","8":"category-teatro"},"yoast_head":"<!-- This site is optimized with the Yoast SEO plugin v27.5 - https:\/\/yoast.com\/product\/yoast-seo-wordpress\/ -->\n<title>\u201cEL EDIFICIO\u201d - Sergio Lapegue<\/title>\n<meta name=\"robots\" content=\"index, follow, max-snippet:-1, max-image-preview:large, max-video-preview:-1\" \/>\n<link rel=\"canonical\" href=\"https:\/\/sergiolapegue.com\/site\/2024\/03\/27\/el-edificio\/\" \/>\n<meta property=\"og:locale\" content=\"es_ES\" \/>\n<meta property=\"og:type\" content=\"article\" \/>\n<meta property=\"og:title\" content=\"\u201cEL EDIFICIO\u201d - Sergio Lapegue\" \/>\n<meta property=\"og:description\" content=\"El 5 de Abril reestrena &#8220;El edificio&#8221;, un unipersonal sobre el atentado a la AMIA, con dramaturgia y direcci\u00f3n de Gustavo Moscona, actuaci\u00f3n de Marcelo Saltal y m\u00fasica en vivo de Cori Guerrero (viol\u00edn). Las funciones ser\u00e1n \u00fanicamente los d\u00edas Viernes de Abril en el Espacio Tole Tole, teatro ubicado en la misma cuadra de [&hellip;]\" \/>\n<meta property=\"og:url\" content=\"https:\/\/sergiolapegue.com\/site\/2024\/03\/27\/el-edificio\/\" \/>\n<meta property=\"og:site_name\" content=\"Sergio Lapegue\" \/>\n<meta property=\"article:publisher\" content=\"https:\/\/facebook.com\/sergiolapegue\" \/>\n<meta property=\"article:author\" content=\"https:\/\/facebook.com\/danielernesto.montana\" \/>\n<meta property=\"article:published_time\" content=\"2024-03-27T21:00:00+00:00\" \/>\n<meta property=\"og:image\" content=\"https:\/\/sergiolapegue.com\/site\/wp-content\/uploads\/2024\/03\/El-Edificio-0.jpg\" \/>\n\t<meta property=\"og:image:width\" content=\"100\" \/>\n\t<meta property=\"og:image:height\" content=\"75\" \/>\n\t<meta property=\"og:image:type\" content=\"image\/jpeg\" \/>\n<meta name=\"author\" content=\"Daniel E. Monta\u00f1a\" \/>\n<meta name=\"twitter:card\" content=\"summary_large_image\" \/>\n<meta name=\"twitter:creator\" content=\"@https:\/\/twitter.com\/daner_004\" \/>\n<meta name=\"twitter:site\" content=\"@sergiolapegue\" \/>\n<meta name=\"twitter:label1\" content=\"Escrito por\" \/>\n\t<meta name=\"twitter:data1\" content=\"Daniel E. Monta\u00f1a\" \/>\n\t<meta name=\"twitter:label2\" content=\"Tiempo de lectura\" \/>\n\t<meta name=\"twitter:data2\" content=\"3 minutos\" \/>\n<script type=\"application\/ld+json\" class=\"yoast-schema-graph\">{\"@context\":\"https:\\\/\\\/schema.org\",\"@graph\":[{\"@type\":\"Article\",\"@id\":\"https:\\\/\\\/sergiolapegue.com\\\/site\\\/2024\\\/03\\\/27\\\/el-edificio\\\/#article\",\"isPartOf\":{\"@id\":\"https:\\\/\\\/sergiolapegue.com\\\/site\\\/2024\\\/03\\\/27\\\/el-edificio\\\/\"},\"author\":{\"name\":\"Daniel E. Monta\u00f1a\",\"@id\":\"https:\\\/\\\/sergiolapegue.com\\\/site\\\/#\\\/schema\\\/person\\\/9198e7dbab43c6d74d0fd5399af7c3cd\"},\"headline\":\"\u201cEL EDIFICIO\u201d\",\"datePublished\":\"2024-03-27T21:00:00+00:00\",\"mainEntityOfPage\":{\"@id\":\"https:\\\/\\\/sergiolapegue.com\\\/site\\\/2024\\\/03\\\/27\\\/el-edificio\\\/\"},\"wordCount\":416,\"commentCount\":0,\"publisher\":{\"@id\":\"https:\\\/\\\/sergiolapegue.com\\\/site\\\/#\\\/schema\\\/person\\\/083aeceeb0734cd166779ea6c0551a37\"},\"image\":{\"@id\":\"https:\\\/\\\/sergiolapegue.com\\\/site\\\/2024\\\/03\\\/27\\\/el-edificio\\\/#primaryimage\"},\"thumbnailUrl\":\"https:\\\/\\\/sergiolapegue.com\\\/site\\\/wp-content\\\/uploads\\\/2024\\\/03\\\/El-Edificio-0.jpg\",\"articleSection\":[\"Arte\",\"Teatro\"],\"inLanguage\":\"es-AR\",\"potentialAction\":[{\"@type\":\"CommentAction\",\"name\":\"Comment\",\"target\":[\"https:\\\/\\\/sergiolapegue.com\\\/site\\\/2024\\\/03\\\/27\\\/el-edificio\\\/#respond\"]}]},{\"@type\":\"WebPage\",\"@id\":\"https:\\\/\\\/sergiolapegue.com\\\/site\\\/2024\\\/03\\\/27\\\/el-edificio\\\/\",\"url\":\"https:\\\/\\\/sergiolapegue.com\\\/site\\\/2024\\\/03\\\/27\\\/el-edificio\\\/\",\"name\":\"\u201cEL EDIFICIO\u201d - Sergio Lapegue\",\"isPartOf\":{\"@id\":\"https:\\\/\\\/sergiolapegue.com\\\/site\\\/#website\"},\"primaryImageOfPage\":{\"@id\":\"https:\\\/\\\/sergiolapegue.com\\\/site\\\/2024\\\/03\\\/27\\\/el-edificio\\\/#primaryimage\"},\"image\":{\"@id\":\"https:\\\/\\\/sergiolapegue.com\\\/site\\\/2024\\\/03\\\/27\\\/el-edificio\\\/#primaryimage\"},\"thumbnailUrl\":\"https:\\\/\\\/sergiolapegue.com\\\/site\\\/wp-content\\\/uploads\\\/2024\\\/03\\\/El-Edificio-0.jpg\",\"datePublished\":\"2024-03-27T21:00:00+00:00\",\"breadcrumb\":{\"@id\":\"https:\\\/\\\/sergiolapegue.com\\\/site\\\/2024\\\/03\\\/27\\\/el-edificio\\\/#breadcrumb\"},\"inLanguage\":\"es-AR\",\"potentialAction\":[{\"@type\":\"ReadAction\",\"target\":[\"https:\\\/\\\/sergiolapegue.com\\\/site\\\/2024\\\/03\\\/27\\\/el-edificio\\\/\"]}]},{\"@type\":\"ImageObject\",\"inLanguage\":\"es-AR\",\"@id\":\"https:\\\/\\\/sergiolapegue.com\\\/site\\\/2024\\\/03\\\/27\\\/el-edificio\\\/#primaryimage\",\"url\":\"https:\\\/\\\/sergiolapegue.com\\\/site\\\/wp-content\\\/uploads\\\/2024\\\/03\\\/El-Edificio-0.jpg\",\"contentUrl\":\"https:\\\/\\\/sergiolapegue.com\\\/site\\\/wp-content\\\/uploads\\\/2024\\\/03\\\/El-Edificio-0.jpg\",\"width\":100,\"height\":75},{\"@type\":\"BreadcrumbList\",\"@id\":\"https:\\\/\\\/sergiolapegue.com\\\/site\\\/2024\\\/03\\\/27\\\/el-edificio\\\/#breadcrumb\",\"itemListElement\":[{\"@type\":\"ListItem\",\"position\":1,\"name\":\"Inicio\",\"item\":\"https:\\\/\\\/sergiolapegue.com\\\/site\\\/\"},{\"@type\":\"ListItem\",\"position\":2,\"name\":\"\u201cEL EDIFICIO\u201d\"}]},{\"@type\":\"WebSite\",\"@id\":\"https:\\\/\\\/sergiolapegue.com\\\/site\\\/#website\",\"url\":\"https:\\\/\\\/sergiolapegue.com\\\/site\\\/\",\"name\":\"Sergio Lapegue\",\"description\":\"Periodista\",\"publisher\":{\"@id\":\"https:\\\/\\\/sergiolapegue.com\\\/site\\\/#\\\/schema\\\/person\\\/083aeceeb0734cd166779ea6c0551a37\"},\"potentialAction\":[{\"@type\":\"SearchAction\",\"target\":{\"@type\":\"EntryPoint\",\"urlTemplate\":\"https:\\\/\\\/sergiolapegue.com\\\/site\\\/?s={search_term_string}\"},\"query-input\":{\"@type\":\"PropertyValueSpecification\",\"valueRequired\":true,\"valueName\":\"search_term_string\"}}],\"inLanguage\":\"es-AR\"},{\"@type\":[\"Person\",\"Organization\"],\"@id\":\"https:\\\/\\\/sergiolapegue.com\\\/site\\\/#\\\/schema\\\/person\\\/083aeceeb0734cd166779ea6c0551a37\",\"name\":\"Sergio Lapegue\",\"image\":{\"@type\":\"ImageObject\",\"inLanguage\":\"es-AR\",\"@id\":\"https:\\\/\\\/sergiolapegue.com\\\/site\\\/wp-content\\\/uploads\\\/2021\\\/04\\\/logo_header-1.png\",\"url\":\"https:\\\/\\\/sergiolapegue.com\\\/site\\\/wp-content\\\/uploads\\\/2021\\\/04\\\/logo_header-1.png\",\"contentUrl\":\"https:\\\/\\\/sergiolapegue.com\\\/site\\\/wp-content\\\/uploads\\\/2021\\\/04\\\/logo_header-1.png\",\"width\":272,\"height\":90,\"caption\":\"Sergio Lapegue\"},\"logo\":{\"@id\":\"https:\\\/\\\/sergiolapegue.com\\\/site\\\/wp-content\\\/uploads\\\/2021\\\/04\\\/logo_header-1.png\"},\"sameAs\":[\"https:\\\/\\\/facebook.com\\\/sergiolapegue\",\"https:\\\/\\\/instagram.com\\\/sergiolapegue\",\"https:\\\/\\\/x.com\\\/https:\\\/\\\/twitter.com\\\/sergiolapegue\"]},{\"@type\":\"Person\",\"@id\":\"https:\\\/\\\/sergiolapegue.com\\\/site\\\/#\\\/schema\\\/person\\\/9198e7dbab43c6d74d0fd5399af7c3cd\",\"name\":\"Daniel E. Monta\u00f1a\",\"image\":{\"@type\":\"ImageObject\",\"inLanguage\":\"es-AR\",\"@id\":\"https:\\\/\\\/sergiolapegue.com\\\/site\\\/wp-content\\\/uploads\\\/2021\\\/04\\\/sl_avatar_Daniel-150x150.jpg\",\"url\":\"https:\\\/\\\/sergiolapegue.com\\\/site\\\/wp-content\\\/uploads\\\/2021\\\/04\\\/sl_avatar_Daniel-150x150.jpg\",\"contentUrl\":\"https:\\\/\\\/sergiolapegue.com\\\/site\\\/wp-content\\\/uploads\\\/2021\\\/04\\\/sl_avatar_Daniel-150x150.jpg\",\"caption\":\"Daniel E. Monta\u00f1a\"},\"sameAs\":[\"https:\\\/\\\/facebook.com\\\/danielernesto.montana\",\"https:\\\/\\\/instagram.com\\\/daniel_montana1961\",\"https:\\\/\\\/x.com\\\/https:\\\/\\\/twitter.com\\\/daner_004\"],\"url\":\"https:\\\/\\\/sergiolapegue.com\\\/site\\\/author\\\/daniel\\\/\"}]}<\/script>\n<!-- \/ Yoast SEO plugin. -->","yoast_head_json":{"title":"\u201cEL EDIFICIO\u201d - Sergio Lapegue","robots":{"index":"index","follow":"follow","max-snippet":"max-snippet:-1","max-image-preview":"max-image-preview:large","max-video-preview":"max-video-preview:-1"},"canonical":"https:\/\/sergiolapegue.com\/site\/2024\/03\/27\/el-edificio\/","og_locale":"es_ES","og_type":"article","og_title":"\u201cEL EDIFICIO\u201d - Sergio Lapegue","og_description":"El 5 de Abril reestrena &#8220;El edificio&#8221;, un unipersonal sobre el atentado a la AMIA, con dramaturgia y direcci\u00f3n de Gustavo Moscona, actuaci\u00f3n de Marcelo Saltal y m\u00fasica en vivo de Cori Guerrero (viol\u00edn). Las funciones ser\u00e1n \u00fanicamente los d\u00edas Viernes de Abril en el Espacio Tole Tole, teatro ubicado en la misma cuadra de [&hellip;]","og_url":"https:\/\/sergiolapegue.com\/site\/2024\/03\/27\/el-edificio\/","og_site_name":"Sergio Lapegue","article_publisher":"https:\/\/facebook.com\/sergiolapegue","article_author":"https:\/\/facebook.com\/danielernesto.montana","article_published_time":"2024-03-27T21:00:00+00:00","og_image":[{"width":100,"height":75,"url":"https:\/\/sergiolapegue.com\/site\/wp-content\/uploads\/2024\/03\/El-Edificio-0.jpg","type":"image\/jpeg"}],"author":"Daniel E. Monta\u00f1a","twitter_card":"summary_large_image","twitter_creator":"@https:\/\/twitter.com\/daner_004","twitter_site":"@sergiolapegue","twitter_misc":{"Escrito por":"Daniel E. Monta\u00f1a","Tiempo de lectura":"3 minutos"},"schema":{"@context":"https:\/\/schema.org","@graph":[{"@type":"Article","@id":"https:\/\/sergiolapegue.com\/site\/2024\/03\/27\/el-edificio\/#article","isPartOf":{"@id":"https:\/\/sergiolapegue.com\/site\/2024\/03\/27\/el-edificio\/"},"author":{"name":"Daniel E. Monta\u00f1a","@id":"https:\/\/sergiolapegue.com\/site\/#\/schema\/person\/9198e7dbab43c6d74d0fd5399af7c3cd"},"headline":"\u201cEL EDIFICIO\u201d","datePublished":"2024-03-27T21:00:00+00:00","mainEntityOfPage":{"@id":"https:\/\/sergiolapegue.com\/site\/2024\/03\/27\/el-edificio\/"},"wordCount":416,"commentCount":0,"publisher":{"@id":"https:\/\/sergiolapegue.com\/site\/#\/schema\/person\/083aeceeb0734cd166779ea6c0551a37"},"image":{"@id":"https:\/\/sergiolapegue.com\/site\/2024\/03\/27\/el-edificio\/#primaryimage"},"thumbnailUrl":"https:\/\/sergiolapegue.com\/site\/wp-content\/uploads\/2024\/03\/El-Edificio-0.jpg","articleSection":["Arte","Teatro"],"inLanguage":"es-AR","potentialAction":[{"@type":"CommentAction","name":"Comment","target":["https:\/\/sergiolapegue.com\/site\/2024\/03\/27\/el-edificio\/#respond"]}]},{"@type":"WebPage","@id":"https:\/\/sergiolapegue.com\/site\/2024\/03\/27\/el-edificio\/","url":"https:\/\/sergiolapegue.com\/site\/2024\/03\/27\/el-edificio\/","name":"\u201cEL EDIFICIO\u201d - Sergio Lapegue","isPartOf":{"@id":"https:\/\/sergiolapegue.com\/site\/#website"},"primaryImageOfPage":{"@id":"https:\/\/sergiolapegue.com\/site\/2024\/03\/27\/el-edificio\/#primaryimage"},"image":{"@id":"https:\/\/sergiolapegue.com\/site\/2024\/03\/27\/el-edificio\/#primaryimage"},"thumbnailUrl":"https:\/\/sergiolapegue.com\/site\/wp-content\/uploads\/2024\/03\/El-Edificio-0.jpg","datePublished":"2024-03-27T21:00:00+00:00","breadcrumb":{"@id":"https:\/\/sergiolapegue.com\/site\/2024\/03\/27\/el-edificio\/#breadcrumb"},"inLanguage":"es-AR","potentialAction":[{"@type":"ReadAction","target":["https:\/\/sergiolapegue.com\/site\/2024\/03\/27\/el-edificio\/"]}]},{"@type":"ImageObject","inLanguage":"es-AR","@id":"https:\/\/sergiolapegue.com\/site\/2024\/03\/27\/el-edificio\/#primaryimage","url":"https:\/\/sergiolapegue.com\/site\/wp-content\/uploads\/2024\/03\/El-Edificio-0.jpg","contentUrl":"https:\/\/sergiolapegue.com\/site\/wp-content\/uploads\/2024\/03\/El-Edificio-0.jpg","width":100,"height":75},{"@type":"BreadcrumbList","@id":"https:\/\/sergiolapegue.com\/site\/2024\/03\/27\/el-edificio\/#breadcrumb","itemListElement":[{"@type":"ListItem","position":1,"name":"Inicio","item":"https:\/\/sergiolapegue.com\/site\/"},{"@type":"ListItem","position":2,"name":"\u201cEL EDIFICIO\u201d"}]},{"@type":"WebSite","@id":"https:\/\/sergiolapegue.com\/site\/#website","url":"https:\/\/sergiolapegue.com\/site\/","name":"Sergio Lapegue","description":"Periodista","publisher":{"@id":"https:\/\/sergiolapegue.com\/site\/#\/schema\/person\/083aeceeb0734cd166779ea6c0551a37"},"potentialAction":[{"@type":"SearchAction","target":{"@type":"EntryPoint","urlTemplate":"https:\/\/sergiolapegue.com\/site\/?s={search_term_string}"},"query-input":{"@type":"PropertyValueSpecification","valueRequired":true,"valueName":"search_term_string"}}],"inLanguage":"es-AR"},{"@type":["Person","Organization"],"@id":"https:\/\/sergiolapegue.com\/site\/#\/schema\/person\/083aeceeb0734cd166779ea6c0551a37","name":"Sergio Lapegue","image":{"@type":"ImageObject","inLanguage":"es-AR","@id":"https:\/\/sergiolapegue.com\/site\/wp-content\/uploads\/2021\/04\/logo_header-1.png","url":"https:\/\/sergiolapegue.com\/site\/wp-content\/uploads\/2021\/04\/logo_header-1.png","contentUrl":"https:\/\/sergiolapegue.com\/site\/wp-content\/uploads\/2021\/04\/logo_header-1.png","width":272,"height":90,"caption":"Sergio Lapegue"},"logo":{"@id":"https:\/\/sergiolapegue.com\/site\/wp-content\/uploads\/2021\/04\/logo_header-1.png"},"sameAs":["https:\/\/facebook.com\/sergiolapegue","https:\/\/instagram.com\/sergiolapegue","https:\/\/x.com\/https:\/\/twitter.com\/sergiolapegue"]},{"@type":"Person","@id":"https:\/\/sergiolapegue.com\/site\/#\/schema\/person\/9198e7dbab43c6d74d0fd5399af7c3cd","name":"Daniel E. Monta\u00f1a","image":{"@type":"ImageObject","inLanguage":"es-AR","@id":"https:\/\/sergiolapegue.com\/site\/wp-content\/uploads\/2021\/04\/sl_avatar_Daniel-150x150.jpg","url":"https:\/\/sergiolapegue.com\/site\/wp-content\/uploads\/2021\/04\/sl_avatar_Daniel-150x150.jpg","contentUrl":"https:\/\/sergiolapegue.com\/site\/wp-content\/uploads\/2021\/04\/sl_avatar_Daniel-150x150.jpg","caption":"Daniel E. Monta\u00f1a"},"sameAs":["https:\/\/facebook.com\/danielernesto.montana","https:\/\/instagram.com\/daniel_montana1961","https:\/\/x.com\/https:\/\/twitter.com\/daner_004"],"url":"https:\/\/sergiolapegue.com\/site\/author\/daniel\/"}]}},"_links":{"self":[{"href":"https:\/\/sergiolapegue.com\/site\/wp-json\/wp\/v2\/posts\/13981","targetHints":{"allow":["GET"]}}],"collection":[{"href":"https:\/\/sergiolapegue.com\/site\/wp-json\/wp\/v2\/posts"}],"about":[{"href":"https:\/\/sergiolapegue.com\/site\/wp-json\/wp\/v2\/types\/post"}],"author":[{"embeddable":true,"href":"https:\/\/sergiolapegue.com\/site\/wp-json\/wp\/v2\/users\/3"}],"replies":[{"embeddable":true,"href":"https:\/\/sergiolapegue.com\/site\/wp-json\/wp\/v2\/comments?post=13981"}],"version-history":[{"count":1,"href":"https:\/\/sergiolapegue.com\/site\/wp-json\/wp\/v2\/posts\/13981\/revisions"}],"predecessor-version":[{"id":13984,"href":"https:\/\/sergiolapegue.com\/site\/wp-json\/wp\/v2\/posts\/13981\/revisions\/13984"}],"wp:featuredmedia":[{"embeddable":true,"href":"https:\/\/sergiolapegue.com\/site\/wp-json\/wp\/v2\/media\/13983"}],"wp:attachment":[{"href":"https:\/\/sergiolapegue.com\/site\/wp-json\/wp\/v2\/media?parent=13981"}],"wp:term":[{"taxonomy":"category","embeddable":true,"href":"https:\/\/sergiolapegue.com\/site\/wp-json\/wp\/v2\/categories?post=13981"},{"taxonomy":"post_tag","embeddable":true,"href":"https:\/\/sergiolapegue.com\/site\/wp-json\/wp\/v2\/tags?post=13981"}],"curies":[{"name":"wp","href":"https:\/\/api.w.org\/{rel}","templated":true}]}}