{"id":13914,"date":"2024-03-24T06:00:00","date_gmt":"2024-03-24T09:00:00","guid":{"rendered":"https:\/\/sergiolapegue.com\/site\/?p=13914"},"modified":"2024-03-23T00:43:08","modified_gmt":"2024-03-23T03:43:08","slug":"fausto-tragedia-musical","status":"publish","type":"post","link":"https:\/\/sergiolapegue.com\/site\/2024\/03\/24\/fausto-tragedia-musical\/","title":{"rendered":"FAUSTO, TRAGEDIA MUSICAL"},"content":{"rendered":"\n<p>Luego de una primera temporada a sala llena, en abril llega la segunda temporada de \u201cFausto\u201d (Tragedia&nbsp;\u271f&nbsp;Musical), es una fascinante adaptaci\u00f3n al teatro musical del cl\u00e1sico Fausto, del autor alem\u00e1n Johann Wolfgang Von Goethe, que se sumerge en un universo de pasi\u00f3n y muerte.<\/p>\n\n\n\n<figure class=\"wp-block-image size-large\"><img loading=\"lazy\" decoding=\"async\" width=\"1024\" height=\"718\" src=\"https:\/\/sergiolapegue.com\/site\/wp-content\/uploads\/2024\/03\/Fausto-Tragedia-musical-2-1024x718.jpg\" alt=\"\" class=\"wp-image-13915\" srcset=\"https:\/\/sergiolapegue.com\/site\/wp-content\/uploads\/2024\/03\/Fausto-Tragedia-musical-2-1024x718.jpg 1024w, https:\/\/sergiolapegue.com\/site\/wp-content\/uploads\/2024\/03\/Fausto-Tragedia-musical-2-300x210.jpg 300w, https:\/\/sergiolapegue.com\/site\/wp-content\/uploads\/2024\/03\/Fausto-Tragedia-musical-2-768x538.jpg 768w, https:\/\/sergiolapegue.com\/site\/wp-content\/uploads\/2024\/03\/Fausto-Tragedia-musical-2-1536x1076.jpg 1536w, https:\/\/sergiolapegue.com\/site\/wp-content\/uploads\/2024\/03\/Fausto-Tragedia-musical-2-2048x1435.jpg 2048w, https:\/\/sergiolapegue.com\/site\/wp-content\/uploads\/2024\/03\/Fausto-Tragedia-musical-2-696x488.jpg 696w, https:\/\/sergiolapegue.com\/site\/wp-content\/uploads\/2024\/03\/Fausto-Tragedia-musical-2-1068x748.jpg 1068w, https:\/\/sergiolapegue.com\/site\/wp-content\/uploads\/2024\/03\/Fausto-Tragedia-musical-2-1920x1346.jpg 1920w\" sizes=\"auto, (max-width: 1024px) 100vw, 1024px\" \/><\/figure>\n\n\n\n<p><strong>SINOPSIS<br><\/strong>La historia gira en torno a Fausto, un hombre sediento de conocimiento y poder, que establece un trascendental pacto con Mefist\u00f3feles, un enigm\u00e1tico ser que lo llevar\u00e1 a trav\u00e9s de un viaje lleno de consecuencias impredecibles. En la noche de Walpurgis la bruja Lilith, figura proveniente de la tradici\u00f3n jud\u00eda se une al diablo, convirti\u00e9ndose en la madre de los demonios y arrastrando al protagonista en una trampa mortal.\u00a0\u00a0 En esta perturbadora historia, Fausto se enfrenta a dilemas morales y cuestiona los l\u00edmites de la ambici\u00f3n humana. La tragedia se avecina, en esa noche pagana, al encontrarse con una joven p\u00fadica. La virginal Gretchen representa la inocencia, el contraste entre el mundo humano y lo sobrenatural, entre la fe y la duda. A medida que su pacto con Mefist\u00f3feles se desarrolla, Fausto descubre que el precio de la sabidur\u00eda, la juventud eterna y el poder puede ser m\u00e1s alto de lo que imaginaba. La narrativa se sumergir\u00e1 en la complejidad del alma humana y har\u00e1 cuestionar las decisiones que tomamos en nombre de nuestros deseos m\u00e1s profundos.<\/p>\n\n\n\n<figure class=\"wp-block-image size-large\"><img loading=\"lazy\" decoding=\"async\" width=\"1024\" height=\"745\" src=\"https:\/\/sergiolapegue.com\/site\/wp-content\/uploads\/2024\/03\/Fausto-Tragedia-musical-1-1024x745.jpg\" alt=\"\" class=\"wp-image-13916\" srcset=\"https:\/\/sergiolapegue.com\/site\/wp-content\/uploads\/2024\/03\/Fausto-Tragedia-musical-1-1024x745.jpg 1024w, https:\/\/sergiolapegue.com\/site\/wp-content\/uploads\/2024\/03\/Fausto-Tragedia-musical-1-300x218.jpg 300w, https:\/\/sergiolapegue.com\/site\/wp-content\/uploads\/2024\/03\/Fausto-Tragedia-musical-1-768x558.jpg 768w, https:\/\/sergiolapegue.com\/site\/wp-content\/uploads\/2024\/03\/Fausto-Tragedia-musical-1-1536x1117.jpg 1536w, https:\/\/sergiolapegue.com\/site\/wp-content\/uploads\/2024\/03\/Fausto-Tragedia-musical-1-2048x1489.jpg 2048w, https:\/\/sergiolapegue.com\/site\/wp-content\/uploads\/2024\/03\/Fausto-Tragedia-musical-1-696x506.jpg 696w, https:\/\/sergiolapegue.com\/site\/wp-content\/uploads\/2024\/03\/Fausto-Tragedia-musical-1-1068x777.jpg 1068w, https:\/\/sergiolapegue.com\/site\/wp-content\/uploads\/2024\/03\/Fausto-Tragedia-musical-1-1920x1396.jpg 1920w\" sizes=\"auto, (max-width: 1024px) 100vw, 1024px\" \/><\/figure>\n\n\n\n<p><strong>FICHA T\u00c9CNICO ART\u00cdSTICA<\/strong><\/p>\n\n\n\n<p><strong>Dramaturgia:<\/strong>&nbsp;Joaqu\u00edn Stringa<\/p>\n\n\n\n<p><strong>Interpretes: <\/strong>Charley Rappaport como Fausto<\/p>\n\n\n\n<p>\u00a0\u00a0\u00a0\u00a0\u00a0\u00a0\u00a0\u00a0\u00a0\u00a0\u00a0\u00a0\u00a0\u00a0 \u00a0\u00a0\u00a0\u00a0\u00a0 Emmanuel Degracia como Mefist\u00f3feles<\/p>\n\n\n\n<p>\u00a0\u00a0\u00a0\u00a0\u00a0\u00a0\u00a0\u00a0\u00a0\u00a0\u00a0\u00a0\u00a0\u00a0\u00a0\u00a0\u00a0\u00a0\u00a0\u00a0 Maia Barrio como Gretchen<\/p>\n\n\n\n<p>\u00a0\u00a0\u00a0\u00a0\u00a0\u00a0\u00a0\u00a0\u00a0\u00a0\u00a0\u00a0\u00a0\u00a0\u00a0\u00a0\u00a0\u00a0\u00a0\u00a0 Aimar\u00e1 V\u00e1zquez como Lilith<\/p>\n\n\n\n<p><strong>Letras de canciones y material adicional:<\/strong>&nbsp;Gast\u00f3n Brian Gliksztein<\/p>\n\n\n\n<p><strong>M\u00fasica Original:<\/strong>&nbsp;Ale Dolina<\/p>\n\n\n\n<p><strong>Arreglos Vocales\/Corales:<\/strong>&nbsp;Ale Dolina<\/p>\n\n\n\n<p><strong>Direcci\u00f3n Musical:<\/strong>&nbsp;Dami\u00e1n Henquin<\/p>\n\n\n\n<p><strong>Piano:<\/strong>&nbsp;Dami\u00e1n Henquin<\/p>\n\n\n\n<p><strong>Cello:<\/strong>&nbsp;Valeria T\u00e1rtara<\/p>\n\n\n\n<p><strong>Coro<\/strong>&nbsp;(Lilim, S\u00facubos): Diego Soler- Evgenia Lisina- Aldana Gribnicow-<\/p>\n\n\n\n<p><strong>Puesta Coreogr\u00e1fica:<\/strong>&nbsp;Agus Cumba<\/p>\n\n\n\n<p><strong>Dise\u00f1o de Luces:<\/strong>&nbsp;Gast\u00f3n Brian Gliksztein<\/p>\n\n\n\n<p><strong>Vestuario:<\/strong>&nbsp;Carla Liguori<\/p>\n\n\n\n<p><strong>Fotograf\u00edas:<\/strong>&nbsp;Marcela Russarabian<\/p>\n\n\n\n<p><strong>Prensa:<\/strong>&nbsp;Natalia Bocca<\/p>\n\n\n\n<p><strong>Identidad Grafica:<\/strong>&nbsp;Wilfredo Parra<\/p>\n\n\n\n<p><strong>Producci\u00f3n Ejecutiva:<\/strong>&nbsp;Gast\u00f3n Brian Gliksztein<\/p>\n\n\n\n<p><strong>Puesta en escena:<\/strong> Gast\u00f3n Brian Gliksztein<\/p>\n\n\n\n<p><strong>Direcci\u00f3n General:<\/strong>&nbsp;Gast\u00f3n Brian Gliksztein<\/p>\n\n\n\n<p><strong>Duraci\u00f3n:&nbsp;<\/strong>65 minutos<\/p>\n\n\n\n<p><strong>Clasificaci\u00f3n:<\/strong> Teatro \u2013 Presencial \u2013 Adultos \u2013 Musical &nbsp;<strong>&nbsp;<\/strong><\/p>\n\n\n\n<figure class=\"wp-block-image size-large\"><img loading=\"lazy\" decoding=\"async\" width=\"721\" height=\"1024\" src=\"https:\/\/sergiolapegue.com\/site\/wp-content\/uploads\/2024\/03\/Fausto-Tragedia-musical-3-721x1024.jpg\" alt=\"\" class=\"wp-image-13917\" srcset=\"https:\/\/sergiolapegue.com\/site\/wp-content\/uploads\/2024\/03\/Fausto-Tragedia-musical-3-721x1024.jpg 721w, https:\/\/sergiolapegue.com\/site\/wp-content\/uploads\/2024\/03\/Fausto-Tragedia-musical-3-211x300.jpg 211w, https:\/\/sergiolapegue.com\/site\/wp-content\/uploads\/2024\/03\/Fausto-Tragedia-musical-3-768x1090.jpg 768w, https:\/\/sergiolapegue.com\/site\/wp-content\/uploads\/2024\/03\/Fausto-Tragedia-musical-3-1082x1536.jpg 1082w, https:\/\/sergiolapegue.com\/site\/wp-content\/uploads\/2024\/03\/Fausto-Tragedia-musical-3-1443x2048.jpg 1443w, https:\/\/sergiolapegue.com\/site\/wp-content\/uploads\/2024\/03\/Fausto-Tragedia-musical-3-696x988.jpg 696w, https:\/\/sergiolapegue.com\/site\/wp-content\/uploads\/2024\/03\/Fausto-Tragedia-musical-3-1068x1516.jpg 1068w, https:\/\/sergiolapegue.com\/site\/wp-content\/uploads\/2024\/03\/Fausto-Tragedia-musical-3-1920x2725.jpg 1920w, https:\/\/sergiolapegue.com\/site\/wp-content\/uploads\/2024\/03\/Fausto-Tragedia-musical-3-scaled.jpg 1804w\" sizes=\"auto, (max-width: 721px) 100vw, 721px\" \/><\/figure>\n\n\n\n<p><strong>\u00cdTACA COMPLEJO TEATRAL<\/strong><\/p>\n\n\n\n<p>Humahuaca 4027 \u2013 Capital Federal \u2013 Buenos Aires \u2013 Argentina<\/p>\n\n\n\n<p>Tel\u00e9fono: 7549-3926<\/p>\n\n\n\n<p>Entradas: $ 9.000 \u2013 en boleter\u00eda del teatro o por Alternativa Teatral \u2013 Link:<\/p>\n\n\n\n<p><a href=\"https:\/\/publico.alternativateatral.com\/entradas88534-fausto-tragedia-musical?o=14\">https:\/\/publico.alternativateatral.com\/entradas88534-fausto-tragedia-musical?o=14<\/a><\/p>\n\n\n\n<p>Funciones: Mi\u00e9rcoles 21:00 horas \u2013 Del 03\/04\/2024 al 29\/05\/2024 &nbsp;<\/p>\n\n\n\n<p>Gracias Natalia Bocca por acercarnos la gacetilla de prensa del estreno de este fascinante espect\u00e1culo musical.<\/p>\n\n\n\n<figure class=\"wp-block-image size-full is-resized\"><img loading=\"lazy\" decoding=\"async\" width=\"750\" height=\"750\" src=\"https:\/\/sergiolapegue.com\/site\/wp-content\/uploads\/2024\/03\/Fausto-Tragedia-musical-Joaquin-Stringa.jpg\" alt=\"\" class=\"wp-image-13918\" style=\"width:270px;height:auto\" srcset=\"https:\/\/sergiolapegue.com\/site\/wp-content\/uploads\/2024\/03\/Fausto-Tragedia-musical-Joaquin-Stringa.jpg 750w, https:\/\/sergiolapegue.com\/site\/wp-content\/uploads\/2024\/03\/Fausto-Tragedia-musical-Joaquin-Stringa-300x300.jpg 300w, https:\/\/sergiolapegue.com\/site\/wp-content\/uploads\/2024\/03\/Fausto-Tragedia-musical-Joaquin-Stringa-150x150.jpg 150w, https:\/\/sergiolapegue.com\/site\/wp-content\/uploads\/2024\/03\/Fausto-Tragedia-musical-Joaquin-Stringa-696x696.jpg 696w\" sizes=\"auto, (max-width: 750px) 100vw, 750px\" \/><\/figure>\n\n\n\n<p><strong>SOBRE JOAQU\u00cdN STRINGA \u2013 Autor<\/strong><\/p>\n\n\n\n<p>Periodista, guionista, autor teatral, conductor de televisi\u00f3n y productor de espect\u00e1culos. Joaqu\u00edn Stringa es una persona que cubre un amplio abanico dentro de la producci\u00f3n, la comunicaci\u00f3n y la puesta en marcha de diferentes tipos de proyectos art\u00edsticos. Profesor de la c\u00e1tedra de Pr\u00e1ctica Integral de Televisi\u00f3n y&nbsp;de Teor\u00edas de la Comunicaci\u00f3n (\u00c9ter). Como guionista cinematogr\u00e1fico destacamos: &#8220;La Sesi\u00f3n&nbsp;de Iara&#8221; (Streaming en vivo), &#8220;El Caballero Inmaculado&#8221; (Canal Orbe 21), &#8220;Diego y Josefina&#8221; (Serie de animaci\u00f3n infantil), &#8220;Tan Paki&#8221; (Podcast en Radio TrendTopic)&nbsp;y los documentales&nbsp;Menucos, el viento en la cara e Historia de la inmigraci\u00f3n argentina entre otros.&nbsp;Como Dramaturgo destacamos: &#8220;Historia de amor bajo la lluvia&#8221;, &#8220;Brochero&#8221;, &#8220;Invicto&#8221;, &#8220;El Extra\u00f1o Caso del Doctor Jekyll y el Se\u00f1or Hyde&#8221;,&nbsp;&#8220;La Ca\u00edda de la Casa Usher&#8221; y &#8220;Mujercitas Argentinas&#8221;.<\/p>\n\n\n\n<figure class=\"wp-block-image size-large is-resized\"><img loading=\"lazy\" decoding=\"async\" width=\"1024\" height=\"1024\" src=\"https:\/\/sergiolapegue.com\/site\/wp-content\/uploads\/2024\/03\/Fausto-Tragedia-musical-Ale-Dolina-1024x1024.jpg\" alt=\"\" class=\"wp-image-13919\" style=\"width:273px;height:auto\" srcset=\"https:\/\/sergiolapegue.com\/site\/wp-content\/uploads\/2024\/03\/Fausto-Tragedia-musical-Ale-Dolina-1024x1024.jpg 1024w, https:\/\/sergiolapegue.com\/site\/wp-content\/uploads\/2024\/03\/Fausto-Tragedia-musical-Ale-Dolina-300x300.jpg 300w, https:\/\/sergiolapegue.com\/site\/wp-content\/uploads\/2024\/03\/Fausto-Tragedia-musical-Ale-Dolina-150x150.jpg 150w, https:\/\/sergiolapegue.com\/site\/wp-content\/uploads\/2024\/03\/Fausto-Tragedia-musical-Ale-Dolina-768x768.jpg 768w, https:\/\/sergiolapegue.com\/site\/wp-content\/uploads\/2024\/03\/Fausto-Tragedia-musical-Ale-Dolina-1536x1536.jpg 1536w, https:\/\/sergiolapegue.com\/site\/wp-content\/uploads\/2024\/03\/Fausto-Tragedia-musical-Ale-Dolina-2048x2048.jpg 2048w, https:\/\/sergiolapegue.com\/site\/wp-content\/uploads\/2024\/03\/Fausto-Tragedia-musical-Ale-Dolina-696x696.jpg 696w, https:\/\/sergiolapegue.com\/site\/wp-content\/uploads\/2024\/03\/Fausto-Tragedia-musical-Ale-Dolina-1068x1068.jpg 1068w, https:\/\/sergiolapegue.com\/site\/wp-content\/uploads\/2024\/03\/Fausto-Tragedia-musical-Ale-Dolina-1920x1920.jpg 1920w\" sizes=\"auto, (max-width: 1024px) 100vw, 1024px\" \/><\/figure>\n\n\n\n<p><strong>SOBRE ALE DOLINA \u2013 M\u00fasica original<\/strong><\/p>\n\n\n\n<p>Compositor.\u00a0M\u00fasico argentino que se gradu\u00f3 en Composici\u00f3n en la UCA. Es integrante del sexteto vocal Cabernet, con el que ha grabado cuatro discos y ganado un premio del Fondo Nacional de las Artes. Ha colaborado con reconocidos artistas como Mercedes Sosa, Silvio Rodr\u00edguez, Les Luthiers, entre otros.\u00a0 Con Alejandro Dolina realiz\u00f3 las siguientes participaciones:\u00a0La representaci\u00f3n teatral de la opereta Lo que me cost\u00f3 el amor de Laura, en el Teatro Avenida y Teatro Argentino de La Plata (cantante).\u00a0Radio cine (Planeta): (libro + CD \u2013 cantante).\u00a0Bar del infierno: (programa de TV y posterior obra de teatro \u2013 cantante, arreglador y direcci\u00f3n vocal). La obra de teatro fue representada con \u00e9xito en toda la Argentina, Montevideo, Sevilla, Madrid y Granada.\u00a0Actualmente, participa del bloque de m\u00fasica en vivo del programa de radio La Venganza Ser\u00e1 Terrible (Radio Am750, Fm Del Sol en Uruguay), como cantante, bajista y arreglador. Con dicho programa, se ha presentado en los m\u00e1s importantes escenarios de la Argentina, y ha sido parte de las giras internacionales (Espa\u00f1a, Francia, Italia, Uruguay).\u00a0Trabaj\u00f3 como productor musical en el film El Arca (2007), de Juan Pablo Buscarini, ganadora del \u201cC\u00f3ndor de Plata\u201d a la mejor pel\u00edcula animada.\u00a0Ha compuesto m\u00fasica original para diversas producciones audiovisuales, algunas dirigidas por Juan Jos\u00e9 Campanella. Tambi\u00e9n ha creado m\u00fasica para obras de teatro como \u201cInvicto\u201d , \u201cEl Extra\u00f1o Caso del doctor Jekyll y el Se\u00f1or Hyde\u201d, \u201cLa Ca\u00edda de la Casa Usher\u201d y \u201cMujercitas Argentinas\u201d<\/p>\n\n\n\n<figure class=\"wp-block-image size-large is-resized\"><img loading=\"lazy\" decoding=\"async\" width=\"1024\" height=\"796\" src=\"https:\/\/sergiolapegue.com\/site\/wp-content\/uploads\/2024\/03\/Fausto-Tragedia-musical-Gaston-Brian-Gliksztein-1024x796.png\" alt=\"\" class=\"wp-image-13920\" style=\"width:270px;height:auto\" srcset=\"https:\/\/sergiolapegue.com\/site\/wp-content\/uploads\/2024\/03\/Fausto-Tragedia-musical-Gaston-Brian-Gliksztein-1024x796.png 1024w, https:\/\/sergiolapegue.com\/site\/wp-content\/uploads\/2024\/03\/Fausto-Tragedia-musical-Gaston-Brian-Gliksztein-300x233.png 300w, https:\/\/sergiolapegue.com\/site\/wp-content\/uploads\/2024\/03\/Fausto-Tragedia-musical-Gaston-Brian-Gliksztein-768x597.png 768w, https:\/\/sergiolapegue.com\/site\/wp-content\/uploads\/2024\/03\/Fausto-Tragedia-musical-Gaston-Brian-Gliksztein-696x541.png 696w, https:\/\/sergiolapegue.com\/site\/wp-content\/uploads\/2024\/03\/Fausto-Tragedia-musical-Gaston-Brian-Gliksztein-1068x830.png 1068w, https:\/\/sergiolapegue.com\/site\/wp-content\/uploads\/2024\/03\/Fausto-Tragedia-musical-Gaston-Brian-Gliksztein.png 1175w\" sizes=\"auto, (max-width: 1024px) 100vw, 1024px\" \/><\/figure>\n\n\n\n<p><strong>SOBRE GAST\u00d3N BRIAN GLIKSZTEIN \u2013 Director<\/strong><\/p>\n\n\n\n<p>Es actor, cantante, director, dramaturgo, productor y especialista\u00a0en historia del teatro musical. Se desempe\u00f1a como cantor lit\u00fargico en las sinagogas m\u00e1s\u00a0importantes de Buenos Aires y como docente y gestor cultural en\u00a0instituciones jud\u00edas, destac\u00e1ndose su labor para AMIA Cultura. Es el director de la p\u00e1gina \u201cSonidos de Broadway\u201d y conductor del\u00a0programa hom\u00f3nimo en Radio Tu, la radio de APTRA. Su primer musical \u201cEl hijo pr\u00f3digo \u2014\u00f3pera rock\u2014\u201d, junto a\u00a0Santiago Lusardi con m\u00e1s de veinticinco artistas en escena marc\u00f3\u00a0el comienzo de su carrera como dramaturgo.\u00a0Le sigui\u00f3 el musical infantil \u201cIeladim Sakranim\u201d, primera comedia musical en hebreo\u00a0con fines did\u00e1cticos. Se ha desempe\u00f1ado como autor, director de espect\u00e1culos\u00a0originales de AMIA Cultura, destac\u00e1ndose la puesta de\u00a0\u201cPrinsengracht 263 \u2014 la casa de atr\u00e1s\u201d, estrenada en el auditorio\u00a0de AMIA en 2019 y luego llevada al circuito teatral comercial. En 2023 lleg\u00f3 al Teatro Apolo de calle Corrientes con El Golem de Praga (Opera\u00a0Klezmer) de su autor\u00eda junto a Mat\u00edas Linetzky. Es coautor y director de los musicales argentinos \u201cEl Extra\u00f1o caso del\u00a0Doctor Jekyll y el Se\u00f1or Hyde. \u201dLa ca\u00edda de la casa Usher\u201d y \u201cMujercitas Argentinas\u201d<\/p>\n\n\n\n<p><\/p>\n","protected":false},"excerpt":{"rendered":"<p>Luego de una primera temporada a sala llena, en abril llega la segunda temporada de \u201cFausto\u201d (Tragedia&nbsp;\u271f&nbsp;Musical), es una fascinante adaptaci\u00f3n al teatro musical del cl\u00e1sico Fausto, del autor alem\u00e1n Johann Wolfgang Von Goethe, que se sumerge en un universo de pasi\u00f3n y muerte. SINOPSISLa historia gira en torno a Fausto, un hombre sediento de [&hellip;]<\/p>\n","protected":false},"author":3,"featured_media":13921,"comment_status":"open","ping_status":"closed","sticky":false,"template":"","format":"standard","meta":{"footnotes":""},"categories":[34,35],"tags":[],"class_list":{"0":"post-13914","1":"post","2":"type-post","3":"status-publish","4":"format-standard","5":"has-post-thumbnail","7":"category-arte","8":"category-teatro"},"yoast_head":"<!-- This site is optimized with the Yoast SEO plugin v27.5 - https:\/\/yoast.com\/product\/yoast-seo-wordpress\/ -->\n<title>FAUSTO, TRAGEDIA MUSICAL - Sergio Lapegue<\/title>\n<meta name=\"robots\" content=\"index, follow, max-snippet:-1, max-image-preview:large, max-video-preview:-1\" \/>\n<link rel=\"canonical\" href=\"https:\/\/sergiolapegue.com\/site\/2024\/03\/24\/fausto-tragedia-musical\/\" \/>\n<meta property=\"og:locale\" content=\"es_ES\" \/>\n<meta property=\"og:type\" content=\"article\" \/>\n<meta property=\"og:title\" content=\"FAUSTO, TRAGEDIA MUSICAL - Sergio Lapegue\" \/>\n<meta property=\"og:description\" content=\"Luego de una primera temporada a sala llena, en abril llega la segunda temporada de \u201cFausto\u201d (Tragedia&nbsp;\u271f&nbsp;Musical), es una fascinante adaptaci\u00f3n al teatro musical del cl\u00e1sico Fausto, del autor alem\u00e1n Johann Wolfgang Von Goethe, que se sumerge en un universo de pasi\u00f3n y muerte. SINOPSISLa historia gira en torno a Fausto, un hombre sediento de [&hellip;]\" \/>\n<meta property=\"og:url\" content=\"https:\/\/sergiolapegue.com\/site\/2024\/03\/24\/fausto-tragedia-musical\/\" \/>\n<meta property=\"og:site_name\" content=\"Sergio Lapegue\" \/>\n<meta property=\"article:publisher\" content=\"https:\/\/facebook.com\/sergiolapegue\" \/>\n<meta property=\"article:author\" content=\"https:\/\/facebook.com\/danielernesto.montana\" \/>\n<meta property=\"article:published_time\" content=\"2024-03-24T09:00:00+00:00\" \/>\n<meta property=\"og:image\" content=\"https:\/\/sergiolapegue.com\/site\/wp-content\/uploads\/2024\/03\/Fausto-Tragedia-musical.jpg\" \/>\n\t<meta property=\"og:image:width\" content=\"2000\" \/>\n\t<meta property=\"og:image:height\" content=\"2000\" \/>\n\t<meta property=\"og:image:type\" content=\"image\/jpeg\" \/>\n<meta name=\"author\" content=\"Daniel E. Monta\u00f1a\" \/>\n<meta name=\"twitter:card\" content=\"summary_large_image\" \/>\n<meta name=\"twitter:creator\" content=\"@https:\/\/twitter.com\/daner_004\" \/>\n<meta name=\"twitter:site\" content=\"@sergiolapegue\" \/>\n<meta name=\"twitter:label1\" content=\"Escrito por\" \/>\n\t<meta name=\"twitter:data1\" content=\"Daniel E. Monta\u00f1a\" \/>\n\t<meta name=\"twitter:label2\" content=\"Tiempo de lectura\" \/>\n\t<meta name=\"twitter:data2\" content=\"6 minutos\" \/>\n<script type=\"application\/ld+json\" class=\"yoast-schema-graph\">{\"@context\":\"https:\\\/\\\/schema.org\",\"@graph\":[{\"@type\":\"Article\",\"@id\":\"https:\\\/\\\/sergiolapegue.com\\\/site\\\/2024\\\/03\\\/24\\\/fausto-tragedia-musical\\\/#article\",\"isPartOf\":{\"@id\":\"https:\\\/\\\/sergiolapegue.com\\\/site\\\/2024\\\/03\\\/24\\\/fausto-tragedia-musical\\\/\"},\"author\":{\"name\":\"Daniel E. Monta\u00f1a\",\"@id\":\"https:\\\/\\\/sergiolapegue.com\\\/site\\\/#\\\/schema\\\/person\\\/9198e7dbab43c6d74d0fd5399af7c3cd\"},\"headline\":\"FAUSTO, TRAGEDIA MUSICAL\",\"datePublished\":\"2024-03-24T09:00:00+00:00\",\"mainEntityOfPage\":{\"@id\":\"https:\\\/\\\/sergiolapegue.com\\\/site\\\/2024\\\/03\\\/24\\\/fausto-tragedia-musical\\\/\"},\"wordCount\":1080,\"commentCount\":0,\"publisher\":{\"@id\":\"https:\\\/\\\/sergiolapegue.com\\\/site\\\/#\\\/schema\\\/person\\\/083aeceeb0734cd166779ea6c0551a37\"},\"image\":{\"@id\":\"https:\\\/\\\/sergiolapegue.com\\\/site\\\/2024\\\/03\\\/24\\\/fausto-tragedia-musical\\\/#primaryimage\"},\"thumbnailUrl\":\"https:\\\/\\\/sergiolapegue.com\\\/site\\\/wp-content\\\/uploads\\\/2024\\\/03\\\/Fausto-Tragedia-musical.jpg\",\"articleSection\":[\"Arte\",\"Teatro\"],\"inLanguage\":\"es-AR\",\"potentialAction\":[{\"@type\":\"CommentAction\",\"name\":\"Comment\",\"target\":[\"https:\\\/\\\/sergiolapegue.com\\\/site\\\/2024\\\/03\\\/24\\\/fausto-tragedia-musical\\\/#respond\"]}]},{\"@type\":\"WebPage\",\"@id\":\"https:\\\/\\\/sergiolapegue.com\\\/site\\\/2024\\\/03\\\/24\\\/fausto-tragedia-musical\\\/\",\"url\":\"https:\\\/\\\/sergiolapegue.com\\\/site\\\/2024\\\/03\\\/24\\\/fausto-tragedia-musical\\\/\",\"name\":\"FAUSTO, TRAGEDIA MUSICAL - Sergio Lapegue\",\"isPartOf\":{\"@id\":\"https:\\\/\\\/sergiolapegue.com\\\/site\\\/#website\"},\"primaryImageOfPage\":{\"@id\":\"https:\\\/\\\/sergiolapegue.com\\\/site\\\/2024\\\/03\\\/24\\\/fausto-tragedia-musical\\\/#primaryimage\"},\"image\":{\"@id\":\"https:\\\/\\\/sergiolapegue.com\\\/site\\\/2024\\\/03\\\/24\\\/fausto-tragedia-musical\\\/#primaryimage\"},\"thumbnailUrl\":\"https:\\\/\\\/sergiolapegue.com\\\/site\\\/wp-content\\\/uploads\\\/2024\\\/03\\\/Fausto-Tragedia-musical.jpg\",\"datePublished\":\"2024-03-24T09:00:00+00:00\",\"breadcrumb\":{\"@id\":\"https:\\\/\\\/sergiolapegue.com\\\/site\\\/2024\\\/03\\\/24\\\/fausto-tragedia-musical\\\/#breadcrumb\"},\"inLanguage\":\"es-AR\",\"potentialAction\":[{\"@type\":\"ReadAction\",\"target\":[\"https:\\\/\\\/sergiolapegue.com\\\/site\\\/2024\\\/03\\\/24\\\/fausto-tragedia-musical\\\/\"]}]},{\"@type\":\"ImageObject\",\"inLanguage\":\"es-AR\",\"@id\":\"https:\\\/\\\/sergiolapegue.com\\\/site\\\/2024\\\/03\\\/24\\\/fausto-tragedia-musical\\\/#primaryimage\",\"url\":\"https:\\\/\\\/sergiolapegue.com\\\/site\\\/wp-content\\\/uploads\\\/2024\\\/03\\\/Fausto-Tragedia-musical.jpg\",\"contentUrl\":\"https:\\\/\\\/sergiolapegue.com\\\/site\\\/wp-content\\\/uploads\\\/2024\\\/03\\\/Fausto-Tragedia-musical.jpg\",\"width\":2000,\"height\":2000},{\"@type\":\"BreadcrumbList\",\"@id\":\"https:\\\/\\\/sergiolapegue.com\\\/site\\\/2024\\\/03\\\/24\\\/fausto-tragedia-musical\\\/#breadcrumb\",\"itemListElement\":[{\"@type\":\"ListItem\",\"position\":1,\"name\":\"Inicio\",\"item\":\"https:\\\/\\\/sergiolapegue.com\\\/site\\\/\"},{\"@type\":\"ListItem\",\"position\":2,\"name\":\"FAUSTO, TRAGEDIA MUSICAL\"}]},{\"@type\":\"WebSite\",\"@id\":\"https:\\\/\\\/sergiolapegue.com\\\/site\\\/#website\",\"url\":\"https:\\\/\\\/sergiolapegue.com\\\/site\\\/\",\"name\":\"Sergio Lapegue\",\"description\":\"Periodista\",\"publisher\":{\"@id\":\"https:\\\/\\\/sergiolapegue.com\\\/site\\\/#\\\/schema\\\/person\\\/083aeceeb0734cd166779ea6c0551a37\"},\"potentialAction\":[{\"@type\":\"SearchAction\",\"target\":{\"@type\":\"EntryPoint\",\"urlTemplate\":\"https:\\\/\\\/sergiolapegue.com\\\/site\\\/?s={search_term_string}\"},\"query-input\":{\"@type\":\"PropertyValueSpecification\",\"valueRequired\":true,\"valueName\":\"search_term_string\"}}],\"inLanguage\":\"es-AR\"},{\"@type\":[\"Person\",\"Organization\"],\"@id\":\"https:\\\/\\\/sergiolapegue.com\\\/site\\\/#\\\/schema\\\/person\\\/083aeceeb0734cd166779ea6c0551a37\",\"name\":\"Sergio Lapegue\",\"image\":{\"@type\":\"ImageObject\",\"inLanguage\":\"es-AR\",\"@id\":\"https:\\\/\\\/sergiolapegue.com\\\/site\\\/wp-content\\\/uploads\\\/2021\\\/04\\\/logo_header-1.png\",\"url\":\"https:\\\/\\\/sergiolapegue.com\\\/site\\\/wp-content\\\/uploads\\\/2021\\\/04\\\/logo_header-1.png\",\"contentUrl\":\"https:\\\/\\\/sergiolapegue.com\\\/site\\\/wp-content\\\/uploads\\\/2021\\\/04\\\/logo_header-1.png\",\"width\":272,\"height\":90,\"caption\":\"Sergio Lapegue\"},\"logo\":{\"@id\":\"https:\\\/\\\/sergiolapegue.com\\\/site\\\/wp-content\\\/uploads\\\/2021\\\/04\\\/logo_header-1.png\"},\"sameAs\":[\"https:\\\/\\\/facebook.com\\\/sergiolapegue\",\"https:\\\/\\\/instagram.com\\\/sergiolapegue\",\"https:\\\/\\\/x.com\\\/https:\\\/\\\/twitter.com\\\/sergiolapegue\"]},{\"@type\":\"Person\",\"@id\":\"https:\\\/\\\/sergiolapegue.com\\\/site\\\/#\\\/schema\\\/person\\\/9198e7dbab43c6d74d0fd5399af7c3cd\",\"name\":\"Daniel E. Monta\u00f1a\",\"image\":{\"@type\":\"ImageObject\",\"inLanguage\":\"es-AR\",\"@id\":\"https:\\\/\\\/sergiolapegue.com\\\/site\\\/wp-content\\\/uploads\\\/2021\\\/04\\\/sl_avatar_Daniel-150x150.jpg\",\"url\":\"https:\\\/\\\/sergiolapegue.com\\\/site\\\/wp-content\\\/uploads\\\/2021\\\/04\\\/sl_avatar_Daniel-150x150.jpg\",\"contentUrl\":\"https:\\\/\\\/sergiolapegue.com\\\/site\\\/wp-content\\\/uploads\\\/2021\\\/04\\\/sl_avatar_Daniel-150x150.jpg\",\"caption\":\"Daniel E. Monta\u00f1a\"},\"sameAs\":[\"https:\\\/\\\/facebook.com\\\/danielernesto.montana\",\"https:\\\/\\\/instagram.com\\\/daniel_montana1961\",\"https:\\\/\\\/x.com\\\/https:\\\/\\\/twitter.com\\\/daner_004\"],\"url\":\"https:\\\/\\\/sergiolapegue.com\\\/site\\\/author\\\/daniel\\\/\"}]}<\/script>\n<!-- \/ Yoast SEO plugin. -->","yoast_head_json":{"title":"FAUSTO, TRAGEDIA MUSICAL - Sergio Lapegue","robots":{"index":"index","follow":"follow","max-snippet":"max-snippet:-1","max-image-preview":"max-image-preview:large","max-video-preview":"max-video-preview:-1"},"canonical":"https:\/\/sergiolapegue.com\/site\/2024\/03\/24\/fausto-tragedia-musical\/","og_locale":"es_ES","og_type":"article","og_title":"FAUSTO, TRAGEDIA MUSICAL - Sergio Lapegue","og_description":"Luego de una primera temporada a sala llena, en abril llega la segunda temporada de \u201cFausto\u201d (Tragedia&nbsp;\u271f&nbsp;Musical), es una fascinante adaptaci\u00f3n al teatro musical del cl\u00e1sico Fausto, del autor alem\u00e1n Johann Wolfgang Von Goethe, que se sumerge en un universo de pasi\u00f3n y muerte. SINOPSISLa historia gira en torno a Fausto, un hombre sediento de [&hellip;]","og_url":"https:\/\/sergiolapegue.com\/site\/2024\/03\/24\/fausto-tragedia-musical\/","og_site_name":"Sergio Lapegue","article_publisher":"https:\/\/facebook.com\/sergiolapegue","article_author":"https:\/\/facebook.com\/danielernesto.montana","article_published_time":"2024-03-24T09:00:00+00:00","og_image":[{"width":2000,"height":2000,"url":"https:\/\/sergiolapegue.com\/site\/wp-content\/uploads\/2024\/03\/Fausto-Tragedia-musical.jpg","type":"image\/jpeg"}],"author":"Daniel E. Monta\u00f1a","twitter_card":"summary_large_image","twitter_creator":"@https:\/\/twitter.com\/daner_004","twitter_site":"@sergiolapegue","twitter_misc":{"Escrito por":"Daniel E. Monta\u00f1a","Tiempo de lectura":"6 minutos"},"schema":{"@context":"https:\/\/schema.org","@graph":[{"@type":"Article","@id":"https:\/\/sergiolapegue.com\/site\/2024\/03\/24\/fausto-tragedia-musical\/#article","isPartOf":{"@id":"https:\/\/sergiolapegue.com\/site\/2024\/03\/24\/fausto-tragedia-musical\/"},"author":{"name":"Daniel E. Monta\u00f1a","@id":"https:\/\/sergiolapegue.com\/site\/#\/schema\/person\/9198e7dbab43c6d74d0fd5399af7c3cd"},"headline":"FAUSTO, TRAGEDIA MUSICAL","datePublished":"2024-03-24T09:00:00+00:00","mainEntityOfPage":{"@id":"https:\/\/sergiolapegue.com\/site\/2024\/03\/24\/fausto-tragedia-musical\/"},"wordCount":1080,"commentCount":0,"publisher":{"@id":"https:\/\/sergiolapegue.com\/site\/#\/schema\/person\/083aeceeb0734cd166779ea6c0551a37"},"image":{"@id":"https:\/\/sergiolapegue.com\/site\/2024\/03\/24\/fausto-tragedia-musical\/#primaryimage"},"thumbnailUrl":"https:\/\/sergiolapegue.com\/site\/wp-content\/uploads\/2024\/03\/Fausto-Tragedia-musical.jpg","articleSection":["Arte","Teatro"],"inLanguage":"es-AR","potentialAction":[{"@type":"CommentAction","name":"Comment","target":["https:\/\/sergiolapegue.com\/site\/2024\/03\/24\/fausto-tragedia-musical\/#respond"]}]},{"@type":"WebPage","@id":"https:\/\/sergiolapegue.com\/site\/2024\/03\/24\/fausto-tragedia-musical\/","url":"https:\/\/sergiolapegue.com\/site\/2024\/03\/24\/fausto-tragedia-musical\/","name":"FAUSTO, TRAGEDIA MUSICAL - Sergio Lapegue","isPartOf":{"@id":"https:\/\/sergiolapegue.com\/site\/#website"},"primaryImageOfPage":{"@id":"https:\/\/sergiolapegue.com\/site\/2024\/03\/24\/fausto-tragedia-musical\/#primaryimage"},"image":{"@id":"https:\/\/sergiolapegue.com\/site\/2024\/03\/24\/fausto-tragedia-musical\/#primaryimage"},"thumbnailUrl":"https:\/\/sergiolapegue.com\/site\/wp-content\/uploads\/2024\/03\/Fausto-Tragedia-musical.jpg","datePublished":"2024-03-24T09:00:00+00:00","breadcrumb":{"@id":"https:\/\/sergiolapegue.com\/site\/2024\/03\/24\/fausto-tragedia-musical\/#breadcrumb"},"inLanguage":"es-AR","potentialAction":[{"@type":"ReadAction","target":["https:\/\/sergiolapegue.com\/site\/2024\/03\/24\/fausto-tragedia-musical\/"]}]},{"@type":"ImageObject","inLanguage":"es-AR","@id":"https:\/\/sergiolapegue.com\/site\/2024\/03\/24\/fausto-tragedia-musical\/#primaryimage","url":"https:\/\/sergiolapegue.com\/site\/wp-content\/uploads\/2024\/03\/Fausto-Tragedia-musical.jpg","contentUrl":"https:\/\/sergiolapegue.com\/site\/wp-content\/uploads\/2024\/03\/Fausto-Tragedia-musical.jpg","width":2000,"height":2000},{"@type":"BreadcrumbList","@id":"https:\/\/sergiolapegue.com\/site\/2024\/03\/24\/fausto-tragedia-musical\/#breadcrumb","itemListElement":[{"@type":"ListItem","position":1,"name":"Inicio","item":"https:\/\/sergiolapegue.com\/site\/"},{"@type":"ListItem","position":2,"name":"FAUSTO, TRAGEDIA MUSICAL"}]},{"@type":"WebSite","@id":"https:\/\/sergiolapegue.com\/site\/#website","url":"https:\/\/sergiolapegue.com\/site\/","name":"Sergio Lapegue","description":"Periodista","publisher":{"@id":"https:\/\/sergiolapegue.com\/site\/#\/schema\/person\/083aeceeb0734cd166779ea6c0551a37"},"potentialAction":[{"@type":"SearchAction","target":{"@type":"EntryPoint","urlTemplate":"https:\/\/sergiolapegue.com\/site\/?s={search_term_string}"},"query-input":{"@type":"PropertyValueSpecification","valueRequired":true,"valueName":"search_term_string"}}],"inLanguage":"es-AR"},{"@type":["Person","Organization"],"@id":"https:\/\/sergiolapegue.com\/site\/#\/schema\/person\/083aeceeb0734cd166779ea6c0551a37","name":"Sergio Lapegue","image":{"@type":"ImageObject","inLanguage":"es-AR","@id":"https:\/\/sergiolapegue.com\/site\/wp-content\/uploads\/2021\/04\/logo_header-1.png","url":"https:\/\/sergiolapegue.com\/site\/wp-content\/uploads\/2021\/04\/logo_header-1.png","contentUrl":"https:\/\/sergiolapegue.com\/site\/wp-content\/uploads\/2021\/04\/logo_header-1.png","width":272,"height":90,"caption":"Sergio Lapegue"},"logo":{"@id":"https:\/\/sergiolapegue.com\/site\/wp-content\/uploads\/2021\/04\/logo_header-1.png"},"sameAs":["https:\/\/facebook.com\/sergiolapegue","https:\/\/instagram.com\/sergiolapegue","https:\/\/x.com\/https:\/\/twitter.com\/sergiolapegue"]},{"@type":"Person","@id":"https:\/\/sergiolapegue.com\/site\/#\/schema\/person\/9198e7dbab43c6d74d0fd5399af7c3cd","name":"Daniel E. Monta\u00f1a","image":{"@type":"ImageObject","inLanguage":"es-AR","@id":"https:\/\/sergiolapegue.com\/site\/wp-content\/uploads\/2021\/04\/sl_avatar_Daniel-150x150.jpg","url":"https:\/\/sergiolapegue.com\/site\/wp-content\/uploads\/2021\/04\/sl_avatar_Daniel-150x150.jpg","contentUrl":"https:\/\/sergiolapegue.com\/site\/wp-content\/uploads\/2021\/04\/sl_avatar_Daniel-150x150.jpg","caption":"Daniel E. Monta\u00f1a"},"sameAs":["https:\/\/facebook.com\/danielernesto.montana","https:\/\/instagram.com\/daniel_montana1961","https:\/\/x.com\/https:\/\/twitter.com\/daner_004"],"url":"https:\/\/sergiolapegue.com\/site\/author\/daniel\/"}]}},"_links":{"self":[{"href":"https:\/\/sergiolapegue.com\/site\/wp-json\/wp\/v2\/posts\/13914","targetHints":{"allow":["GET"]}}],"collection":[{"href":"https:\/\/sergiolapegue.com\/site\/wp-json\/wp\/v2\/posts"}],"about":[{"href":"https:\/\/sergiolapegue.com\/site\/wp-json\/wp\/v2\/types\/post"}],"author":[{"embeddable":true,"href":"https:\/\/sergiolapegue.com\/site\/wp-json\/wp\/v2\/users\/3"}],"replies":[{"embeddable":true,"href":"https:\/\/sergiolapegue.com\/site\/wp-json\/wp\/v2\/comments?post=13914"}],"version-history":[{"count":1,"href":"https:\/\/sergiolapegue.com\/site\/wp-json\/wp\/v2\/posts\/13914\/revisions"}],"predecessor-version":[{"id":13922,"href":"https:\/\/sergiolapegue.com\/site\/wp-json\/wp\/v2\/posts\/13914\/revisions\/13922"}],"wp:featuredmedia":[{"embeddable":true,"href":"https:\/\/sergiolapegue.com\/site\/wp-json\/wp\/v2\/media\/13921"}],"wp:attachment":[{"href":"https:\/\/sergiolapegue.com\/site\/wp-json\/wp\/v2\/media?parent=13914"}],"wp:term":[{"taxonomy":"category","embeddable":true,"href":"https:\/\/sergiolapegue.com\/site\/wp-json\/wp\/v2\/categories?post=13914"},{"taxonomy":"post_tag","embeddable":true,"href":"https:\/\/sergiolapegue.com\/site\/wp-json\/wp\/v2\/tags?post=13914"}],"curies":[{"name":"wp","href":"https:\/\/api.w.org\/{rel}","templated":true}]}}