{"id":13755,"date":"2024-03-15T09:29:00","date_gmt":"2024-03-15T12:29:00","guid":{"rendered":"https:\/\/sergiolapegue.com\/site\/?p=13755"},"modified":"2024-03-13T13:36:25","modified_gmt":"2024-03-13T16:36:25","slug":"manejar-con-apneas-de-sueno-un-riesgo-si-no-se-trata-a-tiempo","status":"publish","type":"post","link":"https:\/\/sergiolapegue.com\/site\/2024\/03\/15\/manejar-con-apneas-de-sueno-un-riesgo-si-no-se-trata-a-tiempo\/","title":{"rendered":"Manejar con apneas de sue\u00f1o, un riesgo si no se trata a tiempo"},"content":{"rendered":"\n<p>Un mal descanso, el uso de determinados medicamentos y, por supuesto, el consumo de alcohol, son factores que podr\u00edan provocar somnolencia al volante. Sin embargo, las apneas de sue\u00f1o que no est\u00e1n tratadas representan uno de los m\u00e1s peligrosos, dado que no es posible controlar cu\u00e1ndo van a suceder. Se estima que hasta un 20% de las muertes en las rutas estar\u00edan relacionadas directa o indirectamente con esta patolog\u00eda.<br>\u00a0<br>El s\u00edndrome de apneas-hipopneas obstructivas durante el sue\u00f1o (SAHOS) es uno de los m\u00e1s comunes en los adultos mayores. Afecta entre el 4 y el 20% de la poblaci\u00f3n general, aumentado progresivamente este porcentaje luego de los 50 a\u00f1os. Es una patolog\u00eda que se caracteriza por interrupciones repetidas de la respiraci\u00f3n (apneas) superiores a los diez segundos que suman, en muchos casos, dos o m\u00e1s horas de inadecuada oxigenaci\u00f3n en una sola noche y que se acompa\u00f1a de diversos s\u00edntomas o complicaciones. De las personas afectadas, s\u00f3lo una de cada cinco es consciente de su problema y se somete a un oportuno tratamiento, el cual es eficaz en el 90% de los casos.<br>\u00a0<br>Las apneas se repiten durante toda la noche y la falta de oxigenaci\u00f3n genera importantes problemas ps\u00edquicos, sociales, laborales, neurol\u00f3gicos y cardiorrespiratorios. Por otra parte, los accidentes de tr\u00e1nsito provocados por la somnolencia o falta de reacci\u00f3n al conducir constituyen tambi\u00e9n una complicaci\u00f3n com\u00fan que compromete la vida tanto de estos pacientes como de sus familiares y de la sociedad toda.<br>\u00a0<br><strong>S\u00edntomas<\/strong><br>El principal s\u00edntoma que tienen los pacientes con apneas obstructivas del sue\u00f1o es el cansancio diurno cr\u00f3nico, acompa\u00f1ado de somnolencia intensa durante el d\u00eda, una situaci\u00f3n que muchos pacientes no se explican al estar convencidos de que han dormido lo suficiente como para estar tan cansados. La raz\u00f3n de esta paradoja es que el afectado, al estar dormido, obviamente no es consciente de estas pausas respiratorias que interrumpen el sue\u00f1o, por lo que si no ha o\u00eddo hablar de esta enfermedad no sabe a qu\u00e9 se debe su sensaci\u00f3n de cansancio.<br>\u00a0<br>Otro signo asociado con la apnea del sue\u00f1o es el ronquido fuerte. Este ronquido se produce al final de cada interrupci\u00f3n respiratoria (apnea), es fuerte y estrepitoso, tanto que despierta y asusta al compa\u00f1ero de cama o habitaci\u00f3n.<br>\u00a0<br><strong>\u00bfA qui\u00e9nes afecta?<\/strong><br>Ser hombre, obeso, ingerir alcohol -especialmente antes de acostarse- y no realizar ejercicio f\u00edsico, son las principales caracter\u00edsticas del individuo con apnea, aunque no estar incluido en ellas no significa que no se pueda padecer esta enfermedad. En las mujeres, despertarse a la ma\u00f1ana &#8220;con la cabeza embotada&#8221;, m\u00e1s cansada que al acostarse y seguir con fatiga durante todo el d\u00eda, sobre todo en la post-menopausia, son datos que deben alertar, m\u00e1s si se acompa\u00f1an de ronquidos fuertes al dormir.<br>\u00a0<\/p>\n\n\n\n<figure class=\"wp-block-image size-full is-resized is-style-rounded\"><img loading=\"lazy\" decoding=\"async\" width=\"1024\" height=\"576\" src=\"https:\/\/sergiolapegue.com\/site\/wp-content\/uploads\/2024\/03\/apnea-de-sueno01.webp\" alt=\"\" class=\"wp-image-13756\" style=\"width:701px;height:auto\" srcset=\"https:\/\/sergiolapegue.com\/site\/wp-content\/uploads\/2024\/03\/apnea-de-sueno01.webp 1024w, https:\/\/sergiolapegue.com\/site\/wp-content\/uploads\/2024\/03\/apnea-de-sueno01-300x169.webp 300w, https:\/\/sergiolapegue.com\/site\/wp-content\/uploads\/2024\/03\/apnea-de-sueno01-768x432.webp 768w, https:\/\/sergiolapegue.com\/site\/wp-content\/uploads\/2024\/03\/apnea-de-sueno01-696x392.webp 696w\" sizes=\"auto, (max-width: 1024px) 100vw, 1024px\" \/><\/figure>\n\n\n\n<p><strong>Diagn\u00f3stico y tratamiento<\/strong><br>Para llegar al diagn\u00f3stico, la persona presuntamente afectada de apnea debe dormir una noche en una Unidad de Sue\u00f1o o Laboratorio de Sue\u00f1o, donde se le someter\u00e1 a una polisomnograf\u00eda. Aunque en muchos casos, cuando la Unidad de Sue\u00f1o tiene la experiencia necesaria, estos pacientes pueden estudiarse en el domicilio con equipos simplificados.<br>\u00a0<br>Esta prueba incluye un electroencefalograma, un registro de los movimientos de las piernas y de los m\u00fasculos del ment\u00f3n, un electrocardiograma, un registro de los ronquidos, un registro de la respiraci\u00f3n por nariz y boca, otro registro de los movimientos respiratorios de t\u00f3rax y abdomen y el \u00edndice de oxigenaci\u00f3n de la sangre.<br>\u00a0<br>Afortunadamente existen tratamientos para abordar los problemas relacionados al sue\u00f1o y, dependiendo de la gravedad del cuadro, se elegir\u00e1 el m\u00e1s adecuado a seguir, que en la mayor\u00eda de los casos es favorable y que permitir\u00e1 al paciente disfrutar de una nueva calidad de vida.<br>\u00a0<br><strong>\u00bfPuede manejar alguien que padece apneas de sue\u00f1o?<\/strong><br>Muchas personas no pueden darse cuenta cu\u00e1ndo se van a quedar dormidas. Al sentirse adormecidas, creen poder controlarlo porque quieren manejar. Pero es de suma importancia tomar conciencia que con este accionar ponen en peligro su vida y la de otros.<br>\u00a0<br>Si bien cada caso es distinto y es imprescindible contar con una indicaci\u00f3n m\u00e9dica personalizada, no es conveniente que una persona que tiene apneas de sue\u00f1o conduzca, a menos que est\u00e9 bajo tratamiento supervisado. Por lo tanto, la recomendaci\u00f3n de la Asociaci\u00f3n Argentina de Medicina Respiratoria es consultar a un m\u00e9dico si experimenta somnolencia frecuente durante el d\u00eda, si tiene dificultades para dormir en la noche, o si sospecha que tiene alg\u00fan trastorno para dormir, podr\u00eda padecer apneas de sue\u00f1o.<\/p>\n","protected":false},"excerpt":{"rendered":"<p>Un mal descanso, el uso de determinados medicamentos y, por supuesto, el consumo de alcohol, son factores que podr\u00edan provocar somnolencia al volante. Sin embargo, las apneas de sue\u00f1o que no est\u00e1n tratadas representan uno de los m\u00e1s peligrosos, dado que no es posible controlar cu\u00e1ndo van a suceder. Se estima que hasta un 20% [&hellip;]<\/p>\n","protected":false},"author":4,"featured_media":13757,"comment_status":"closed","ping_status":"closed","sticky":false,"template":"","format":"standard","meta":{"footnotes":""},"categories":[38],"tags":[664,3356,1975,3158,3052,251,575,1222,273,3358],"class_list":{"0":"post-13755","1":"post","2":"type-post","3":"status-publish","4":"format-standard","5":"has-post-thumbnail","7":"category-actualidad","8":"tag-alcohol","9":"tag-apnea","10":"tag-conductor","11":"tag-descanso","12":"tag-manejar","13":"tag-medicamentos","14":"tag-patologia","15":"tag-ruta","16":"tag-sueno","17":"tag-volante"},"yoast_head":"<!-- This site is optimized with the Yoast SEO plugin v27.5 - https:\/\/yoast.com\/product\/yoast-seo-wordpress\/ -->\n<title>Manejar con apneas de sue\u00f1o, un riesgo si no se trata a tiempo - Sergio Lapegue<\/title>\n<meta name=\"robots\" content=\"index, follow, max-snippet:-1, max-image-preview:large, max-video-preview:-1\" \/>\n<link rel=\"canonical\" href=\"https:\/\/sergiolapegue.com\/site\/2024\/03\/15\/manejar-con-apneas-de-sueno-un-riesgo-si-no-se-trata-a-tiempo\/\" \/>\n<meta property=\"og:locale\" content=\"es_ES\" \/>\n<meta property=\"og:type\" content=\"article\" \/>\n<meta property=\"og:title\" content=\"Manejar con apneas de sue\u00f1o, un riesgo si no se trata a tiempo - Sergio Lapegue\" \/>\n<meta property=\"og:description\" content=\"Un mal descanso, el uso de determinados medicamentos y, por supuesto, el consumo de alcohol, son factores que podr\u00edan provocar somnolencia al volante. Sin embargo, las apneas de sue\u00f1o que no est\u00e1n tratadas representan uno de los m\u00e1s peligrosos, dado que no es posible controlar cu\u00e1ndo van a suceder. Se estima que hasta un 20% [&hellip;]\" \/>\n<meta property=\"og:url\" content=\"https:\/\/sergiolapegue.com\/site\/2024\/03\/15\/manejar-con-apneas-de-sueno-un-riesgo-si-no-se-trata-a-tiempo\/\" \/>\n<meta property=\"og:site_name\" content=\"Sergio Lapegue\" \/>\n<meta property=\"article:publisher\" content=\"https:\/\/facebook.com\/sergiolapegue\" \/>\n<meta property=\"article:published_time\" content=\"2024-03-15T12:29:00+00:00\" \/>\n<meta property=\"og:image\" content=\"https:\/\/sergiolapegue.com\/site\/wp-content\/uploads\/2024\/03\/apnea-de-sueno02.jpg\" \/>\n\t<meta property=\"og:image:width\" content=\"512\" \/>\n\t<meta property=\"og:image:height\" content=\"287\" \/>\n\t<meta property=\"og:image:type\" content=\"image\/jpeg\" \/>\n<meta name=\"author\" content=\"Leonardo Monta\u00f1a\" \/>\n<meta name=\"twitter:card\" content=\"summary_large_image\" \/>\n<meta name=\"twitter:creator\" content=\"@https:\/\/twitter.com\/soytoto81\" \/>\n<meta name=\"twitter:site\" content=\"@sergiolapegue\" \/>\n<meta name=\"twitter:label1\" content=\"Escrito por\" \/>\n\t<meta name=\"twitter:data1\" content=\"Leonardo Monta\u00f1a\" \/>\n\t<meta name=\"twitter:label2\" content=\"Tiempo de lectura\" \/>\n\t<meta name=\"twitter:data2\" content=\"4 minutos\" \/>\n<script type=\"application\/ld+json\" class=\"yoast-schema-graph\">{\"@context\":\"https:\\\/\\\/schema.org\",\"@graph\":[{\"@type\":\"Article\",\"@id\":\"https:\\\/\\\/sergiolapegue.com\\\/site\\\/2024\\\/03\\\/15\\\/manejar-con-apneas-de-sueno-un-riesgo-si-no-se-trata-a-tiempo\\\/#article\",\"isPartOf\":{\"@id\":\"https:\\\/\\\/sergiolapegue.com\\\/site\\\/2024\\\/03\\\/15\\\/manejar-con-apneas-de-sueno-un-riesgo-si-no-se-trata-a-tiempo\\\/\"},\"author\":{\"name\":\"Leonardo Monta\u00f1a\",\"@id\":\"https:\\\/\\\/sergiolapegue.com\\\/site\\\/#\\\/schema\\\/person\\\/00adf937d010c7f79a180dc4916a40e0\"},\"headline\":\"Manejar con apneas de sue\u00f1o, un riesgo si no se trata a tiempo\",\"datePublished\":\"2024-03-15T12:29:00+00:00\",\"mainEntityOfPage\":{\"@id\":\"https:\\\/\\\/sergiolapegue.com\\\/site\\\/2024\\\/03\\\/15\\\/manejar-con-apneas-de-sueno-un-riesgo-si-no-se-trata-a-tiempo\\\/\"},\"wordCount\":824,\"publisher\":{\"@id\":\"https:\\\/\\\/sergiolapegue.com\\\/site\\\/#\\\/schema\\\/person\\\/083aeceeb0734cd166779ea6c0551a37\"},\"image\":{\"@id\":\"https:\\\/\\\/sergiolapegue.com\\\/site\\\/2024\\\/03\\\/15\\\/manejar-con-apneas-de-sueno-un-riesgo-si-no-se-trata-a-tiempo\\\/#primaryimage\"},\"thumbnailUrl\":\"https:\\\/\\\/sergiolapegue.com\\\/site\\\/wp-content\\\/uploads\\\/2024\\\/03\\\/apnea-de-sueno02.jpg\",\"keywords\":[\"alcohol\",\"apnea\",\"conductor\",\"descanso\",\"manejar\",\"medicamentos\",\"patologia\",\"ruta\",\"sue\u00f1o\",\"volante\"],\"articleSection\":[\"Actualidad\"],\"inLanguage\":\"es-AR\"},{\"@type\":\"WebPage\",\"@id\":\"https:\\\/\\\/sergiolapegue.com\\\/site\\\/2024\\\/03\\\/15\\\/manejar-con-apneas-de-sueno-un-riesgo-si-no-se-trata-a-tiempo\\\/\",\"url\":\"https:\\\/\\\/sergiolapegue.com\\\/site\\\/2024\\\/03\\\/15\\\/manejar-con-apneas-de-sueno-un-riesgo-si-no-se-trata-a-tiempo\\\/\",\"name\":\"Manejar con apneas de sue\u00f1o, un riesgo si no se trata a tiempo - Sergio Lapegue\",\"isPartOf\":{\"@id\":\"https:\\\/\\\/sergiolapegue.com\\\/site\\\/#website\"},\"primaryImageOfPage\":{\"@id\":\"https:\\\/\\\/sergiolapegue.com\\\/site\\\/2024\\\/03\\\/15\\\/manejar-con-apneas-de-sueno-un-riesgo-si-no-se-trata-a-tiempo\\\/#primaryimage\"},\"image\":{\"@id\":\"https:\\\/\\\/sergiolapegue.com\\\/site\\\/2024\\\/03\\\/15\\\/manejar-con-apneas-de-sueno-un-riesgo-si-no-se-trata-a-tiempo\\\/#primaryimage\"},\"thumbnailUrl\":\"https:\\\/\\\/sergiolapegue.com\\\/site\\\/wp-content\\\/uploads\\\/2024\\\/03\\\/apnea-de-sueno02.jpg\",\"datePublished\":\"2024-03-15T12:29:00+00:00\",\"breadcrumb\":{\"@id\":\"https:\\\/\\\/sergiolapegue.com\\\/site\\\/2024\\\/03\\\/15\\\/manejar-con-apneas-de-sueno-un-riesgo-si-no-se-trata-a-tiempo\\\/#breadcrumb\"},\"inLanguage\":\"es-AR\",\"potentialAction\":[{\"@type\":\"ReadAction\",\"target\":[\"https:\\\/\\\/sergiolapegue.com\\\/site\\\/2024\\\/03\\\/15\\\/manejar-con-apneas-de-sueno-un-riesgo-si-no-se-trata-a-tiempo\\\/\"]}]},{\"@type\":\"ImageObject\",\"inLanguage\":\"es-AR\",\"@id\":\"https:\\\/\\\/sergiolapegue.com\\\/site\\\/2024\\\/03\\\/15\\\/manejar-con-apneas-de-sueno-un-riesgo-si-no-se-trata-a-tiempo\\\/#primaryimage\",\"url\":\"https:\\\/\\\/sergiolapegue.com\\\/site\\\/wp-content\\\/uploads\\\/2024\\\/03\\\/apnea-de-sueno02.jpg\",\"contentUrl\":\"https:\\\/\\\/sergiolapegue.com\\\/site\\\/wp-content\\\/uploads\\\/2024\\\/03\\\/apnea-de-sueno02.jpg\",\"width\":512,\"height\":287},{\"@type\":\"BreadcrumbList\",\"@id\":\"https:\\\/\\\/sergiolapegue.com\\\/site\\\/2024\\\/03\\\/15\\\/manejar-con-apneas-de-sueno-un-riesgo-si-no-se-trata-a-tiempo\\\/#breadcrumb\",\"itemListElement\":[{\"@type\":\"ListItem\",\"position\":1,\"name\":\"Inicio\",\"item\":\"https:\\\/\\\/sergiolapegue.com\\\/site\\\/\"},{\"@type\":\"ListItem\",\"position\":2,\"name\":\"Manejar con apneas de sue\u00f1o, un riesgo si no se trata a tiempo\"}]},{\"@type\":\"WebSite\",\"@id\":\"https:\\\/\\\/sergiolapegue.com\\\/site\\\/#website\",\"url\":\"https:\\\/\\\/sergiolapegue.com\\\/site\\\/\",\"name\":\"Sergio Lapegue\",\"description\":\"Periodista\",\"publisher\":{\"@id\":\"https:\\\/\\\/sergiolapegue.com\\\/site\\\/#\\\/schema\\\/person\\\/083aeceeb0734cd166779ea6c0551a37\"},\"potentialAction\":[{\"@type\":\"SearchAction\",\"target\":{\"@type\":\"EntryPoint\",\"urlTemplate\":\"https:\\\/\\\/sergiolapegue.com\\\/site\\\/?s={search_term_string}\"},\"query-input\":{\"@type\":\"PropertyValueSpecification\",\"valueRequired\":true,\"valueName\":\"search_term_string\"}}],\"inLanguage\":\"es-AR\"},{\"@type\":[\"Person\",\"Organization\"],\"@id\":\"https:\\\/\\\/sergiolapegue.com\\\/site\\\/#\\\/schema\\\/person\\\/083aeceeb0734cd166779ea6c0551a37\",\"name\":\"Sergio Lapegue\",\"image\":{\"@type\":\"ImageObject\",\"inLanguage\":\"es-AR\",\"@id\":\"https:\\\/\\\/sergiolapegue.com\\\/site\\\/wp-content\\\/uploads\\\/2021\\\/04\\\/logo_header-1.png\",\"url\":\"https:\\\/\\\/sergiolapegue.com\\\/site\\\/wp-content\\\/uploads\\\/2021\\\/04\\\/logo_header-1.png\",\"contentUrl\":\"https:\\\/\\\/sergiolapegue.com\\\/site\\\/wp-content\\\/uploads\\\/2021\\\/04\\\/logo_header-1.png\",\"width\":272,\"height\":90,\"caption\":\"Sergio Lapegue\"},\"logo\":{\"@id\":\"https:\\\/\\\/sergiolapegue.com\\\/site\\\/wp-content\\\/uploads\\\/2021\\\/04\\\/logo_header-1.png\"},\"sameAs\":[\"https:\\\/\\\/facebook.com\\\/sergiolapegue\",\"https:\\\/\\\/instagram.com\\\/sergiolapegue\",\"https:\\\/\\\/x.com\\\/https:\\\/\\\/twitter.com\\\/sergiolapegue\"]},{\"@type\":\"Person\",\"@id\":\"https:\\\/\\\/sergiolapegue.com\\\/site\\\/#\\\/schema\\\/person\\\/00adf937d010c7f79a180dc4916a40e0\",\"name\":\"Leonardo Monta\u00f1a\",\"image\":{\"@type\":\"ImageObject\",\"inLanguage\":\"es-AR\",\"@id\":\"https:\\\/\\\/sergiolapegue.com\\\/site\\\/wp-content\\\/uploads\\\/2021\\\/04\\\/sl_avatar_Leonardo-150x150.jpg\",\"url\":\"https:\\\/\\\/sergiolapegue.com\\\/site\\\/wp-content\\\/uploads\\\/2021\\\/04\\\/sl_avatar_Leonardo-150x150.jpg\",\"contentUrl\":\"https:\\\/\\\/sergiolapegue.com\\\/site\\\/wp-content\\\/uploads\\\/2021\\\/04\\\/sl_avatar_Leonardo-150x150.jpg\",\"caption\":\"Leonardo Monta\u00f1a\"},\"sameAs\":[\"https:\\\/\\\/x.com\\\/https:\\\/\\\/twitter.com\\\/soytoto81\"],\"url\":\"https:\\\/\\\/sergiolapegue.com\\\/site\\\/author\\\/leonardo\\\/\"}]}<\/script>\n<!-- \/ Yoast SEO plugin. -->","yoast_head_json":{"title":"Manejar con apneas de sue\u00f1o, un riesgo si no se trata a tiempo - Sergio Lapegue","robots":{"index":"index","follow":"follow","max-snippet":"max-snippet:-1","max-image-preview":"max-image-preview:large","max-video-preview":"max-video-preview:-1"},"canonical":"https:\/\/sergiolapegue.com\/site\/2024\/03\/15\/manejar-con-apneas-de-sueno-un-riesgo-si-no-se-trata-a-tiempo\/","og_locale":"es_ES","og_type":"article","og_title":"Manejar con apneas de sue\u00f1o, un riesgo si no se trata a tiempo - Sergio Lapegue","og_description":"Un mal descanso, el uso de determinados medicamentos y, por supuesto, el consumo de alcohol, son factores que podr\u00edan provocar somnolencia al volante. Sin embargo, las apneas de sue\u00f1o que no est\u00e1n tratadas representan uno de los m\u00e1s peligrosos, dado que no es posible controlar cu\u00e1ndo van a suceder. Se estima que hasta un 20% [&hellip;]","og_url":"https:\/\/sergiolapegue.com\/site\/2024\/03\/15\/manejar-con-apneas-de-sueno-un-riesgo-si-no-se-trata-a-tiempo\/","og_site_name":"Sergio Lapegue","article_publisher":"https:\/\/facebook.com\/sergiolapegue","article_published_time":"2024-03-15T12:29:00+00:00","og_image":[{"width":512,"height":287,"url":"https:\/\/sergiolapegue.com\/site\/wp-content\/uploads\/2024\/03\/apnea-de-sueno02.jpg","type":"image\/jpeg"}],"author":"Leonardo Monta\u00f1a","twitter_card":"summary_large_image","twitter_creator":"@https:\/\/twitter.com\/soytoto81","twitter_site":"@sergiolapegue","twitter_misc":{"Escrito por":"Leonardo Monta\u00f1a","Tiempo de lectura":"4 minutos"},"schema":{"@context":"https:\/\/schema.org","@graph":[{"@type":"Article","@id":"https:\/\/sergiolapegue.com\/site\/2024\/03\/15\/manejar-con-apneas-de-sueno-un-riesgo-si-no-se-trata-a-tiempo\/#article","isPartOf":{"@id":"https:\/\/sergiolapegue.com\/site\/2024\/03\/15\/manejar-con-apneas-de-sueno-un-riesgo-si-no-se-trata-a-tiempo\/"},"author":{"name":"Leonardo Monta\u00f1a","@id":"https:\/\/sergiolapegue.com\/site\/#\/schema\/person\/00adf937d010c7f79a180dc4916a40e0"},"headline":"Manejar con apneas de sue\u00f1o, un riesgo si no se trata a tiempo","datePublished":"2024-03-15T12:29:00+00:00","mainEntityOfPage":{"@id":"https:\/\/sergiolapegue.com\/site\/2024\/03\/15\/manejar-con-apneas-de-sueno-un-riesgo-si-no-se-trata-a-tiempo\/"},"wordCount":824,"publisher":{"@id":"https:\/\/sergiolapegue.com\/site\/#\/schema\/person\/083aeceeb0734cd166779ea6c0551a37"},"image":{"@id":"https:\/\/sergiolapegue.com\/site\/2024\/03\/15\/manejar-con-apneas-de-sueno-un-riesgo-si-no-se-trata-a-tiempo\/#primaryimage"},"thumbnailUrl":"https:\/\/sergiolapegue.com\/site\/wp-content\/uploads\/2024\/03\/apnea-de-sueno02.jpg","keywords":["alcohol","apnea","conductor","descanso","manejar","medicamentos","patologia","ruta","sue\u00f1o","volante"],"articleSection":["Actualidad"],"inLanguage":"es-AR"},{"@type":"WebPage","@id":"https:\/\/sergiolapegue.com\/site\/2024\/03\/15\/manejar-con-apneas-de-sueno-un-riesgo-si-no-se-trata-a-tiempo\/","url":"https:\/\/sergiolapegue.com\/site\/2024\/03\/15\/manejar-con-apneas-de-sueno-un-riesgo-si-no-se-trata-a-tiempo\/","name":"Manejar con apneas de sue\u00f1o, un riesgo si no se trata a tiempo - Sergio Lapegue","isPartOf":{"@id":"https:\/\/sergiolapegue.com\/site\/#website"},"primaryImageOfPage":{"@id":"https:\/\/sergiolapegue.com\/site\/2024\/03\/15\/manejar-con-apneas-de-sueno-un-riesgo-si-no-se-trata-a-tiempo\/#primaryimage"},"image":{"@id":"https:\/\/sergiolapegue.com\/site\/2024\/03\/15\/manejar-con-apneas-de-sueno-un-riesgo-si-no-se-trata-a-tiempo\/#primaryimage"},"thumbnailUrl":"https:\/\/sergiolapegue.com\/site\/wp-content\/uploads\/2024\/03\/apnea-de-sueno02.jpg","datePublished":"2024-03-15T12:29:00+00:00","breadcrumb":{"@id":"https:\/\/sergiolapegue.com\/site\/2024\/03\/15\/manejar-con-apneas-de-sueno-un-riesgo-si-no-se-trata-a-tiempo\/#breadcrumb"},"inLanguage":"es-AR","potentialAction":[{"@type":"ReadAction","target":["https:\/\/sergiolapegue.com\/site\/2024\/03\/15\/manejar-con-apneas-de-sueno-un-riesgo-si-no-se-trata-a-tiempo\/"]}]},{"@type":"ImageObject","inLanguage":"es-AR","@id":"https:\/\/sergiolapegue.com\/site\/2024\/03\/15\/manejar-con-apneas-de-sueno-un-riesgo-si-no-se-trata-a-tiempo\/#primaryimage","url":"https:\/\/sergiolapegue.com\/site\/wp-content\/uploads\/2024\/03\/apnea-de-sueno02.jpg","contentUrl":"https:\/\/sergiolapegue.com\/site\/wp-content\/uploads\/2024\/03\/apnea-de-sueno02.jpg","width":512,"height":287},{"@type":"BreadcrumbList","@id":"https:\/\/sergiolapegue.com\/site\/2024\/03\/15\/manejar-con-apneas-de-sueno-un-riesgo-si-no-se-trata-a-tiempo\/#breadcrumb","itemListElement":[{"@type":"ListItem","position":1,"name":"Inicio","item":"https:\/\/sergiolapegue.com\/site\/"},{"@type":"ListItem","position":2,"name":"Manejar con apneas de sue\u00f1o, un riesgo si no se trata a tiempo"}]},{"@type":"WebSite","@id":"https:\/\/sergiolapegue.com\/site\/#website","url":"https:\/\/sergiolapegue.com\/site\/","name":"Sergio Lapegue","description":"Periodista","publisher":{"@id":"https:\/\/sergiolapegue.com\/site\/#\/schema\/person\/083aeceeb0734cd166779ea6c0551a37"},"potentialAction":[{"@type":"SearchAction","target":{"@type":"EntryPoint","urlTemplate":"https:\/\/sergiolapegue.com\/site\/?s={search_term_string}"},"query-input":{"@type":"PropertyValueSpecification","valueRequired":true,"valueName":"search_term_string"}}],"inLanguage":"es-AR"},{"@type":["Person","Organization"],"@id":"https:\/\/sergiolapegue.com\/site\/#\/schema\/person\/083aeceeb0734cd166779ea6c0551a37","name":"Sergio Lapegue","image":{"@type":"ImageObject","inLanguage":"es-AR","@id":"https:\/\/sergiolapegue.com\/site\/wp-content\/uploads\/2021\/04\/logo_header-1.png","url":"https:\/\/sergiolapegue.com\/site\/wp-content\/uploads\/2021\/04\/logo_header-1.png","contentUrl":"https:\/\/sergiolapegue.com\/site\/wp-content\/uploads\/2021\/04\/logo_header-1.png","width":272,"height":90,"caption":"Sergio Lapegue"},"logo":{"@id":"https:\/\/sergiolapegue.com\/site\/wp-content\/uploads\/2021\/04\/logo_header-1.png"},"sameAs":["https:\/\/facebook.com\/sergiolapegue","https:\/\/instagram.com\/sergiolapegue","https:\/\/x.com\/https:\/\/twitter.com\/sergiolapegue"]},{"@type":"Person","@id":"https:\/\/sergiolapegue.com\/site\/#\/schema\/person\/00adf937d010c7f79a180dc4916a40e0","name":"Leonardo Monta\u00f1a","image":{"@type":"ImageObject","inLanguage":"es-AR","@id":"https:\/\/sergiolapegue.com\/site\/wp-content\/uploads\/2021\/04\/sl_avatar_Leonardo-150x150.jpg","url":"https:\/\/sergiolapegue.com\/site\/wp-content\/uploads\/2021\/04\/sl_avatar_Leonardo-150x150.jpg","contentUrl":"https:\/\/sergiolapegue.com\/site\/wp-content\/uploads\/2021\/04\/sl_avatar_Leonardo-150x150.jpg","caption":"Leonardo Monta\u00f1a"},"sameAs":["https:\/\/x.com\/https:\/\/twitter.com\/soytoto81"],"url":"https:\/\/sergiolapegue.com\/site\/author\/leonardo\/"}]}},"_links":{"self":[{"href":"https:\/\/sergiolapegue.com\/site\/wp-json\/wp\/v2\/posts\/13755","targetHints":{"allow":["GET"]}}],"collection":[{"href":"https:\/\/sergiolapegue.com\/site\/wp-json\/wp\/v2\/posts"}],"about":[{"href":"https:\/\/sergiolapegue.com\/site\/wp-json\/wp\/v2\/types\/post"}],"author":[{"embeddable":true,"href":"https:\/\/sergiolapegue.com\/site\/wp-json\/wp\/v2\/users\/4"}],"replies":[{"embeddable":true,"href":"https:\/\/sergiolapegue.com\/site\/wp-json\/wp\/v2\/comments?post=13755"}],"version-history":[{"count":1,"href":"https:\/\/sergiolapegue.com\/site\/wp-json\/wp\/v2\/posts\/13755\/revisions"}],"predecessor-version":[{"id":13758,"href":"https:\/\/sergiolapegue.com\/site\/wp-json\/wp\/v2\/posts\/13755\/revisions\/13758"}],"wp:featuredmedia":[{"embeddable":true,"href":"https:\/\/sergiolapegue.com\/site\/wp-json\/wp\/v2\/media\/13757"}],"wp:attachment":[{"href":"https:\/\/sergiolapegue.com\/site\/wp-json\/wp\/v2\/media?parent=13755"}],"wp:term":[{"taxonomy":"category","embeddable":true,"href":"https:\/\/sergiolapegue.com\/site\/wp-json\/wp\/v2\/categories?post=13755"},{"taxonomy":"post_tag","embeddable":true,"href":"https:\/\/sergiolapegue.com\/site\/wp-json\/wp\/v2\/tags?post=13755"}],"curies":[{"name":"wp","href":"https:\/\/api.w.org\/{rel}","templated":true}]}}