{"id":13659,"date":"2024-03-08T12:36:00","date_gmt":"2024-03-08T15:36:00","guid":{"rendered":"https:\/\/sergiolapegue.com\/site\/?p=13659"},"modified":"2024-03-07T15:45:06","modified_gmt":"2024-03-07T18:45:06","slug":"8m-dia-de-la-mujer-porque-las-mujeres-con-discapacidad-tambien-luchamos","status":"publish","type":"post","link":"https:\/\/sergiolapegue.com\/site\/2024\/03\/08\/8m-dia-de-la-mujer-porque-las-mujeres-con-discapacidad-tambien-luchamos\/","title":{"rendered":"8M, d\u00eda de la mujer: porque las mujeres con discapacidad tambi\u00e9n luchamos"},"content":{"rendered":"\n<p>En tiempos en los que se habla de diversidad de g\u00e9nero y se cuestionan estereotipos de belleza, incorporar a las mujeres con discapacidad y su lucha en este D\u00eda de la Mujer es fundamental. <\/p>\n\n\n\n<p>El objetivo primordial de esta fecha es proporcionar una mayor oportunidad y visibilidad para expresar las demandas y propuestas, con el fin de mejorar la calidad de vida y empoderarlas como sujetos de derechos. <\/p>\n\n\n\n<p>La exclusi\u00f3n y discriminaci\u00f3n hacia aquellos cuerpos diferentes no es algo nuevo y actualmente sigue sucediendo. Lejos de eso, es una visi\u00f3n instalada socialmente e hist\u00f3rica pero que es necesario deconstruir para acercarnos a una perspectiva cada vez m\u00e1s inclusiva que tenga en cuenta a todos los cuerpos y evitar toda forma de opresi\u00f3n y estigmatizaci\u00f3n. <\/p>\n\n\n\n<p>\u201cMe incomodaba mi cuerpo. No me desprend\u00eda tan f\u00e1cilmente del pantal\u00f3n para cubrir mis piernas diferentes. Me costaba salir a comprar ropa debiendo ajustarme a esos probadores diminutos y la falta de accesibilidad. Observaba mis cicatrices y solamente ve\u00eda imperfecci\u00f3n por un cuerpo que no encajaba en el mundo\u201d confiesa Daniela Aza, Comunicadora e influencer de la discapacidad.  <\/p>\n\n\n\n<p>En este Mes de la Mujer son muchos los discursos en torno a la diversidad pero poco se retoma la inclusi\u00f3n de las mujeres con discapacidad en las problem\u00e1ticas de g\u00e9nero. En este contexto, los cuerpos que no siguen determinadas reglas parecen \u201cestar mal\u201d y por eso son v\u00edctimas de violencia naturalizada. Y mientras recientemente han surgido movimientos como el body positive que apuntan a la aceptaci\u00f3n y reconocimiento de todos los cuerpos y a mostrar la belleza real, las mujeres con discapacidad, doblemente excluidas (por condici\u00f3n y g\u00e9nero), contin\u00faan ausentes en estos discursos y representaciones, manteni\u00e9ndose fuera de \u00e1mbitos tan cotidianos como la moda o la maternidad, fuertes tab\u00faes a erradicar. <\/p>\n\n\n\n<p>\u201cPor otro lado, las mujeres con discapacidad enfrentamos diferentes formas de violencia naturalizada ya sea en cuanto al acceso a la salud sexual y reproductiva como a trav\u00e9s de las dudas de la sociedad respecto a nuestras capacidades y decisiones\u201d explica Aza y agrega que: \u201c No es casual que la mujer con discapacidad hoy en d\u00eda permanezca a\u00fan ausente en el \u00e1mbito de la diversidad\u201d. <\/p>\n\n\n\n<p>Aquel camino que comenz\u00f3 la corriente del body positive para plantear la aceptaci\u00f3n de todas las mujeres y todos los cuerpos todav\u00eda se encuentra lejos de incorporar a las mujeres con discapacidad, a\u00fan cuando ciertas marcas apuestan a la representaci\u00f3n en publicidades o podemos ver algunas im\u00e1genes en las redes sociales muy espor\u00e1dicas. Mientras que sigue siendo evidente la ausencia de mujeres con discapacidad como consumidoras en publicidades que apuntan directamente a ese p\u00fablico, otras marcas apuestan a su incorporaci\u00f3n como parte de su mirada m\u00e1s inclusiva. <\/p>\n\n\n\n<figure class=\"wp-block-image size-full is-style-rounded\"><img loading=\"lazy\" decoding=\"async\" width=\"960\" height=\"540\" src=\"https:\/\/sergiolapegue.com\/site\/wp-content\/uploads\/2024\/03\/discapacidad01.jpg\" alt=\"\" class=\"wp-image-13661\" srcset=\"https:\/\/sergiolapegue.com\/site\/wp-content\/uploads\/2024\/03\/discapacidad01.jpg 960w, https:\/\/sergiolapegue.com\/site\/wp-content\/uploads\/2024\/03\/discapacidad01-300x169.jpg 300w, https:\/\/sergiolapegue.com\/site\/wp-content\/uploads\/2024\/03\/discapacidad01-768x432.jpg 768w, https:\/\/sergiolapegue.com\/site\/wp-content\/uploads\/2024\/03\/discapacidad01-696x392.jpg 696w\" sizes=\"auto, (max-width: 960px) 100vw, 960px\" \/><\/figure>\n\n\n\n<p>Sin embargo, la representaci\u00f3n no es todo. De hecho, la diversidad corporal va mucho m\u00e1s all\u00e1 de la visibilidad: la accesibilidad en comercios y probadores, productos inclusivos que tomen en cuenta las necesidades particulares (por ejemplo, tests de embarazo para madres con discapacidad).  <\/p>\n\n\n\n<p>\u201cSe trata adem\u00e1s de vendedores capacitados que sepan c\u00f3mo actuar ante la presencia de una persona con discapacidad, por ejemplo ayudando a que la persona con dificultades motrices se pueda probar una prenda. Dise\u00f1ando, adem\u00e1s, prendas c\u00f3modas o adaptadas desde las propias marcas conocidas que deben incluir a todas las personas en la oferta de sus productos\u201d aconseja Daniela Aza. <\/p>\n\n\n\n<p>En este sentido, es fundamental que marcas y empresas se comprometan a ampliar la mirada para incorporar coherencia entre lo que dicen y hacen. Reivindicar y naturalizar los cuerpos de las mujeres con discapacidad es algo que no puede esperar y parece ser una de las claves para seguir liber\u00e1ndonos de etiquetas y prejuicios.  <\/p>\n\n\n\n<p>Que la mujer con discapacidad est\u00e9 visibilizada, representada y que pueda ser contemplada, tambi\u00e9n, como mujer bella y empoderada para la sociedad es uno de los m\u00e1s grandes desaf\u00edos en pos de una sociedad verdaderamente inclusiva pero fundamental si apostamos a una verdadera diversidad que acepte y celebre todos los cuerpos sin excepciones.<\/p>\n\n\n\n<figure class=\"wp-block-image size-full is-resized\"><img decoding=\"async\" src=\"https:\/\/sergiolapegue.com\/site\/wp-content\/uploads\/2022\/11\/Lic-Daniela-Aza04.jpg\" alt=\"\" class=\"wp-image-6856\" style=\"width:242px;height:auto\"\/><figcaption class=\"wp-element-caption\">Daniela Aza. Lic.en Comunicaci\u00f3n UBA<\/figcaption><\/figure>\n","protected":false},"excerpt":{"rendered":"<p>En tiempos en los que se habla de diversidad de g\u00e9nero y se cuestionan estereotipos de belleza, incorporar a las mujeres con discapacidad y su lucha en este D\u00eda de la Mujer es fundamental. El objetivo primordial de esta fecha es proporcionar una mayor oportunidad y visibilidad para expresar las demandas y propuestas, con el [&hellip;]<\/p>\n","protected":false},"author":4,"featured_media":13660,"comment_status":"closed","ping_status":"closed","sticky":false,"template":"","format":"standard","meta":{"footnotes":""},"categories":[38],"tags":[2316,691,1033,1032,1145,132,435,133],"class_list":{"0":"post-13659","1":"post","2":"type-post","3":"status-publish","4":"format-standard","5":"has-post-thumbnail","7":"category-actualidad","8":"tag-belleza","9":"tag-discapacidad","10":"tag-discriminacion","11":"tag-diversidad","12":"tag-exclusion","13":"tag-genero","14":"tag-lucha","15":"tag-mujer"},"yoast_head":"<!-- This site is optimized with the Yoast SEO plugin v27.4 - https:\/\/yoast.com\/product\/yoast-seo-wordpress\/ -->\n<title>8M, d\u00eda de la mujer: porque las mujeres con discapacidad tambi\u00e9n luchamos - Sergio Lapegue<\/title>\n<meta name=\"robots\" content=\"index, follow, max-snippet:-1, max-image-preview:large, max-video-preview:-1\" \/>\n<link rel=\"canonical\" href=\"https:\/\/sergiolapegue.com\/site\/2024\/03\/08\/8m-dia-de-la-mujer-porque-las-mujeres-con-discapacidad-tambien-luchamos\/\" \/>\n<meta property=\"og:locale\" content=\"es_ES\" \/>\n<meta property=\"og:type\" content=\"article\" \/>\n<meta property=\"og:title\" content=\"8M, d\u00eda de la mujer: porque las mujeres con discapacidad tambi\u00e9n luchamos - Sergio Lapegue\" \/>\n<meta property=\"og:description\" content=\"En tiempos en los que se habla de diversidad de g\u00e9nero y se cuestionan estereotipos de belleza, incorporar a las mujeres con discapacidad y su lucha en este D\u00eda de la Mujer es fundamental. El objetivo primordial de esta fecha es proporcionar una mayor oportunidad y visibilidad para expresar las demandas y propuestas, con el [&hellip;]\" \/>\n<meta property=\"og:url\" content=\"https:\/\/sergiolapegue.com\/site\/2024\/03\/08\/8m-dia-de-la-mujer-porque-las-mujeres-con-discapacidad-tambien-luchamos\/\" \/>\n<meta property=\"og:site_name\" content=\"Sergio Lapegue\" \/>\n<meta property=\"article:publisher\" content=\"https:\/\/facebook.com\/sergiolapegue\" \/>\n<meta property=\"article:published_time\" content=\"2024-03-08T15:36:00+00:00\" \/>\n<meta property=\"og:image\" content=\"https:\/\/sergiolapegue.com\/site\/wp-content\/uploads\/2024\/03\/discapacidad02.jpg\" \/>\n\t<meta property=\"og:image:width\" content=\"1256\" \/>\n\t<meta property=\"og:image:height\" content=\"620\" \/>\n\t<meta property=\"og:image:type\" content=\"image\/jpeg\" \/>\n<meta name=\"author\" content=\"Leonardo Monta\u00f1a\" \/>\n<meta name=\"twitter:card\" content=\"summary_large_image\" \/>\n<meta name=\"twitter:creator\" content=\"@https:\/\/twitter.com\/soytoto81\" \/>\n<meta name=\"twitter:site\" content=\"@sergiolapegue\" \/>\n<meta name=\"twitter:label1\" content=\"Escrito por\" \/>\n\t<meta name=\"twitter:data1\" content=\"Leonardo Monta\u00f1a\" \/>\n\t<meta name=\"twitter:label2\" content=\"Tiempo de lectura\" \/>\n\t<meta name=\"twitter:data2\" content=\"4 minutos\" \/>\n<script type=\"application\/ld+json\" class=\"yoast-schema-graph\">{\"@context\":\"https:\\\/\\\/schema.org\",\"@graph\":[{\"@type\":\"Article\",\"@id\":\"https:\\\/\\\/sergiolapegue.com\\\/site\\\/2024\\\/03\\\/08\\\/8m-dia-de-la-mujer-porque-las-mujeres-con-discapacidad-tambien-luchamos\\\/#article\",\"isPartOf\":{\"@id\":\"https:\\\/\\\/sergiolapegue.com\\\/site\\\/2024\\\/03\\\/08\\\/8m-dia-de-la-mujer-porque-las-mujeres-con-discapacidad-tambien-luchamos\\\/\"},\"author\":{\"name\":\"Leonardo Monta\u00f1a\",\"@id\":\"https:\\\/\\\/sergiolapegue.com\\\/site\\\/#\\\/schema\\\/person\\\/00adf937d010c7f79a180dc4916a40e0\"},\"headline\":\"8M, d\u00eda de la mujer: porque las mujeres con discapacidad tambi\u00e9n luchamos\",\"datePublished\":\"2024-03-08T15:36:00+00:00\",\"mainEntityOfPage\":{\"@id\":\"https:\\\/\\\/sergiolapegue.com\\\/site\\\/2024\\\/03\\\/08\\\/8m-dia-de-la-mujer-porque-las-mujeres-con-discapacidad-tambien-luchamos\\\/\"},\"wordCount\":724,\"publisher\":{\"@id\":\"https:\\\/\\\/sergiolapegue.com\\\/site\\\/#\\\/schema\\\/person\\\/083aeceeb0734cd166779ea6c0551a37\"},\"image\":{\"@id\":\"https:\\\/\\\/sergiolapegue.com\\\/site\\\/2024\\\/03\\\/08\\\/8m-dia-de-la-mujer-porque-las-mujeres-con-discapacidad-tambien-luchamos\\\/#primaryimage\"},\"thumbnailUrl\":\"https:\\\/\\\/sergiolapegue.com\\\/site\\\/wp-content\\\/uploads\\\/2024\\\/03\\\/discapacidad02.jpg\",\"keywords\":[\"belleza\",\"discapacidad\",\"discriminacion\",\"diversidad\",\"exclusion\",\"genero\",\"lucha\",\"mujer\"],\"articleSection\":[\"Actualidad\"],\"inLanguage\":\"es-AR\"},{\"@type\":\"WebPage\",\"@id\":\"https:\\\/\\\/sergiolapegue.com\\\/site\\\/2024\\\/03\\\/08\\\/8m-dia-de-la-mujer-porque-las-mujeres-con-discapacidad-tambien-luchamos\\\/\",\"url\":\"https:\\\/\\\/sergiolapegue.com\\\/site\\\/2024\\\/03\\\/08\\\/8m-dia-de-la-mujer-porque-las-mujeres-con-discapacidad-tambien-luchamos\\\/\",\"name\":\"8M, d\u00eda de la mujer: porque las mujeres con discapacidad tambi\u00e9n luchamos - Sergio Lapegue\",\"isPartOf\":{\"@id\":\"https:\\\/\\\/sergiolapegue.com\\\/site\\\/#website\"},\"primaryImageOfPage\":{\"@id\":\"https:\\\/\\\/sergiolapegue.com\\\/site\\\/2024\\\/03\\\/08\\\/8m-dia-de-la-mujer-porque-las-mujeres-con-discapacidad-tambien-luchamos\\\/#primaryimage\"},\"image\":{\"@id\":\"https:\\\/\\\/sergiolapegue.com\\\/site\\\/2024\\\/03\\\/08\\\/8m-dia-de-la-mujer-porque-las-mujeres-con-discapacidad-tambien-luchamos\\\/#primaryimage\"},\"thumbnailUrl\":\"https:\\\/\\\/sergiolapegue.com\\\/site\\\/wp-content\\\/uploads\\\/2024\\\/03\\\/discapacidad02.jpg\",\"datePublished\":\"2024-03-08T15:36:00+00:00\",\"breadcrumb\":{\"@id\":\"https:\\\/\\\/sergiolapegue.com\\\/site\\\/2024\\\/03\\\/08\\\/8m-dia-de-la-mujer-porque-las-mujeres-con-discapacidad-tambien-luchamos\\\/#breadcrumb\"},\"inLanguage\":\"es-AR\",\"potentialAction\":[{\"@type\":\"ReadAction\",\"target\":[\"https:\\\/\\\/sergiolapegue.com\\\/site\\\/2024\\\/03\\\/08\\\/8m-dia-de-la-mujer-porque-las-mujeres-con-discapacidad-tambien-luchamos\\\/\"]}]},{\"@type\":\"ImageObject\",\"inLanguage\":\"es-AR\",\"@id\":\"https:\\\/\\\/sergiolapegue.com\\\/site\\\/2024\\\/03\\\/08\\\/8m-dia-de-la-mujer-porque-las-mujeres-con-discapacidad-tambien-luchamos\\\/#primaryimage\",\"url\":\"https:\\\/\\\/sergiolapegue.com\\\/site\\\/wp-content\\\/uploads\\\/2024\\\/03\\\/discapacidad02.jpg\",\"contentUrl\":\"https:\\\/\\\/sergiolapegue.com\\\/site\\\/wp-content\\\/uploads\\\/2024\\\/03\\\/discapacidad02.jpg\",\"width\":1256,\"height\":620},{\"@type\":\"BreadcrumbList\",\"@id\":\"https:\\\/\\\/sergiolapegue.com\\\/site\\\/2024\\\/03\\\/08\\\/8m-dia-de-la-mujer-porque-las-mujeres-con-discapacidad-tambien-luchamos\\\/#breadcrumb\",\"itemListElement\":[{\"@type\":\"ListItem\",\"position\":1,\"name\":\"Inicio\",\"item\":\"https:\\\/\\\/sergiolapegue.com\\\/site\\\/\"},{\"@type\":\"ListItem\",\"position\":2,\"name\":\"8M, d\u00eda de la mujer: porque las mujeres con discapacidad tambi\u00e9n luchamos\"}]},{\"@type\":\"WebSite\",\"@id\":\"https:\\\/\\\/sergiolapegue.com\\\/site\\\/#website\",\"url\":\"https:\\\/\\\/sergiolapegue.com\\\/site\\\/\",\"name\":\"Sergio Lapegue\",\"description\":\"Periodista\",\"publisher\":{\"@id\":\"https:\\\/\\\/sergiolapegue.com\\\/site\\\/#\\\/schema\\\/person\\\/083aeceeb0734cd166779ea6c0551a37\"},\"potentialAction\":[{\"@type\":\"SearchAction\",\"target\":{\"@type\":\"EntryPoint\",\"urlTemplate\":\"https:\\\/\\\/sergiolapegue.com\\\/site\\\/?s={search_term_string}\"},\"query-input\":{\"@type\":\"PropertyValueSpecification\",\"valueRequired\":true,\"valueName\":\"search_term_string\"}}],\"inLanguage\":\"es-AR\"},{\"@type\":[\"Person\",\"Organization\"],\"@id\":\"https:\\\/\\\/sergiolapegue.com\\\/site\\\/#\\\/schema\\\/person\\\/083aeceeb0734cd166779ea6c0551a37\",\"name\":\"Sergio Lapegue\",\"image\":{\"@type\":\"ImageObject\",\"inLanguage\":\"es-AR\",\"@id\":\"https:\\\/\\\/sergiolapegue.com\\\/site\\\/wp-content\\\/uploads\\\/2021\\\/04\\\/logo_header-1.png\",\"url\":\"https:\\\/\\\/sergiolapegue.com\\\/site\\\/wp-content\\\/uploads\\\/2021\\\/04\\\/logo_header-1.png\",\"contentUrl\":\"https:\\\/\\\/sergiolapegue.com\\\/site\\\/wp-content\\\/uploads\\\/2021\\\/04\\\/logo_header-1.png\",\"width\":272,\"height\":90,\"caption\":\"Sergio Lapegue\"},\"logo\":{\"@id\":\"https:\\\/\\\/sergiolapegue.com\\\/site\\\/wp-content\\\/uploads\\\/2021\\\/04\\\/logo_header-1.png\"},\"sameAs\":[\"https:\\\/\\\/facebook.com\\\/sergiolapegue\",\"https:\\\/\\\/instagram.com\\\/sergiolapegue\",\"https:\\\/\\\/x.com\\\/https:\\\/\\\/twitter.com\\\/sergiolapegue\"]},{\"@type\":\"Person\",\"@id\":\"https:\\\/\\\/sergiolapegue.com\\\/site\\\/#\\\/schema\\\/person\\\/00adf937d010c7f79a180dc4916a40e0\",\"name\":\"Leonardo Monta\u00f1a\",\"image\":{\"@type\":\"ImageObject\",\"inLanguage\":\"es-AR\",\"@id\":\"https:\\\/\\\/sergiolapegue.com\\\/site\\\/wp-content\\\/uploads\\\/2021\\\/04\\\/sl_avatar_Leonardo-150x150.jpg\",\"url\":\"https:\\\/\\\/sergiolapegue.com\\\/site\\\/wp-content\\\/uploads\\\/2021\\\/04\\\/sl_avatar_Leonardo-150x150.jpg\",\"contentUrl\":\"https:\\\/\\\/sergiolapegue.com\\\/site\\\/wp-content\\\/uploads\\\/2021\\\/04\\\/sl_avatar_Leonardo-150x150.jpg\",\"caption\":\"Leonardo Monta\u00f1a\"},\"sameAs\":[\"https:\\\/\\\/x.com\\\/https:\\\/\\\/twitter.com\\\/soytoto81\"],\"url\":\"https:\\\/\\\/sergiolapegue.com\\\/site\\\/author\\\/leonardo\\\/\"}]}<\/script>\n<!-- \/ Yoast SEO plugin. -->","yoast_head_json":{"title":"8M, d\u00eda de la mujer: porque las mujeres con discapacidad tambi\u00e9n luchamos - Sergio Lapegue","robots":{"index":"index","follow":"follow","max-snippet":"max-snippet:-1","max-image-preview":"max-image-preview:large","max-video-preview":"max-video-preview:-1"},"canonical":"https:\/\/sergiolapegue.com\/site\/2024\/03\/08\/8m-dia-de-la-mujer-porque-las-mujeres-con-discapacidad-tambien-luchamos\/","og_locale":"es_ES","og_type":"article","og_title":"8M, d\u00eda de la mujer: porque las mujeres con discapacidad tambi\u00e9n luchamos - Sergio Lapegue","og_description":"En tiempos en los que se habla de diversidad de g\u00e9nero y se cuestionan estereotipos de belleza, incorporar a las mujeres con discapacidad y su lucha en este D\u00eda de la Mujer es fundamental. El objetivo primordial de esta fecha es proporcionar una mayor oportunidad y visibilidad para expresar las demandas y propuestas, con el [&hellip;]","og_url":"https:\/\/sergiolapegue.com\/site\/2024\/03\/08\/8m-dia-de-la-mujer-porque-las-mujeres-con-discapacidad-tambien-luchamos\/","og_site_name":"Sergio Lapegue","article_publisher":"https:\/\/facebook.com\/sergiolapegue","article_published_time":"2024-03-08T15:36:00+00:00","og_image":[{"width":1256,"height":620,"url":"https:\/\/sergiolapegue.com\/site\/wp-content\/uploads\/2024\/03\/discapacidad02.jpg","type":"image\/jpeg"}],"author":"Leonardo Monta\u00f1a","twitter_card":"summary_large_image","twitter_creator":"@https:\/\/twitter.com\/soytoto81","twitter_site":"@sergiolapegue","twitter_misc":{"Escrito por":"Leonardo Monta\u00f1a","Tiempo de lectura":"4 minutos"},"schema":{"@context":"https:\/\/schema.org","@graph":[{"@type":"Article","@id":"https:\/\/sergiolapegue.com\/site\/2024\/03\/08\/8m-dia-de-la-mujer-porque-las-mujeres-con-discapacidad-tambien-luchamos\/#article","isPartOf":{"@id":"https:\/\/sergiolapegue.com\/site\/2024\/03\/08\/8m-dia-de-la-mujer-porque-las-mujeres-con-discapacidad-tambien-luchamos\/"},"author":{"name":"Leonardo Monta\u00f1a","@id":"https:\/\/sergiolapegue.com\/site\/#\/schema\/person\/00adf937d010c7f79a180dc4916a40e0"},"headline":"8M, d\u00eda de la mujer: porque las mujeres con discapacidad tambi\u00e9n luchamos","datePublished":"2024-03-08T15:36:00+00:00","mainEntityOfPage":{"@id":"https:\/\/sergiolapegue.com\/site\/2024\/03\/08\/8m-dia-de-la-mujer-porque-las-mujeres-con-discapacidad-tambien-luchamos\/"},"wordCount":724,"publisher":{"@id":"https:\/\/sergiolapegue.com\/site\/#\/schema\/person\/083aeceeb0734cd166779ea6c0551a37"},"image":{"@id":"https:\/\/sergiolapegue.com\/site\/2024\/03\/08\/8m-dia-de-la-mujer-porque-las-mujeres-con-discapacidad-tambien-luchamos\/#primaryimage"},"thumbnailUrl":"https:\/\/sergiolapegue.com\/site\/wp-content\/uploads\/2024\/03\/discapacidad02.jpg","keywords":["belleza","discapacidad","discriminacion","diversidad","exclusion","genero","lucha","mujer"],"articleSection":["Actualidad"],"inLanguage":"es-AR"},{"@type":"WebPage","@id":"https:\/\/sergiolapegue.com\/site\/2024\/03\/08\/8m-dia-de-la-mujer-porque-las-mujeres-con-discapacidad-tambien-luchamos\/","url":"https:\/\/sergiolapegue.com\/site\/2024\/03\/08\/8m-dia-de-la-mujer-porque-las-mujeres-con-discapacidad-tambien-luchamos\/","name":"8M, d\u00eda de la mujer: porque las mujeres con discapacidad tambi\u00e9n luchamos - Sergio Lapegue","isPartOf":{"@id":"https:\/\/sergiolapegue.com\/site\/#website"},"primaryImageOfPage":{"@id":"https:\/\/sergiolapegue.com\/site\/2024\/03\/08\/8m-dia-de-la-mujer-porque-las-mujeres-con-discapacidad-tambien-luchamos\/#primaryimage"},"image":{"@id":"https:\/\/sergiolapegue.com\/site\/2024\/03\/08\/8m-dia-de-la-mujer-porque-las-mujeres-con-discapacidad-tambien-luchamos\/#primaryimage"},"thumbnailUrl":"https:\/\/sergiolapegue.com\/site\/wp-content\/uploads\/2024\/03\/discapacidad02.jpg","datePublished":"2024-03-08T15:36:00+00:00","breadcrumb":{"@id":"https:\/\/sergiolapegue.com\/site\/2024\/03\/08\/8m-dia-de-la-mujer-porque-las-mujeres-con-discapacidad-tambien-luchamos\/#breadcrumb"},"inLanguage":"es-AR","potentialAction":[{"@type":"ReadAction","target":["https:\/\/sergiolapegue.com\/site\/2024\/03\/08\/8m-dia-de-la-mujer-porque-las-mujeres-con-discapacidad-tambien-luchamos\/"]}]},{"@type":"ImageObject","inLanguage":"es-AR","@id":"https:\/\/sergiolapegue.com\/site\/2024\/03\/08\/8m-dia-de-la-mujer-porque-las-mujeres-con-discapacidad-tambien-luchamos\/#primaryimage","url":"https:\/\/sergiolapegue.com\/site\/wp-content\/uploads\/2024\/03\/discapacidad02.jpg","contentUrl":"https:\/\/sergiolapegue.com\/site\/wp-content\/uploads\/2024\/03\/discapacidad02.jpg","width":1256,"height":620},{"@type":"BreadcrumbList","@id":"https:\/\/sergiolapegue.com\/site\/2024\/03\/08\/8m-dia-de-la-mujer-porque-las-mujeres-con-discapacidad-tambien-luchamos\/#breadcrumb","itemListElement":[{"@type":"ListItem","position":1,"name":"Inicio","item":"https:\/\/sergiolapegue.com\/site\/"},{"@type":"ListItem","position":2,"name":"8M, d\u00eda de la mujer: porque las mujeres con discapacidad tambi\u00e9n luchamos"}]},{"@type":"WebSite","@id":"https:\/\/sergiolapegue.com\/site\/#website","url":"https:\/\/sergiolapegue.com\/site\/","name":"Sergio Lapegue","description":"Periodista","publisher":{"@id":"https:\/\/sergiolapegue.com\/site\/#\/schema\/person\/083aeceeb0734cd166779ea6c0551a37"},"potentialAction":[{"@type":"SearchAction","target":{"@type":"EntryPoint","urlTemplate":"https:\/\/sergiolapegue.com\/site\/?s={search_term_string}"},"query-input":{"@type":"PropertyValueSpecification","valueRequired":true,"valueName":"search_term_string"}}],"inLanguage":"es-AR"},{"@type":["Person","Organization"],"@id":"https:\/\/sergiolapegue.com\/site\/#\/schema\/person\/083aeceeb0734cd166779ea6c0551a37","name":"Sergio Lapegue","image":{"@type":"ImageObject","inLanguage":"es-AR","@id":"https:\/\/sergiolapegue.com\/site\/wp-content\/uploads\/2021\/04\/logo_header-1.png","url":"https:\/\/sergiolapegue.com\/site\/wp-content\/uploads\/2021\/04\/logo_header-1.png","contentUrl":"https:\/\/sergiolapegue.com\/site\/wp-content\/uploads\/2021\/04\/logo_header-1.png","width":272,"height":90,"caption":"Sergio Lapegue"},"logo":{"@id":"https:\/\/sergiolapegue.com\/site\/wp-content\/uploads\/2021\/04\/logo_header-1.png"},"sameAs":["https:\/\/facebook.com\/sergiolapegue","https:\/\/instagram.com\/sergiolapegue","https:\/\/x.com\/https:\/\/twitter.com\/sergiolapegue"]},{"@type":"Person","@id":"https:\/\/sergiolapegue.com\/site\/#\/schema\/person\/00adf937d010c7f79a180dc4916a40e0","name":"Leonardo Monta\u00f1a","image":{"@type":"ImageObject","inLanguage":"es-AR","@id":"https:\/\/sergiolapegue.com\/site\/wp-content\/uploads\/2021\/04\/sl_avatar_Leonardo-150x150.jpg","url":"https:\/\/sergiolapegue.com\/site\/wp-content\/uploads\/2021\/04\/sl_avatar_Leonardo-150x150.jpg","contentUrl":"https:\/\/sergiolapegue.com\/site\/wp-content\/uploads\/2021\/04\/sl_avatar_Leonardo-150x150.jpg","caption":"Leonardo Monta\u00f1a"},"sameAs":["https:\/\/x.com\/https:\/\/twitter.com\/soytoto81"],"url":"https:\/\/sergiolapegue.com\/site\/author\/leonardo\/"}]}},"_links":{"self":[{"href":"https:\/\/sergiolapegue.com\/site\/wp-json\/wp\/v2\/posts\/13659","targetHints":{"allow":["GET"]}}],"collection":[{"href":"https:\/\/sergiolapegue.com\/site\/wp-json\/wp\/v2\/posts"}],"about":[{"href":"https:\/\/sergiolapegue.com\/site\/wp-json\/wp\/v2\/types\/post"}],"author":[{"embeddable":true,"href":"https:\/\/sergiolapegue.com\/site\/wp-json\/wp\/v2\/users\/4"}],"replies":[{"embeddable":true,"href":"https:\/\/sergiolapegue.com\/site\/wp-json\/wp\/v2\/comments?post=13659"}],"version-history":[{"count":1,"href":"https:\/\/sergiolapegue.com\/site\/wp-json\/wp\/v2\/posts\/13659\/revisions"}],"predecessor-version":[{"id":13662,"href":"https:\/\/sergiolapegue.com\/site\/wp-json\/wp\/v2\/posts\/13659\/revisions\/13662"}],"wp:featuredmedia":[{"embeddable":true,"href":"https:\/\/sergiolapegue.com\/site\/wp-json\/wp\/v2\/media\/13660"}],"wp:attachment":[{"href":"https:\/\/sergiolapegue.com\/site\/wp-json\/wp\/v2\/media?parent=13659"}],"wp:term":[{"taxonomy":"category","embeddable":true,"href":"https:\/\/sergiolapegue.com\/site\/wp-json\/wp\/v2\/categories?post=13659"},{"taxonomy":"post_tag","embeddable":true,"href":"https:\/\/sergiolapegue.com\/site\/wp-json\/wp\/v2\/tags?post=13659"}],"curies":[{"name":"wp","href":"https:\/\/api.w.org\/{rel}","templated":true}]}}