{"id":13621,"date":"2024-03-08T08:06:00","date_gmt":"2024-03-08T11:06:00","guid":{"rendered":"https:\/\/sergiolapegue.com\/site\/?p=13621"},"modified":"2024-03-05T10:12:26","modified_gmt":"2024-03-05T13:12:26","slug":"8m-necesidad-de-respuestas-transformadoras","status":"publish","type":"post","link":"https:\/\/sergiolapegue.com\/site\/2024\/03\/08\/8m-necesidad-de-respuestas-transformadoras\/","title":{"rendered":"8M: Necesidad de respuestas transformadoras"},"content":{"rendered":"\n<p>Las pol\u00edticas p\u00fablicas pueden ser diferenciadas en dos, aquellas que son transversales a toda la sociedad, y las particulares con foco en determinados grupos sociales, cuya ejecuci\u00f3n goza de un mayor grado de especificidad. Las pol\u00edticas de g\u00e9nero, que se encuentran en este \u00faltimo grupo, tienen el enorme desaf\u00edo de buscar la equidad social en su conjunto, pero trabajando con un grupo meta especifico. El principal valor de las pol\u00edticas p\u00fablicas focalizadas reside en la capacidad de atender demandas de forma tal que se pueda poner especial atenci\u00f3n en las vulneraciones de derechos que son persistentes en la sociedad, pero que s\u00f3lo las sufren un determinado grupo social. Que el Estado defina un conjunto de herramientas program\u00e1ticas hacia las mujeres posiciona y le da relevancia a un problema social, cultural y econ\u00f3mico que invisibiliz\u00f3 durante d\u00e9cadas.<\/p>\n\n\n\n<p>Si bien es un planteo que nos interpela todo el tiempo, cada 8 de marzo es una oportunidad especial para incursionar en un an\u00e1lisis m\u00e1s profundo sobre las desigualdades de g\u00e9nero y la consecuente pobreza que persisten en nuestro pa\u00eds. Seg\u00fan el Instituto Nacional de Estad\u00edsticas y Censos (INDEC), la pobreza rondaba al 40,1% en el primer semestre del 2023 y ya afectaba a 18,5 millones de personas, del cual el 9,3% ya estaba en situaci\u00f3n de indigencia. Analizando hacia el interior de la sociedad se puede tomar la conclusi\u00f3n a la que arribaron la Universidad Nacional de C\u00f3rdoba (UNC) y el CONICET, quienes concluyeron que las mujeres tienen un 65% m\u00e1s de probabilidades de ser pobres que los hombres. En sinton\u00eda con ello, el Observatorio de las Violencias y Desigualdades por Razones de G\u00e9nero del ex Ministerio de las Mujeres, G\u00e9neros y Diversidad de la Naci\u00f3n (MMGyD) se\u00f1al\u00f3 que, para el segundo trimestre del 2022, las mujeres representaban el 64% de la poblaci\u00f3n de menores ingresos, mientras que ganaban un 28,1% menos que los varones.<\/p>\n\n\n\n<p>Esta realidad no se puede escindir de lo esbozado por el Observatorio de Igualdad de G\u00e9nero de Am\u00e9rica Latina y el Caribe, quien se\u00f1al\u00f3 que, en Argentina, el promedio de horas semanales que dedican las mujeres de 15 a\u00f1os o m\u00e1s al trabajo dom\u00e9stico no remunerado es de 33,2%, frente a las 17,6% de los hombres. Las mujeres, que asumen en su gran mayor\u00eda la crianza de sus hijos e hijas, conviven con una realidad social que marca que 6 de cada 10 menores de 14 a\u00f1os son pobres. M\u00e1s a\u00fan, seg\u00fan el Observatorio de Femicidios en Argentina \u201cAdriana Marisel Zambrano\u201d, solo durante el a\u00f1o 2023 hubo 334 v\u00edctimas de femicidios y trans\/travesticidios, lo que gener\u00f3 que 416 hijos e hijas, de los cuales 6 de cada 10 son menores de edad, se quedaran sin madre.<\/p>\n\n\n\n<p>Si se analiza la terminalidad escolar de mujeres y varones, un factor clave para analizar la futura inserci\u00f3n en el mercado del trabajo y los ingresos percibidos por la realizaci\u00f3n de actividades laborales, un estudio de Argentinos por la Educaci\u00f3n arroj\u00f3 que, dentro del universo etario de 25 a 29 a\u00f1os, hay un 79% de mujeres con secundario completo o m\u00e1s, en comparaci\u00f3n con un 68% de los varones. El mismo trabajo concluy\u00f3 que en 13 de las 15 principales disciplinas universitarias, los hombres obtienen salarios superiores. De esto se desprende que, pese a contar con mayor formaci\u00f3n acad\u00e9mica, las mujeres ganan menos dinero.<\/p>\n\n\n\n<p>Ante este escenario social que vive nuestro pa\u00eds, cabe preguntarse: \u00bfc\u00f3mo no hacer foco espec\u00edficamente en un grupo social que sufre constantemente las desigualdades sociales, culturales y econ\u00f3micas que se vienen reproduciendo hace a\u00f1os? \u00bfNo hace a la eficacia del Estado el poder trabajar particularmente all\u00ed donde exista una desigualdad social y una vulneraci\u00f3n marcada de derechos? En Argentina conviven 23.705.494 mujeres, y el \u00edndice de feminidad, es decir, el n\u00famero de mujeres por cada cien varones es de 107. Si se analiza este mismo indicador para la poblaci\u00f3n de 0 a 14 a\u00f1os, esa cifra disminuye a 97, pero aumenta a 140 si se toma a las mujeres de 65 a\u00f1os y m\u00e1s. \u00bfRealmente el Estado, la principal herramienta de transformaci\u00f3n social, va a hacer o\u00eddos sordos a esta injusticia que sufrimos las mujeres?<\/p>\n\n\n\n<figure class=\"wp-block-image size-large is-resized is-style-rounded\"><img loading=\"lazy\" decoding=\"async\" width=\"1024\" height=\"547\" src=\"https:\/\/sergiolapegue.com\/site\/wp-content\/uploads\/2024\/03\/8m01-1024x547.jpg\" alt=\"\" class=\"wp-image-13623\" style=\"width:701px;height:auto\" srcset=\"https:\/\/sergiolapegue.com\/site\/wp-content\/uploads\/2024\/03\/8m01-1024x547.jpg 1024w, https:\/\/sergiolapegue.com\/site\/wp-content\/uploads\/2024\/03\/8m01-300x160.jpg 300w, https:\/\/sergiolapegue.com\/site\/wp-content\/uploads\/2024\/03\/8m01-768x410.jpg 768w, https:\/\/sergiolapegue.com\/site\/wp-content\/uploads\/2024\/03\/8m01-696x372.jpg 696w, https:\/\/sergiolapegue.com\/site\/wp-content\/uploads\/2024\/03\/8m01-1068x570.jpg 1068w, https:\/\/sergiolapegue.com\/site\/wp-content\/uploads\/2024\/03\/8m01.jpg 1292w\" sizes=\"auto, (max-width: 1024px) 100vw, 1024px\" \/><\/figure>\n\n\n\n<p>A Aldeas Infantiles SOS no se nos hace esquiva la realidad social que atravesamos como pa\u00eds. Por ello, y en l\u00ednea con los valores fundantes de la organizaci\u00f3n y las misiones que nos gu\u00edan, expresamos nuestra preocupaci\u00f3n por la falta de planes integrales de pol\u00edticas p\u00fablicas destinados a prevenir las violencias, abordar y acompa\u00f1ar a las mujeres que sufren las desigualdades existentes aqu\u00ed mencionadas. Creemos que a toda intervenci\u00f3n estatal se la debe dotar de superaci\u00f3n constante para poder transformar la realidad que nos aqueja, pero nunca puede ser interrumpida dr\u00e1sticamente.<\/p>\n\n\n\n<p>La promoci\u00f3n y defensa de los derechos de las mujeres no pueden variar seg\u00fan los gobiernos de turno, sino que deben ser una constante que se mantenga en el tiempo. Las pol\u00edticas de g\u00e9nero no son arbitrarias, sino necesarias. A las mujeres nos matan y somos v\u00edctimas del sistema desigual de g\u00e9nero, necesitamos respuestas transformadoras e ingeniosas por parte del Estado para que esta situaci\u00f3n se revierta definitivamente.<\/p>\n\n\n\n<p>Como organizaci\u00f3n de la sociedad civil creemos que una comunidad m\u00e1s justa y equitativa solo puede ser posible con una mujer que goce del pleno ejercicio de derechos de manera equitativa libre de todas desigualdades. Hace a\u00f1os que desde Aldeas Infantiles SOS hemos incorporado las pol\u00edticas de g\u00e9nero a la planificaci\u00f3n, ejecuci\u00f3n y evaluaci\u00f3n de nuestros programas, para lo cual hemos dado lugar la conformaci\u00f3n de un Comit\u00e9 Nacional de G\u00e9nero que vele por su debida aplicaci\u00f3n. Todos los d\u00edas del a\u00f1o trabajamos por una sociedad que se reconozca libre de toda injusticia, pero no creemos que sea una tarea aislada e individual, sino que debe ser colectiva y plural. Para ello, y para afrontar cientos de injusticias, estamos al servicio de la comunidad.<\/p>\n\n\n\n<figure class=\"wp-block-image size-large is-resized\"><img loading=\"lazy\" decoding=\"async\" width=\"1024\" height=\"683\" src=\"https:\/\/sergiolapegue.com\/site\/wp-content\/uploads\/2024\/03\/Aldeas-Infantiles-SOS-Lucia-Buratovich-1024x683.jpg\" alt=\"\" class=\"wp-image-13622\" style=\"width:267px;height:auto\" srcset=\"https:\/\/sergiolapegue.com\/site\/wp-content\/uploads\/2024\/03\/Aldeas-Infantiles-SOS-Lucia-Buratovich-1024x683.jpg 1024w, https:\/\/sergiolapegue.com\/site\/wp-content\/uploads\/2024\/03\/Aldeas-Infantiles-SOS-Lucia-Buratovich-300x200.jpg 300w, https:\/\/sergiolapegue.com\/site\/wp-content\/uploads\/2024\/03\/Aldeas-Infantiles-SOS-Lucia-Buratovich-768x512.jpg 768w, https:\/\/sergiolapegue.com\/site\/wp-content\/uploads\/2024\/03\/Aldeas-Infantiles-SOS-Lucia-Buratovich-1536x1024.jpg 1536w, https:\/\/sergiolapegue.com\/site\/wp-content\/uploads\/2024\/03\/Aldeas-Infantiles-SOS-Lucia-Buratovich-2048x1365.jpg 2048w, https:\/\/sergiolapegue.com\/site\/wp-content\/uploads\/2024\/03\/Aldeas-Infantiles-SOS-Lucia-Buratovich-696x464.jpg 696w, https:\/\/sergiolapegue.com\/site\/wp-content\/uploads\/2024\/03\/Aldeas-Infantiles-SOS-Lucia-Buratovich-1068x712.jpg 1068w, https:\/\/sergiolapegue.com\/site\/wp-content\/uploads\/2024\/03\/Aldeas-Infantiles-SOS-Lucia-Buratovich-1920x1280.jpg 1920w\" sizes=\"auto, (max-width: 1024px) 100vw, 1024px\" \/><figcaption class=\"wp-element-caption\"><strong><em>Por la Lic. Luc\u00eda Buratovich, Directora de Programas de Aldeas Infantiles SOS en Argentina<\/em><\/strong><\/figcaption><\/figure>\n","protected":false},"excerpt":{"rendered":"<p>Las pol\u00edticas p\u00fablicas pueden ser diferenciadas en dos, aquellas que son transversales a toda la sociedad, y las particulares con foco en determinados grupos sociales, cuya ejecuci\u00f3n goza de un mayor grado de especificidad. Las pol\u00edticas de g\u00e9nero, que se encuentran en este \u00faltimo grupo, tienen el enorme desaf\u00edo de buscar la equidad social en [&hellip;]<\/p>\n","protected":false},"author":4,"featured_media":13624,"comment_status":"closed","ping_status":"closed","sticky":false,"template":"","format":"standard","meta":{"footnotes":""},"categories":[38],"tags":[1073,1252,2480,132,435,1646,133,3336,595,426,1505],"class_list":{"0":"post-13621","1":"post","2":"type-post","3":"status-publish","4":"format-standard","5":"has-post-thumbnail","7":"category-actualidad","8":"tag-8m","9":"tag-cultura","10":"tag-economico","11":"tag-genero","12":"tag-lucha","13":"tag-marcha","14":"tag-mujer","15":"tag-ni-una-menos","16":"tag-politica","17":"tag-social","18":"tag-sociedad"},"yoast_head":"<!-- This site is optimized with the Yoast SEO plugin v27.4 - https:\/\/yoast.com\/product\/yoast-seo-wordpress\/ -->\n<title>8M: Necesidad de respuestas transformadoras - Sergio Lapegue<\/title>\n<meta name=\"robots\" content=\"index, follow, max-snippet:-1, max-image-preview:large, max-video-preview:-1\" \/>\n<link rel=\"canonical\" href=\"https:\/\/sergiolapegue.com\/site\/2024\/03\/08\/8m-necesidad-de-respuestas-transformadoras\/\" \/>\n<meta property=\"og:locale\" content=\"es_ES\" \/>\n<meta property=\"og:type\" content=\"article\" \/>\n<meta property=\"og:title\" content=\"8M: Necesidad de respuestas transformadoras - Sergio Lapegue\" \/>\n<meta property=\"og:description\" content=\"Las pol\u00edticas p\u00fablicas pueden ser diferenciadas en dos, aquellas que son transversales a toda la sociedad, y las particulares con foco en determinados grupos sociales, cuya ejecuci\u00f3n goza de un mayor grado de especificidad. Las pol\u00edticas de g\u00e9nero, que se encuentran en este \u00faltimo grupo, tienen el enorme desaf\u00edo de buscar la equidad social en [&hellip;]\" \/>\n<meta property=\"og:url\" content=\"https:\/\/sergiolapegue.com\/site\/2024\/03\/08\/8m-necesidad-de-respuestas-transformadoras\/\" \/>\n<meta property=\"og:site_name\" content=\"Sergio Lapegue\" \/>\n<meta property=\"article:publisher\" content=\"https:\/\/facebook.com\/sergiolapegue\" \/>\n<meta property=\"article:published_time\" content=\"2024-03-08T11:06:00+00:00\" \/>\n<meta property=\"og:image\" content=\"https:\/\/sergiolapegue.com\/site\/wp-content\/uploads\/2024\/03\/8m02.jpg\" \/>\n\t<meta property=\"og:image:width\" content=\"960\" \/>\n\t<meta property=\"og:image:height\" content=\"540\" \/>\n\t<meta property=\"og:image:type\" content=\"image\/jpeg\" \/>\n<meta name=\"author\" content=\"Leonardo Monta\u00f1a\" \/>\n<meta name=\"twitter:card\" content=\"summary_large_image\" \/>\n<meta name=\"twitter:creator\" content=\"@https:\/\/twitter.com\/soytoto81\" \/>\n<meta name=\"twitter:site\" content=\"@sergiolapegue\" \/>\n<meta name=\"twitter:label1\" content=\"Escrito por\" \/>\n\t<meta name=\"twitter:data1\" content=\"Leonardo Monta\u00f1a\" \/>\n\t<meta name=\"twitter:label2\" content=\"Tiempo de lectura\" \/>\n\t<meta name=\"twitter:data2\" content=\"6 minutos\" \/>\n<script type=\"application\/ld+json\" class=\"yoast-schema-graph\">{\"@context\":\"https:\\\/\\\/schema.org\",\"@graph\":[{\"@type\":\"Article\",\"@id\":\"https:\\\/\\\/sergiolapegue.com\\\/site\\\/2024\\\/03\\\/08\\\/8m-necesidad-de-respuestas-transformadoras\\\/#article\",\"isPartOf\":{\"@id\":\"https:\\\/\\\/sergiolapegue.com\\\/site\\\/2024\\\/03\\\/08\\\/8m-necesidad-de-respuestas-transformadoras\\\/\"},\"author\":{\"name\":\"Leonardo Monta\u00f1a\",\"@id\":\"https:\\\/\\\/sergiolapegue.com\\\/site\\\/#\\\/schema\\\/person\\\/00adf937d010c7f79a180dc4916a40e0\"},\"headline\":\"8M: Necesidad de respuestas transformadoras\",\"datePublished\":\"2024-03-08T11:06:00+00:00\",\"mainEntityOfPage\":{\"@id\":\"https:\\\/\\\/sergiolapegue.com\\\/site\\\/2024\\\/03\\\/08\\\/8m-necesidad-de-respuestas-transformadoras\\\/\"},\"wordCount\":1052,\"publisher\":{\"@id\":\"https:\\\/\\\/sergiolapegue.com\\\/site\\\/#\\\/schema\\\/person\\\/083aeceeb0734cd166779ea6c0551a37\"},\"image\":{\"@id\":\"https:\\\/\\\/sergiolapegue.com\\\/site\\\/2024\\\/03\\\/08\\\/8m-necesidad-de-respuestas-transformadoras\\\/#primaryimage\"},\"thumbnailUrl\":\"https:\\\/\\\/sergiolapegue.com\\\/site\\\/wp-content\\\/uploads\\\/2024\\\/03\\\/8m02.jpg\",\"keywords\":[\"8m\",\"cultura\",\"economico\",\"genero\",\"lucha\",\"marcha\",\"mujer\",\"ni una menos\",\"politica\",\"social\",\"sociedad\"],\"articleSection\":[\"Actualidad\"],\"inLanguage\":\"es-AR\"},{\"@type\":\"WebPage\",\"@id\":\"https:\\\/\\\/sergiolapegue.com\\\/site\\\/2024\\\/03\\\/08\\\/8m-necesidad-de-respuestas-transformadoras\\\/\",\"url\":\"https:\\\/\\\/sergiolapegue.com\\\/site\\\/2024\\\/03\\\/08\\\/8m-necesidad-de-respuestas-transformadoras\\\/\",\"name\":\"8M: Necesidad de respuestas transformadoras - Sergio Lapegue\",\"isPartOf\":{\"@id\":\"https:\\\/\\\/sergiolapegue.com\\\/site\\\/#website\"},\"primaryImageOfPage\":{\"@id\":\"https:\\\/\\\/sergiolapegue.com\\\/site\\\/2024\\\/03\\\/08\\\/8m-necesidad-de-respuestas-transformadoras\\\/#primaryimage\"},\"image\":{\"@id\":\"https:\\\/\\\/sergiolapegue.com\\\/site\\\/2024\\\/03\\\/08\\\/8m-necesidad-de-respuestas-transformadoras\\\/#primaryimage\"},\"thumbnailUrl\":\"https:\\\/\\\/sergiolapegue.com\\\/site\\\/wp-content\\\/uploads\\\/2024\\\/03\\\/8m02.jpg\",\"datePublished\":\"2024-03-08T11:06:00+00:00\",\"breadcrumb\":{\"@id\":\"https:\\\/\\\/sergiolapegue.com\\\/site\\\/2024\\\/03\\\/08\\\/8m-necesidad-de-respuestas-transformadoras\\\/#breadcrumb\"},\"inLanguage\":\"es-AR\",\"potentialAction\":[{\"@type\":\"ReadAction\",\"target\":[\"https:\\\/\\\/sergiolapegue.com\\\/site\\\/2024\\\/03\\\/08\\\/8m-necesidad-de-respuestas-transformadoras\\\/\"]}]},{\"@type\":\"ImageObject\",\"inLanguage\":\"es-AR\",\"@id\":\"https:\\\/\\\/sergiolapegue.com\\\/site\\\/2024\\\/03\\\/08\\\/8m-necesidad-de-respuestas-transformadoras\\\/#primaryimage\",\"url\":\"https:\\\/\\\/sergiolapegue.com\\\/site\\\/wp-content\\\/uploads\\\/2024\\\/03\\\/8m02.jpg\",\"contentUrl\":\"https:\\\/\\\/sergiolapegue.com\\\/site\\\/wp-content\\\/uploads\\\/2024\\\/03\\\/8m02.jpg\",\"width\":960,\"height\":540},{\"@type\":\"BreadcrumbList\",\"@id\":\"https:\\\/\\\/sergiolapegue.com\\\/site\\\/2024\\\/03\\\/08\\\/8m-necesidad-de-respuestas-transformadoras\\\/#breadcrumb\",\"itemListElement\":[{\"@type\":\"ListItem\",\"position\":1,\"name\":\"Inicio\",\"item\":\"https:\\\/\\\/sergiolapegue.com\\\/site\\\/\"},{\"@type\":\"ListItem\",\"position\":2,\"name\":\"8M: Necesidad de respuestas transformadoras\"}]},{\"@type\":\"WebSite\",\"@id\":\"https:\\\/\\\/sergiolapegue.com\\\/site\\\/#website\",\"url\":\"https:\\\/\\\/sergiolapegue.com\\\/site\\\/\",\"name\":\"Sergio Lapegue\",\"description\":\"Periodista\",\"publisher\":{\"@id\":\"https:\\\/\\\/sergiolapegue.com\\\/site\\\/#\\\/schema\\\/person\\\/083aeceeb0734cd166779ea6c0551a37\"},\"potentialAction\":[{\"@type\":\"SearchAction\",\"target\":{\"@type\":\"EntryPoint\",\"urlTemplate\":\"https:\\\/\\\/sergiolapegue.com\\\/site\\\/?s={search_term_string}\"},\"query-input\":{\"@type\":\"PropertyValueSpecification\",\"valueRequired\":true,\"valueName\":\"search_term_string\"}}],\"inLanguage\":\"es-AR\"},{\"@type\":[\"Person\",\"Organization\"],\"@id\":\"https:\\\/\\\/sergiolapegue.com\\\/site\\\/#\\\/schema\\\/person\\\/083aeceeb0734cd166779ea6c0551a37\",\"name\":\"Sergio Lapegue\",\"image\":{\"@type\":\"ImageObject\",\"inLanguage\":\"es-AR\",\"@id\":\"https:\\\/\\\/sergiolapegue.com\\\/site\\\/wp-content\\\/uploads\\\/2021\\\/04\\\/logo_header-1.png\",\"url\":\"https:\\\/\\\/sergiolapegue.com\\\/site\\\/wp-content\\\/uploads\\\/2021\\\/04\\\/logo_header-1.png\",\"contentUrl\":\"https:\\\/\\\/sergiolapegue.com\\\/site\\\/wp-content\\\/uploads\\\/2021\\\/04\\\/logo_header-1.png\",\"width\":272,\"height\":90,\"caption\":\"Sergio Lapegue\"},\"logo\":{\"@id\":\"https:\\\/\\\/sergiolapegue.com\\\/site\\\/wp-content\\\/uploads\\\/2021\\\/04\\\/logo_header-1.png\"},\"sameAs\":[\"https:\\\/\\\/facebook.com\\\/sergiolapegue\",\"https:\\\/\\\/instagram.com\\\/sergiolapegue\",\"https:\\\/\\\/x.com\\\/https:\\\/\\\/twitter.com\\\/sergiolapegue\"]},{\"@type\":\"Person\",\"@id\":\"https:\\\/\\\/sergiolapegue.com\\\/site\\\/#\\\/schema\\\/person\\\/00adf937d010c7f79a180dc4916a40e0\",\"name\":\"Leonardo Monta\u00f1a\",\"image\":{\"@type\":\"ImageObject\",\"inLanguage\":\"es-AR\",\"@id\":\"https:\\\/\\\/sergiolapegue.com\\\/site\\\/wp-content\\\/uploads\\\/2021\\\/04\\\/sl_avatar_Leonardo-150x150.jpg\",\"url\":\"https:\\\/\\\/sergiolapegue.com\\\/site\\\/wp-content\\\/uploads\\\/2021\\\/04\\\/sl_avatar_Leonardo-150x150.jpg\",\"contentUrl\":\"https:\\\/\\\/sergiolapegue.com\\\/site\\\/wp-content\\\/uploads\\\/2021\\\/04\\\/sl_avatar_Leonardo-150x150.jpg\",\"caption\":\"Leonardo Monta\u00f1a\"},\"sameAs\":[\"https:\\\/\\\/x.com\\\/https:\\\/\\\/twitter.com\\\/soytoto81\"],\"url\":\"https:\\\/\\\/sergiolapegue.com\\\/site\\\/author\\\/leonardo\\\/\"}]}<\/script>\n<!-- \/ Yoast SEO plugin. -->","yoast_head_json":{"title":"8M: Necesidad de respuestas transformadoras - Sergio Lapegue","robots":{"index":"index","follow":"follow","max-snippet":"max-snippet:-1","max-image-preview":"max-image-preview:large","max-video-preview":"max-video-preview:-1"},"canonical":"https:\/\/sergiolapegue.com\/site\/2024\/03\/08\/8m-necesidad-de-respuestas-transformadoras\/","og_locale":"es_ES","og_type":"article","og_title":"8M: Necesidad de respuestas transformadoras - Sergio Lapegue","og_description":"Las pol\u00edticas p\u00fablicas pueden ser diferenciadas en dos, aquellas que son transversales a toda la sociedad, y las particulares con foco en determinados grupos sociales, cuya ejecuci\u00f3n goza de un mayor grado de especificidad. Las pol\u00edticas de g\u00e9nero, que se encuentran en este \u00faltimo grupo, tienen el enorme desaf\u00edo de buscar la equidad social en [&hellip;]","og_url":"https:\/\/sergiolapegue.com\/site\/2024\/03\/08\/8m-necesidad-de-respuestas-transformadoras\/","og_site_name":"Sergio Lapegue","article_publisher":"https:\/\/facebook.com\/sergiolapegue","article_published_time":"2024-03-08T11:06:00+00:00","og_image":[{"width":960,"height":540,"url":"https:\/\/sergiolapegue.com\/site\/wp-content\/uploads\/2024\/03\/8m02.jpg","type":"image\/jpeg"}],"author":"Leonardo Monta\u00f1a","twitter_card":"summary_large_image","twitter_creator":"@https:\/\/twitter.com\/soytoto81","twitter_site":"@sergiolapegue","twitter_misc":{"Escrito por":"Leonardo Monta\u00f1a","Tiempo de lectura":"6 minutos"},"schema":{"@context":"https:\/\/schema.org","@graph":[{"@type":"Article","@id":"https:\/\/sergiolapegue.com\/site\/2024\/03\/08\/8m-necesidad-de-respuestas-transformadoras\/#article","isPartOf":{"@id":"https:\/\/sergiolapegue.com\/site\/2024\/03\/08\/8m-necesidad-de-respuestas-transformadoras\/"},"author":{"name":"Leonardo Monta\u00f1a","@id":"https:\/\/sergiolapegue.com\/site\/#\/schema\/person\/00adf937d010c7f79a180dc4916a40e0"},"headline":"8M: Necesidad de respuestas transformadoras","datePublished":"2024-03-08T11:06:00+00:00","mainEntityOfPage":{"@id":"https:\/\/sergiolapegue.com\/site\/2024\/03\/08\/8m-necesidad-de-respuestas-transformadoras\/"},"wordCount":1052,"publisher":{"@id":"https:\/\/sergiolapegue.com\/site\/#\/schema\/person\/083aeceeb0734cd166779ea6c0551a37"},"image":{"@id":"https:\/\/sergiolapegue.com\/site\/2024\/03\/08\/8m-necesidad-de-respuestas-transformadoras\/#primaryimage"},"thumbnailUrl":"https:\/\/sergiolapegue.com\/site\/wp-content\/uploads\/2024\/03\/8m02.jpg","keywords":["8m","cultura","economico","genero","lucha","marcha","mujer","ni una menos","politica","social","sociedad"],"articleSection":["Actualidad"],"inLanguage":"es-AR"},{"@type":"WebPage","@id":"https:\/\/sergiolapegue.com\/site\/2024\/03\/08\/8m-necesidad-de-respuestas-transformadoras\/","url":"https:\/\/sergiolapegue.com\/site\/2024\/03\/08\/8m-necesidad-de-respuestas-transformadoras\/","name":"8M: Necesidad de respuestas transformadoras - Sergio Lapegue","isPartOf":{"@id":"https:\/\/sergiolapegue.com\/site\/#website"},"primaryImageOfPage":{"@id":"https:\/\/sergiolapegue.com\/site\/2024\/03\/08\/8m-necesidad-de-respuestas-transformadoras\/#primaryimage"},"image":{"@id":"https:\/\/sergiolapegue.com\/site\/2024\/03\/08\/8m-necesidad-de-respuestas-transformadoras\/#primaryimage"},"thumbnailUrl":"https:\/\/sergiolapegue.com\/site\/wp-content\/uploads\/2024\/03\/8m02.jpg","datePublished":"2024-03-08T11:06:00+00:00","breadcrumb":{"@id":"https:\/\/sergiolapegue.com\/site\/2024\/03\/08\/8m-necesidad-de-respuestas-transformadoras\/#breadcrumb"},"inLanguage":"es-AR","potentialAction":[{"@type":"ReadAction","target":["https:\/\/sergiolapegue.com\/site\/2024\/03\/08\/8m-necesidad-de-respuestas-transformadoras\/"]}]},{"@type":"ImageObject","inLanguage":"es-AR","@id":"https:\/\/sergiolapegue.com\/site\/2024\/03\/08\/8m-necesidad-de-respuestas-transformadoras\/#primaryimage","url":"https:\/\/sergiolapegue.com\/site\/wp-content\/uploads\/2024\/03\/8m02.jpg","contentUrl":"https:\/\/sergiolapegue.com\/site\/wp-content\/uploads\/2024\/03\/8m02.jpg","width":960,"height":540},{"@type":"BreadcrumbList","@id":"https:\/\/sergiolapegue.com\/site\/2024\/03\/08\/8m-necesidad-de-respuestas-transformadoras\/#breadcrumb","itemListElement":[{"@type":"ListItem","position":1,"name":"Inicio","item":"https:\/\/sergiolapegue.com\/site\/"},{"@type":"ListItem","position":2,"name":"8M: Necesidad de respuestas transformadoras"}]},{"@type":"WebSite","@id":"https:\/\/sergiolapegue.com\/site\/#website","url":"https:\/\/sergiolapegue.com\/site\/","name":"Sergio Lapegue","description":"Periodista","publisher":{"@id":"https:\/\/sergiolapegue.com\/site\/#\/schema\/person\/083aeceeb0734cd166779ea6c0551a37"},"potentialAction":[{"@type":"SearchAction","target":{"@type":"EntryPoint","urlTemplate":"https:\/\/sergiolapegue.com\/site\/?s={search_term_string}"},"query-input":{"@type":"PropertyValueSpecification","valueRequired":true,"valueName":"search_term_string"}}],"inLanguage":"es-AR"},{"@type":["Person","Organization"],"@id":"https:\/\/sergiolapegue.com\/site\/#\/schema\/person\/083aeceeb0734cd166779ea6c0551a37","name":"Sergio Lapegue","image":{"@type":"ImageObject","inLanguage":"es-AR","@id":"https:\/\/sergiolapegue.com\/site\/wp-content\/uploads\/2021\/04\/logo_header-1.png","url":"https:\/\/sergiolapegue.com\/site\/wp-content\/uploads\/2021\/04\/logo_header-1.png","contentUrl":"https:\/\/sergiolapegue.com\/site\/wp-content\/uploads\/2021\/04\/logo_header-1.png","width":272,"height":90,"caption":"Sergio Lapegue"},"logo":{"@id":"https:\/\/sergiolapegue.com\/site\/wp-content\/uploads\/2021\/04\/logo_header-1.png"},"sameAs":["https:\/\/facebook.com\/sergiolapegue","https:\/\/instagram.com\/sergiolapegue","https:\/\/x.com\/https:\/\/twitter.com\/sergiolapegue"]},{"@type":"Person","@id":"https:\/\/sergiolapegue.com\/site\/#\/schema\/person\/00adf937d010c7f79a180dc4916a40e0","name":"Leonardo Monta\u00f1a","image":{"@type":"ImageObject","inLanguage":"es-AR","@id":"https:\/\/sergiolapegue.com\/site\/wp-content\/uploads\/2021\/04\/sl_avatar_Leonardo-150x150.jpg","url":"https:\/\/sergiolapegue.com\/site\/wp-content\/uploads\/2021\/04\/sl_avatar_Leonardo-150x150.jpg","contentUrl":"https:\/\/sergiolapegue.com\/site\/wp-content\/uploads\/2021\/04\/sl_avatar_Leonardo-150x150.jpg","caption":"Leonardo Monta\u00f1a"},"sameAs":["https:\/\/x.com\/https:\/\/twitter.com\/soytoto81"],"url":"https:\/\/sergiolapegue.com\/site\/author\/leonardo\/"}]}},"_links":{"self":[{"href":"https:\/\/sergiolapegue.com\/site\/wp-json\/wp\/v2\/posts\/13621","targetHints":{"allow":["GET"]}}],"collection":[{"href":"https:\/\/sergiolapegue.com\/site\/wp-json\/wp\/v2\/posts"}],"about":[{"href":"https:\/\/sergiolapegue.com\/site\/wp-json\/wp\/v2\/types\/post"}],"author":[{"embeddable":true,"href":"https:\/\/sergiolapegue.com\/site\/wp-json\/wp\/v2\/users\/4"}],"replies":[{"embeddable":true,"href":"https:\/\/sergiolapegue.com\/site\/wp-json\/wp\/v2\/comments?post=13621"}],"version-history":[{"count":1,"href":"https:\/\/sergiolapegue.com\/site\/wp-json\/wp\/v2\/posts\/13621\/revisions"}],"predecessor-version":[{"id":13625,"href":"https:\/\/sergiolapegue.com\/site\/wp-json\/wp\/v2\/posts\/13621\/revisions\/13625"}],"wp:featuredmedia":[{"embeddable":true,"href":"https:\/\/sergiolapegue.com\/site\/wp-json\/wp\/v2\/media\/13624"}],"wp:attachment":[{"href":"https:\/\/sergiolapegue.com\/site\/wp-json\/wp\/v2\/media?parent=13621"}],"wp:term":[{"taxonomy":"category","embeddable":true,"href":"https:\/\/sergiolapegue.com\/site\/wp-json\/wp\/v2\/categories?post=13621"},{"taxonomy":"post_tag","embeddable":true,"href":"https:\/\/sergiolapegue.com\/site\/wp-json\/wp\/v2\/tags?post=13621"}],"curies":[{"name":"wp","href":"https:\/\/api.w.org\/{rel}","templated":true}]}}