{"id":13309,"date":"2024-02-13T18:00:00","date_gmt":"2024-02-13T21:00:00","guid":{"rendered":"https:\/\/sergiolapegue.com\/site\/?p=13309"},"modified":"2024-02-13T01:01:04","modified_gmt":"2024-02-13T04:01:04","slug":"campana-de-donacion-en-el-teatro-el-popular","status":"publish","type":"post","link":"https:\/\/sergiolapegue.com\/site\/2024\/02\/13\/campana-de-donacion-en-el-teatro-el-popular\/","title":{"rendered":"CAMPA\u00d1A DE DONACI\u00d3N EN EL TEATRO EL POPULAR"},"content":{"rendered":"\n<p>El Teatro El Popular se pone al hombro una nueva campa\u00f1a de donaci\u00f3n de \u00fatiles escolares y feria americana para ni\u00f1os y adolescentes de la Comuna 3 de Balvanera.<\/p>\n\n\n\n<p>La misma se realizara los d\u00edas mi\u00e9rcoles y jueves de febrero de 16:00 a 20:00 horas, en Chile 2080 \u2013 Balvanera \u2013 CABA<\/p>\n\n\n\n<figure class=\"wp-block-image size-large\"><img loading=\"lazy\" decoding=\"async\" width=\"1024\" height=\"1024\" src=\"https:\/\/sergiolapegue.com\/site\/wp-content\/uploads\/2024\/02\/Campana-de-donacion-en-el-Teatro-el-Popular-1024x1024.png\" alt=\"\" class=\"wp-image-13310\" srcset=\"https:\/\/sergiolapegue.com\/site\/wp-content\/uploads\/2024\/02\/Campana-de-donacion-en-el-Teatro-el-Popular-1024x1024.png 1024w, https:\/\/sergiolapegue.com\/site\/wp-content\/uploads\/2024\/02\/Campana-de-donacion-en-el-Teatro-el-Popular-300x300.png 300w, https:\/\/sergiolapegue.com\/site\/wp-content\/uploads\/2024\/02\/Campana-de-donacion-en-el-Teatro-el-Popular-150x150.png 150w, https:\/\/sergiolapegue.com\/site\/wp-content\/uploads\/2024\/02\/Campana-de-donacion-en-el-Teatro-el-Popular-768x768.png 768w, https:\/\/sergiolapegue.com\/site\/wp-content\/uploads\/2024\/02\/Campana-de-donacion-en-el-Teatro-el-Popular-696x696.png 696w, https:\/\/sergiolapegue.com\/site\/wp-content\/uploads\/2024\/02\/Campana-de-donacion-en-el-Teatro-el-Popular-1068x1068.png 1068w, https:\/\/sergiolapegue.com\/site\/wp-content\/uploads\/2024\/02\/Campana-de-donacion-en-el-Teatro-el-Popular.png 1080w\" sizes=\"auto, (max-width: 1024px) 100vw, 1024px\" \/><\/figure>\n\n\n\n<p>Agradecer\u00edamos a todas las personas que puedan colaborar se acerquen al teatro para que este proyecto pueda tener excelentes frutos para ayudar a esos ni\u00f1os y adolescentes que menos tienen y puedan seguir estudiando para que el d\u00eda de ma\u00f1ana tengamos m\u00e1s profesionales y no ni\u00f1os y adolescentes pidiendo en las calles.<\/p>\n\n\n\n<p>Gracias Maril\u00fa Diz por acercarnos la gacetilla de prensa con toda la informaci\u00f3n de esta maravillosa campa\u00f1a que realizan.<\/p>\n","protected":false},"excerpt":{"rendered":"<p>El Teatro El Popular se pone al hombro una nueva campa\u00f1a de donaci\u00f3n de \u00fatiles escolares y feria americana para ni\u00f1os y adolescentes de la Comuna 3 de Balvanera. La misma se realizara los d\u00edas mi\u00e9rcoles y jueves de febrero de 16:00 a 20:00 horas, en Chile 2080 \u2013 Balvanera \u2013 CABA Agradecer\u00edamos a todas [&hellip;]<\/p>\n","protected":false},"author":3,"featured_media":13311,"comment_status":"open","ping_status":"closed","sticky":false,"template":"","format":"standard","meta":{"footnotes":""},"categories":[38,39],"tags":[],"class_list":{"0":"post-13309","1":"post","2":"type-post","3":"status-publish","4":"format-standard","5":"has-post-thumbnail","7":"category-actualidad","8":"category-interes-general"},"yoast_head":"<!-- This site is optimized with the Yoast SEO plugin v27.4 - https:\/\/yoast.com\/product\/yoast-seo-wordpress\/ -->\n<title>CAMPA\u00d1A DE DONACI\u00d3N EN EL TEATRO EL POPULAR - Sergio Lapegue<\/title>\n<meta name=\"robots\" content=\"index, follow, max-snippet:-1, max-image-preview:large, max-video-preview:-1\" \/>\n<link rel=\"canonical\" href=\"https:\/\/sergiolapegue.com\/site\/2024\/02\/13\/campana-de-donacion-en-el-teatro-el-popular\/\" \/>\n<meta property=\"og:locale\" content=\"es_ES\" \/>\n<meta property=\"og:type\" content=\"article\" \/>\n<meta property=\"og:title\" content=\"CAMPA\u00d1A DE DONACI\u00d3N EN EL TEATRO EL POPULAR - Sergio Lapegue\" \/>\n<meta property=\"og:description\" content=\"El Teatro El Popular se pone al hombro una nueva campa\u00f1a de donaci\u00f3n de \u00fatiles escolares y feria americana para ni\u00f1os y adolescentes de la Comuna 3 de Balvanera. La misma se realizara los d\u00edas mi\u00e9rcoles y jueves de febrero de 16:00 a 20:00 horas, en Chile 2080 \u2013 Balvanera \u2013 CABA Agradecer\u00edamos a todas [&hellip;]\" \/>\n<meta property=\"og:url\" content=\"https:\/\/sergiolapegue.com\/site\/2024\/02\/13\/campana-de-donacion-en-el-teatro-el-popular\/\" \/>\n<meta property=\"og:site_name\" content=\"Sergio Lapegue\" \/>\n<meta property=\"article:publisher\" content=\"https:\/\/facebook.com\/sergiolapegue\" \/>\n<meta property=\"article:author\" content=\"https:\/\/facebook.com\/danielernesto.montana\" \/>\n<meta property=\"article:published_time\" content=\"2024-02-13T21:00:00+00:00\" \/>\n<meta property=\"og:image\" content=\"https:\/\/sergiolapegue.com\/site\/wp-content\/uploads\/2024\/02\/Campana-de-donacion-en-el-Teatro-el-Popular-2.png\" \/>\n\t<meta property=\"og:image:width\" content=\"1080\" \/>\n\t<meta property=\"og:image:height\" content=\"1080\" \/>\n\t<meta property=\"og:image:type\" content=\"image\/png\" \/>\n<meta name=\"author\" content=\"Daniel E. Monta\u00f1a\" \/>\n<meta name=\"twitter:card\" content=\"summary_large_image\" \/>\n<meta name=\"twitter:creator\" content=\"@https:\/\/twitter.com\/daner_004\" \/>\n<meta name=\"twitter:site\" content=\"@sergiolapegue\" \/>\n<meta name=\"twitter:label1\" content=\"Escrito por\" \/>\n\t<meta name=\"twitter:data1\" content=\"Daniel E. Monta\u00f1a\" \/>\n\t<meta name=\"twitter:label2\" content=\"Tiempo de lectura\" \/>\n\t<meta name=\"twitter:data2\" content=\"1 minuto\" \/>\n<script type=\"application\/ld+json\" class=\"yoast-schema-graph\">{\"@context\":\"https:\\\/\\\/schema.org\",\"@graph\":[{\"@type\":\"Article\",\"@id\":\"https:\\\/\\\/sergiolapegue.com\\\/site\\\/2024\\\/02\\\/13\\\/campana-de-donacion-en-el-teatro-el-popular\\\/#article\",\"isPartOf\":{\"@id\":\"https:\\\/\\\/sergiolapegue.com\\\/site\\\/2024\\\/02\\\/13\\\/campana-de-donacion-en-el-teatro-el-popular\\\/\"},\"author\":{\"name\":\"Daniel E. Monta\u00f1a\",\"@id\":\"https:\\\/\\\/sergiolapegue.com\\\/site\\\/#\\\/schema\\\/person\\\/9198e7dbab43c6d74d0fd5399af7c3cd\"},\"headline\":\"CAMPA\u00d1A DE DONACI\u00d3N EN EL TEATRO EL POPULAR\",\"datePublished\":\"2024-02-13T21:00:00+00:00\",\"mainEntityOfPage\":{\"@id\":\"https:\\\/\\\/sergiolapegue.com\\\/site\\\/2024\\\/02\\\/13\\\/campana-de-donacion-en-el-teatro-el-popular\\\/\"},\"wordCount\":140,\"commentCount\":0,\"publisher\":{\"@id\":\"https:\\\/\\\/sergiolapegue.com\\\/site\\\/#\\\/schema\\\/person\\\/083aeceeb0734cd166779ea6c0551a37\"},\"image\":{\"@id\":\"https:\\\/\\\/sergiolapegue.com\\\/site\\\/2024\\\/02\\\/13\\\/campana-de-donacion-en-el-teatro-el-popular\\\/#primaryimage\"},\"thumbnailUrl\":\"https:\\\/\\\/sergiolapegue.com\\\/site\\\/wp-content\\\/uploads\\\/2024\\\/02\\\/Campana-de-donacion-en-el-Teatro-el-Popular-2.png\",\"articleSection\":[\"Actualidad\",\"Inter\u00e9s General\"],\"inLanguage\":\"es-AR\",\"potentialAction\":[{\"@type\":\"CommentAction\",\"name\":\"Comment\",\"target\":[\"https:\\\/\\\/sergiolapegue.com\\\/site\\\/2024\\\/02\\\/13\\\/campana-de-donacion-en-el-teatro-el-popular\\\/#respond\"]}]},{\"@type\":\"WebPage\",\"@id\":\"https:\\\/\\\/sergiolapegue.com\\\/site\\\/2024\\\/02\\\/13\\\/campana-de-donacion-en-el-teatro-el-popular\\\/\",\"url\":\"https:\\\/\\\/sergiolapegue.com\\\/site\\\/2024\\\/02\\\/13\\\/campana-de-donacion-en-el-teatro-el-popular\\\/\",\"name\":\"CAMPA\u00d1A DE DONACI\u00d3N EN EL TEATRO EL POPULAR - Sergio Lapegue\",\"isPartOf\":{\"@id\":\"https:\\\/\\\/sergiolapegue.com\\\/site\\\/#website\"},\"primaryImageOfPage\":{\"@id\":\"https:\\\/\\\/sergiolapegue.com\\\/site\\\/2024\\\/02\\\/13\\\/campana-de-donacion-en-el-teatro-el-popular\\\/#primaryimage\"},\"image\":{\"@id\":\"https:\\\/\\\/sergiolapegue.com\\\/site\\\/2024\\\/02\\\/13\\\/campana-de-donacion-en-el-teatro-el-popular\\\/#primaryimage\"},\"thumbnailUrl\":\"https:\\\/\\\/sergiolapegue.com\\\/site\\\/wp-content\\\/uploads\\\/2024\\\/02\\\/Campana-de-donacion-en-el-Teatro-el-Popular-2.png\",\"datePublished\":\"2024-02-13T21:00:00+00:00\",\"breadcrumb\":{\"@id\":\"https:\\\/\\\/sergiolapegue.com\\\/site\\\/2024\\\/02\\\/13\\\/campana-de-donacion-en-el-teatro-el-popular\\\/#breadcrumb\"},\"inLanguage\":\"es-AR\",\"potentialAction\":[{\"@type\":\"ReadAction\",\"target\":[\"https:\\\/\\\/sergiolapegue.com\\\/site\\\/2024\\\/02\\\/13\\\/campana-de-donacion-en-el-teatro-el-popular\\\/\"]}]},{\"@type\":\"ImageObject\",\"inLanguage\":\"es-AR\",\"@id\":\"https:\\\/\\\/sergiolapegue.com\\\/site\\\/2024\\\/02\\\/13\\\/campana-de-donacion-en-el-teatro-el-popular\\\/#primaryimage\",\"url\":\"https:\\\/\\\/sergiolapegue.com\\\/site\\\/wp-content\\\/uploads\\\/2024\\\/02\\\/Campana-de-donacion-en-el-Teatro-el-Popular-2.png\",\"contentUrl\":\"https:\\\/\\\/sergiolapegue.com\\\/site\\\/wp-content\\\/uploads\\\/2024\\\/02\\\/Campana-de-donacion-en-el-Teatro-el-Popular-2.png\",\"width\":1080,\"height\":1080},{\"@type\":\"BreadcrumbList\",\"@id\":\"https:\\\/\\\/sergiolapegue.com\\\/site\\\/2024\\\/02\\\/13\\\/campana-de-donacion-en-el-teatro-el-popular\\\/#breadcrumb\",\"itemListElement\":[{\"@type\":\"ListItem\",\"position\":1,\"name\":\"Inicio\",\"item\":\"https:\\\/\\\/sergiolapegue.com\\\/site\\\/\"},{\"@type\":\"ListItem\",\"position\":2,\"name\":\"CAMPA\u00d1A DE DONACI\u00d3N EN EL TEATRO EL POPULAR\"}]},{\"@type\":\"WebSite\",\"@id\":\"https:\\\/\\\/sergiolapegue.com\\\/site\\\/#website\",\"url\":\"https:\\\/\\\/sergiolapegue.com\\\/site\\\/\",\"name\":\"Sergio Lapegue\",\"description\":\"Periodista\",\"publisher\":{\"@id\":\"https:\\\/\\\/sergiolapegue.com\\\/site\\\/#\\\/schema\\\/person\\\/083aeceeb0734cd166779ea6c0551a37\"},\"potentialAction\":[{\"@type\":\"SearchAction\",\"target\":{\"@type\":\"EntryPoint\",\"urlTemplate\":\"https:\\\/\\\/sergiolapegue.com\\\/site\\\/?s={search_term_string}\"},\"query-input\":{\"@type\":\"PropertyValueSpecification\",\"valueRequired\":true,\"valueName\":\"search_term_string\"}}],\"inLanguage\":\"es-AR\"},{\"@type\":[\"Person\",\"Organization\"],\"@id\":\"https:\\\/\\\/sergiolapegue.com\\\/site\\\/#\\\/schema\\\/person\\\/083aeceeb0734cd166779ea6c0551a37\",\"name\":\"Sergio Lapegue\",\"image\":{\"@type\":\"ImageObject\",\"inLanguage\":\"es-AR\",\"@id\":\"https:\\\/\\\/sergiolapegue.com\\\/site\\\/wp-content\\\/uploads\\\/2021\\\/04\\\/logo_header-1.png\",\"url\":\"https:\\\/\\\/sergiolapegue.com\\\/site\\\/wp-content\\\/uploads\\\/2021\\\/04\\\/logo_header-1.png\",\"contentUrl\":\"https:\\\/\\\/sergiolapegue.com\\\/site\\\/wp-content\\\/uploads\\\/2021\\\/04\\\/logo_header-1.png\",\"width\":272,\"height\":90,\"caption\":\"Sergio Lapegue\"},\"logo\":{\"@id\":\"https:\\\/\\\/sergiolapegue.com\\\/site\\\/wp-content\\\/uploads\\\/2021\\\/04\\\/logo_header-1.png\"},\"sameAs\":[\"https:\\\/\\\/facebook.com\\\/sergiolapegue\",\"https:\\\/\\\/instagram.com\\\/sergiolapegue\",\"https:\\\/\\\/x.com\\\/https:\\\/\\\/twitter.com\\\/sergiolapegue\"]},{\"@type\":\"Person\",\"@id\":\"https:\\\/\\\/sergiolapegue.com\\\/site\\\/#\\\/schema\\\/person\\\/9198e7dbab43c6d74d0fd5399af7c3cd\",\"name\":\"Daniel E. Monta\u00f1a\",\"image\":{\"@type\":\"ImageObject\",\"inLanguage\":\"es-AR\",\"@id\":\"https:\\\/\\\/sergiolapegue.com\\\/site\\\/wp-content\\\/uploads\\\/2021\\\/04\\\/sl_avatar_Daniel-150x150.jpg\",\"url\":\"https:\\\/\\\/sergiolapegue.com\\\/site\\\/wp-content\\\/uploads\\\/2021\\\/04\\\/sl_avatar_Daniel-150x150.jpg\",\"contentUrl\":\"https:\\\/\\\/sergiolapegue.com\\\/site\\\/wp-content\\\/uploads\\\/2021\\\/04\\\/sl_avatar_Daniel-150x150.jpg\",\"caption\":\"Daniel E. Monta\u00f1a\"},\"sameAs\":[\"https:\\\/\\\/facebook.com\\\/danielernesto.montana\",\"https:\\\/\\\/instagram.com\\\/daniel_montana1961\",\"https:\\\/\\\/x.com\\\/https:\\\/\\\/twitter.com\\\/daner_004\"],\"url\":\"https:\\\/\\\/sergiolapegue.com\\\/site\\\/author\\\/daniel\\\/\"}]}<\/script>\n<!-- \/ Yoast SEO plugin. -->","yoast_head_json":{"title":"CAMPA\u00d1A DE DONACI\u00d3N EN EL TEATRO EL POPULAR - Sergio Lapegue","robots":{"index":"index","follow":"follow","max-snippet":"max-snippet:-1","max-image-preview":"max-image-preview:large","max-video-preview":"max-video-preview:-1"},"canonical":"https:\/\/sergiolapegue.com\/site\/2024\/02\/13\/campana-de-donacion-en-el-teatro-el-popular\/","og_locale":"es_ES","og_type":"article","og_title":"CAMPA\u00d1A DE DONACI\u00d3N EN EL TEATRO EL POPULAR - Sergio Lapegue","og_description":"El Teatro El Popular se pone al hombro una nueva campa\u00f1a de donaci\u00f3n de \u00fatiles escolares y feria americana para ni\u00f1os y adolescentes de la Comuna 3 de Balvanera. La misma se realizara los d\u00edas mi\u00e9rcoles y jueves de febrero de 16:00 a 20:00 horas, en Chile 2080 \u2013 Balvanera \u2013 CABA Agradecer\u00edamos a todas [&hellip;]","og_url":"https:\/\/sergiolapegue.com\/site\/2024\/02\/13\/campana-de-donacion-en-el-teatro-el-popular\/","og_site_name":"Sergio Lapegue","article_publisher":"https:\/\/facebook.com\/sergiolapegue","article_author":"https:\/\/facebook.com\/danielernesto.montana","article_published_time":"2024-02-13T21:00:00+00:00","og_image":[{"width":1080,"height":1080,"url":"https:\/\/sergiolapegue.com\/site\/wp-content\/uploads\/2024\/02\/Campana-de-donacion-en-el-Teatro-el-Popular-2.png","type":"image\/png"}],"author":"Daniel E. Monta\u00f1a","twitter_card":"summary_large_image","twitter_creator":"@https:\/\/twitter.com\/daner_004","twitter_site":"@sergiolapegue","twitter_misc":{"Escrito por":"Daniel E. Monta\u00f1a","Tiempo de lectura":"1 minuto"},"schema":{"@context":"https:\/\/schema.org","@graph":[{"@type":"Article","@id":"https:\/\/sergiolapegue.com\/site\/2024\/02\/13\/campana-de-donacion-en-el-teatro-el-popular\/#article","isPartOf":{"@id":"https:\/\/sergiolapegue.com\/site\/2024\/02\/13\/campana-de-donacion-en-el-teatro-el-popular\/"},"author":{"name":"Daniel E. Monta\u00f1a","@id":"https:\/\/sergiolapegue.com\/site\/#\/schema\/person\/9198e7dbab43c6d74d0fd5399af7c3cd"},"headline":"CAMPA\u00d1A DE DONACI\u00d3N EN EL TEATRO EL POPULAR","datePublished":"2024-02-13T21:00:00+00:00","mainEntityOfPage":{"@id":"https:\/\/sergiolapegue.com\/site\/2024\/02\/13\/campana-de-donacion-en-el-teatro-el-popular\/"},"wordCount":140,"commentCount":0,"publisher":{"@id":"https:\/\/sergiolapegue.com\/site\/#\/schema\/person\/083aeceeb0734cd166779ea6c0551a37"},"image":{"@id":"https:\/\/sergiolapegue.com\/site\/2024\/02\/13\/campana-de-donacion-en-el-teatro-el-popular\/#primaryimage"},"thumbnailUrl":"https:\/\/sergiolapegue.com\/site\/wp-content\/uploads\/2024\/02\/Campana-de-donacion-en-el-Teatro-el-Popular-2.png","articleSection":["Actualidad","Inter\u00e9s General"],"inLanguage":"es-AR","potentialAction":[{"@type":"CommentAction","name":"Comment","target":["https:\/\/sergiolapegue.com\/site\/2024\/02\/13\/campana-de-donacion-en-el-teatro-el-popular\/#respond"]}]},{"@type":"WebPage","@id":"https:\/\/sergiolapegue.com\/site\/2024\/02\/13\/campana-de-donacion-en-el-teatro-el-popular\/","url":"https:\/\/sergiolapegue.com\/site\/2024\/02\/13\/campana-de-donacion-en-el-teatro-el-popular\/","name":"CAMPA\u00d1A DE DONACI\u00d3N EN EL TEATRO EL POPULAR - Sergio Lapegue","isPartOf":{"@id":"https:\/\/sergiolapegue.com\/site\/#website"},"primaryImageOfPage":{"@id":"https:\/\/sergiolapegue.com\/site\/2024\/02\/13\/campana-de-donacion-en-el-teatro-el-popular\/#primaryimage"},"image":{"@id":"https:\/\/sergiolapegue.com\/site\/2024\/02\/13\/campana-de-donacion-en-el-teatro-el-popular\/#primaryimage"},"thumbnailUrl":"https:\/\/sergiolapegue.com\/site\/wp-content\/uploads\/2024\/02\/Campana-de-donacion-en-el-Teatro-el-Popular-2.png","datePublished":"2024-02-13T21:00:00+00:00","breadcrumb":{"@id":"https:\/\/sergiolapegue.com\/site\/2024\/02\/13\/campana-de-donacion-en-el-teatro-el-popular\/#breadcrumb"},"inLanguage":"es-AR","potentialAction":[{"@type":"ReadAction","target":["https:\/\/sergiolapegue.com\/site\/2024\/02\/13\/campana-de-donacion-en-el-teatro-el-popular\/"]}]},{"@type":"ImageObject","inLanguage":"es-AR","@id":"https:\/\/sergiolapegue.com\/site\/2024\/02\/13\/campana-de-donacion-en-el-teatro-el-popular\/#primaryimage","url":"https:\/\/sergiolapegue.com\/site\/wp-content\/uploads\/2024\/02\/Campana-de-donacion-en-el-Teatro-el-Popular-2.png","contentUrl":"https:\/\/sergiolapegue.com\/site\/wp-content\/uploads\/2024\/02\/Campana-de-donacion-en-el-Teatro-el-Popular-2.png","width":1080,"height":1080},{"@type":"BreadcrumbList","@id":"https:\/\/sergiolapegue.com\/site\/2024\/02\/13\/campana-de-donacion-en-el-teatro-el-popular\/#breadcrumb","itemListElement":[{"@type":"ListItem","position":1,"name":"Inicio","item":"https:\/\/sergiolapegue.com\/site\/"},{"@type":"ListItem","position":2,"name":"CAMPA\u00d1A DE DONACI\u00d3N EN EL TEATRO EL POPULAR"}]},{"@type":"WebSite","@id":"https:\/\/sergiolapegue.com\/site\/#website","url":"https:\/\/sergiolapegue.com\/site\/","name":"Sergio Lapegue","description":"Periodista","publisher":{"@id":"https:\/\/sergiolapegue.com\/site\/#\/schema\/person\/083aeceeb0734cd166779ea6c0551a37"},"potentialAction":[{"@type":"SearchAction","target":{"@type":"EntryPoint","urlTemplate":"https:\/\/sergiolapegue.com\/site\/?s={search_term_string}"},"query-input":{"@type":"PropertyValueSpecification","valueRequired":true,"valueName":"search_term_string"}}],"inLanguage":"es-AR"},{"@type":["Person","Organization"],"@id":"https:\/\/sergiolapegue.com\/site\/#\/schema\/person\/083aeceeb0734cd166779ea6c0551a37","name":"Sergio Lapegue","image":{"@type":"ImageObject","inLanguage":"es-AR","@id":"https:\/\/sergiolapegue.com\/site\/wp-content\/uploads\/2021\/04\/logo_header-1.png","url":"https:\/\/sergiolapegue.com\/site\/wp-content\/uploads\/2021\/04\/logo_header-1.png","contentUrl":"https:\/\/sergiolapegue.com\/site\/wp-content\/uploads\/2021\/04\/logo_header-1.png","width":272,"height":90,"caption":"Sergio Lapegue"},"logo":{"@id":"https:\/\/sergiolapegue.com\/site\/wp-content\/uploads\/2021\/04\/logo_header-1.png"},"sameAs":["https:\/\/facebook.com\/sergiolapegue","https:\/\/instagram.com\/sergiolapegue","https:\/\/x.com\/https:\/\/twitter.com\/sergiolapegue"]},{"@type":"Person","@id":"https:\/\/sergiolapegue.com\/site\/#\/schema\/person\/9198e7dbab43c6d74d0fd5399af7c3cd","name":"Daniel E. Monta\u00f1a","image":{"@type":"ImageObject","inLanguage":"es-AR","@id":"https:\/\/sergiolapegue.com\/site\/wp-content\/uploads\/2021\/04\/sl_avatar_Daniel-150x150.jpg","url":"https:\/\/sergiolapegue.com\/site\/wp-content\/uploads\/2021\/04\/sl_avatar_Daniel-150x150.jpg","contentUrl":"https:\/\/sergiolapegue.com\/site\/wp-content\/uploads\/2021\/04\/sl_avatar_Daniel-150x150.jpg","caption":"Daniel E. Monta\u00f1a"},"sameAs":["https:\/\/facebook.com\/danielernesto.montana","https:\/\/instagram.com\/daniel_montana1961","https:\/\/x.com\/https:\/\/twitter.com\/daner_004"],"url":"https:\/\/sergiolapegue.com\/site\/author\/daniel\/"}]}},"_links":{"self":[{"href":"https:\/\/sergiolapegue.com\/site\/wp-json\/wp\/v2\/posts\/13309","targetHints":{"allow":["GET"]}}],"collection":[{"href":"https:\/\/sergiolapegue.com\/site\/wp-json\/wp\/v2\/posts"}],"about":[{"href":"https:\/\/sergiolapegue.com\/site\/wp-json\/wp\/v2\/types\/post"}],"author":[{"embeddable":true,"href":"https:\/\/sergiolapegue.com\/site\/wp-json\/wp\/v2\/users\/3"}],"replies":[{"embeddable":true,"href":"https:\/\/sergiolapegue.com\/site\/wp-json\/wp\/v2\/comments?post=13309"}],"version-history":[{"count":1,"href":"https:\/\/sergiolapegue.com\/site\/wp-json\/wp\/v2\/posts\/13309\/revisions"}],"predecessor-version":[{"id":13312,"href":"https:\/\/sergiolapegue.com\/site\/wp-json\/wp\/v2\/posts\/13309\/revisions\/13312"}],"wp:featuredmedia":[{"embeddable":true,"href":"https:\/\/sergiolapegue.com\/site\/wp-json\/wp\/v2\/media\/13311"}],"wp:attachment":[{"href":"https:\/\/sergiolapegue.com\/site\/wp-json\/wp\/v2\/media?parent=13309"}],"wp:term":[{"taxonomy":"category","embeddable":true,"href":"https:\/\/sergiolapegue.com\/site\/wp-json\/wp\/v2\/categories?post=13309"},{"taxonomy":"post_tag","embeddable":true,"href":"https:\/\/sergiolapegue.com\/site\/wp-json\/wp\/v2\/tags?post=13309"}],"curies":[{"name":"wp","href":"https:\/\/api.w.org\/{rel}","templated":true}]}}