{"id":13246,"date":"2024-02-05T12:08:12","date_gmt":"2024-02-05T15:08:12","guid":{"rendered":"https:\/\/sergiolapegue.com\/site\/?p=13246"},"modified":"2024-02-05T12:08:13","modified_gmt":"2024-02-05T15:08:13","slug":"ruta-al-pasado-el-origen-del-colectivo-en-lomas-de-zamora","status":"publish","type":"post","link":"https:\/\/sergiolapegue.com\/site\/2024\/02\/05\/ruta-al-pasado-el-origen-del-colectivo-en-lomas-de-zamora\/","title":{"rendered":"Ruta al pasado: el origen del colectivo en Lomas de Zamora"},"content":{"rendered":"\n<p>Nuestros colectivos, o &#8220;bondis&#8221;, son un medio de transporte tan popular como argentino. Su origen en la Ciudad de Buenos Aires se remonta a 1928, en que un grupo de taxistas decidi\u00f3 realizar un recorrido fijo anunci\u00e1ndolo con un cartel en su parte delantera y permitiendo subir a m\u00e1s de un pasajero.&nbsp;<\/p>\n\n\n\n<p>En&nbsp;<strong><a href=\"https:\/\/launion.com.ar\/de-Punio-y-Letra\" target=\"_blank\" rel=\"noreferrer noopener\">Lomas de Zamora<\/a><\/strong>, el colectivo tambi\u00e9n tiene su historia. Las primeras catraminas, m\u00e1s parecidas a las antiguas diligencias, comenzaron a recorrer las calles empedradas a mediados de los a\u00f1os 20. Como tambi\u00e9n andaban por calles de tierra, en los d\u00edas de lluvia el trayecto finalizaba en el cruce de Las Heras y Alvear. Si el tiempo mejoraba, algunas l\u00edneas se animaban a meterse en la huella de barro con cadenas en las ruedas, y llegar hasta la calle Tucum\u00e1n.&nbsp;<\/p>\n\n\n\n<p>Ahora bien, \u00bfqui\u00e9n fue el responsable de la expansi\u00f3n del colectivo en nuestro barrio? Cuando a\u00fan no se hab\u00edan acallado los ecos de los festejos del centenario llegaba a nuestro pa\u00eds de Castilla, Espa\u00f1a, don Te\u00f3filo Velayos. Vino a&nbsp;<strong>Lomas<\/strong>&nbsp;dispuesto a afincarse y con su flamante taxi recorr\u00eda el pueblo, haciendo o\u00edr la estridencia de su bocina en cada bocacalle. A\u00f1os despu\u00e9s comenz\u00f3 una relaci\u00f3n con Diego Wilde, el due\u00f1o de la agencia Ford local, y con un cr\u00e9dito que \u00e9ste le otorg\u00f3 compr\u00f3 cinco chasis que, carrozados en un taller metal\u00fargico, caus\u00f3 la admiraci\u00f3n de los vecinos al ver en sus calles al primer servicio de colectivos lomense. Los veh\u00edculos part\u00edan de la estaci\u00f3n de&nbsp;<strong>Lomas<\/strong>&nbsp;y segu\u00edan por Laprida, derecho hasta Tucum\u00e1n.&nbsp;<\/p>\n\n\n\n<p>Al tranv\u00eda, aquellos viejos carromatos pintados de verde oscuro y que pertenec\u00edan a la empresa &#8220;La Nacional&#8221;, le hab\u00eda salido un inesperado competidor en su recorrido inicial por las calles de Lomas. Igualmente, los tranv\u00edas llegaban hasta el Cementerio y m\u00e1s lejos todav\u00eda, hasta Villa Albertina. Sin embargo, la novedad y el atractivo para los vecinos era tomar y viajar en esos colectivos, m\u00e1s r\u00e1pidos en los desplazamientos. Los pasajeros se sentaban frente a frente y se entraba al veh\u00edculo por una puerta trasera con un pescante en el que se ubicaba el chico que trabajaba de guarda, hasta que con los a\u00f1os se fueron perfeccionando los modelos para ofrecer m\u00e1s asientos en forma horizontal, como los actuales, es decir, en fila. El viaje costaba 5 centavos y don Te\u00f3filo Velayos tuvo la idea luego de crear un sistema de abonos mensuales, algo bien recibido por los clientes.&nbsp;<\/p>\n\n\n\n<p>Con los a\u00f1os,\u00a0<strong>Lomas<\/strong>\u00a0se fue haciendo como la mayor\u00eda de los pueblos de Buenos Aires y el interior, con el transporte automotor de colectivos en crecimiento. Se fueron sumando m\u00e1s l\u00edneas urbanas a medida que aumentaba la poblaci\u00f3n bonaerense. Esas mismas empresas fueron extendiendo los recorridos y al esencial transporte ferroviario, motor de crecimiento indudable en el progreso, los colectivos se integraron definitivamente al servicio p\u00fablico de pasajeros. Hasta la semana que viene.\u00a0<\/p>\n\n\n\n<p><strong><em><a href=\"https:\/\/launion.com.ar\/nota\/35421\/2024\/02\/ruta-al-pasado--el-origen-del-colectivo-en-lomas-de-zamora\" target=\"_blank\" rel=\"noreferrer noopener\">Art\u00edculo publicado en el diario La Uni\u00f3n.<\/a><\/em><\/strong><\/p>\n","protected":false},"excerpt":{"rendered":"<p>Nuestros colectivos, o &#8220;bondis&#8221;, son un medio de transporte tan popular como argentino. Su origen en la Ciudad de Buenos Aires se remonta a 1928, en que un grupo de taxistas decidi\u00f3 realizar un recorrido fijo anunci\u00e1ndolo con un cartel en su parte delantera y permitiendo subir a m\u00e1s de un pasajero.&nbsp; En&nbsp;Lomas de Zamora, [&hellip;]<\/p>\n","protected":false},"author":6,"featured_media":13247,"comment_status":"closed","ping_status":"closed","sticky":false,"template":"","format":"standard","meta":{"footnotes":""},"categories":[1276],"tags":[3262,1323,1277],"class_list":{"0":"post-13246","1":"post","2":"type-post","3":"status-publish","4":"format-standard","5":"has-post-thumbnail","7":"category-de-puno-y-letra-lomas-de-zamora","8":"tag-colectivos","9":"tag-la-union","10":"tag-lomas-de-zamora"},"yoast_head":"<!-- This site is optimized with the Yoast SEO plugin v27.5 - https:\/\/yoast.com\/product\/yoast-seo-wordpress\/ -->\n<title>Ruta al pasado: el origen del colectivo en Lomas de Zamora - Sergio Lapegue<\/title>\n<meta name=\"description\" content=\"Las primeras catraminas, m\u00e1s parecidas a las antiguas diligencias, comenzaron a recorrer las calles empedradas a mediados de los a\u00f1os 20.\" \/>\n<meta name=\"robots\" content=\"index, follow, max-snippet:-1, max-image-preview:large, max-video-preview:-1\" \/>\n<link rel=\"canonical\" href=\"https:\/\/sergiolapegue.com\/site\/2024\/02\/05\/ruta-al-pasado-el-origen-del-colectivo-en-lomas-de-zamora\/\" \/>\n<meta property=\"og:locale\" content=\"es_ES\" \/>\n<meta property=\"og:type\" content=\"article\" \/>\n<meta property=\"og:title\" content=\"Ruta al pasado: el origen del colectivo en Lomas de Zamora - Sergio Lapegue\" \/>\n<meta property=\"og:description\" content=\"Las primeras catraminas, m\u00e1s parecidas a las antiguas diligencias, comenzaron a recorrer las calles empedradas a mediados de los a\u00f1os 20.\" \/>\n<meta property=\"og:url\" content=\"https:\/\/sergiolapegue.com\/site\/2024\/02\/05\/ruta-al-pasado-el-origen-del-colectivo-en-lomas-de-zamora\/\" \/>\n<meta property=\"og:site_name\" content=\"Sergio Lapegue\" \/>\n<meta property=\"article:publisher\" content=\"https:\/\/facebook.com\/sergiolapegue\" \/>\n<meta property=\"article:author\" content=\"https:\/\/facebook.com\/sergiolapegue\" \/>\n<meta property=\"article:published_time\" content=\"2024-02-05T15:08:12+00:00\" \/>\n<meta property=\"article:modified_time\" content=\"2024-02-05T15:08:13+00:00\" \/>\n<meta property=\"og:image\" content=\"https:\/\/sergiolapegue.com\/site\/wp-content\/uploads\/2024\/02\/190197.webp\" \/>\n\t<meta property=\"og:image:width\" content=\"1000\" \/>\n\t<meta property=\"og:image:height\" content=\"525\" \/>\n\t<meta property=\"og:image:type\" content=\"image\/webp\" \/>\n<meta name=\"author\" content=\"Sergio Lapegue\" \/>\n<meta name=\"twitter:card\" content=\"summary_large_image\" \/>\n<meta name=\"twitter:creator\" content=\"@https:\/\/twitter.com\/sergiolapegue\" \/>\n<meta name=\"twitter:site\" content=\"@sergiolapegue\" \/>\n<meta name=\"twitter:label1\" content=\"Escrito por\" \/>\n\t<meta name=\"twitter:data1\" content=\"Sergio Lapegue\" \/>\n\t<meta name=\"twitter:label2\" content=\"Tiempo de lectura\" \/>\n\t<meta name=\"twitter:data2\" content=\"3 minutos\" \/>\n<script type=\"application\/ld+json\" class=\"yoast-schema-graph\">{\"@context\":\"https:\\\/\\\/schema.org\",\"@graph\":[{\"@type\":\"Article\",\"@id\":\"https:\\\/\\\/sergiolapegue.com\\\/site\\\/2024\\\/02\\\/05\\\/ruta-al-pasado-el-origen-del-colectivo-en-lomas-de-zamora\\\/#article\",\"isPartOf\":{\"@id\":\"https:\\\/\\\/sergiolapegue.com\\\/site\\\/2024\\\/02\\\/05\\\/ruta-al-pasado-el-origen-del-colectivo-en-lomas-de-zamora\\\/\"},\"author\":{\"name\":\"Sergio Lapegue\",\"@id\":\"https:\\\/\\\/sergiolapegue.com\\\/site\\\/#\\\/schema\\\/person\\\/083aeceeb0734cd166779ea6c0551a37\"},\"headline\":\"Ruta al pasado: el origen del colectivo en Lomas de Zamora\",\"datePublished\":\"2024-02-05T15:08:12+00:00\",\"dateModified\":\"2024-02-05T15:08:13+00:00\",\"mainEntityOfPage\":{\"@id\":\"https:\\\/\\\/sergiolapegue.com\\\/site\\\/2024\\\/02\\\/05\\\/ruta-al-pasado-el-origen-del-colectivo-en-lomas-de-zamora\\\/\"},\"wordCount\":553,\"publisher\":{\"@id\":\"https:\\\/\\\/sergiolapegue.com\\\/site\\\/#\\\/schema\\\/person\\\/083aeceeb0734cd166779ea6c0551a37\"},\"image\":{\"@id\":\"https:\\\/\\\/sergiolapegue.com\\\/site\\\/2024\\\/02\\\/05\\\/ruta-al-pasado-el-origen-del-colectivo-en-lomas-de-zamora\\\/#primaryimage\"},\"thumbnailUrl\":\"https:\\\/\\\/sergiolapegue.com\\\/site\\\/wp-content\\\/uploads\\\/2024\\\/02\\\/190197.webp\",\"keywords\":[\"Colectivos\",\"La Uni\u00f3n\",\"Lomas de Zamora\"],\"articleSection\":[\"De Pu\u00f1o y Letra Lomas de Zamora\"],\"inLanguage\":\"es-AR\"},{\"@type\":\"WebPage\",\"@id\":\"https:\\\/\\\/sergiolapegue.com\\\/site\\\/2024\\\/02\\\/05\\\/ruta-al-pasado-el-origen-del-colectivo-en-lomas-de-zamora\\\/\",\"url\":\"https:\\\/\\\/sergiolapegue.com\\\/site\\\/2024\\\/02\\\/05\\\/ruta-al-pasado-el-origen-del-colectivo-en-lomas-de-zamora\\\/\",\"name\":\"Ruta al pasado: el origen del colectivo en Lomas de Zamora - Sergio Lapegue\",\"isPartOf\":{\"@id\":\"https:\\\/\\\/sergiolapegue.com\\\/site\\\/#website\"},\"primaryImageOfPage\":{\"@id\":\"https:\\\/\\\/sergiolapegue.com\\\/site\\\/2024\\\/02\\\/05\\\/ruta-al-pasado-el-origen-del-colectivo-en-lomas-de-zamora\\\/#primaryimage\"},\"image\":{\"@id\":\"https:\\\/\\\/sergiolapegue.com\\\/site\\\/2024\\\/02\\\/05\\\/ruta-al-pasado-el-origen-del-colectivo-en-lomas-de-zamora\\\/#primaryimage\"},\"thumbnailUrl\":\"https:\\\/\\\/sergiolapegue.com\\\/site\\\/wp-content\\\/uploads\\\/2024\\\/02\\\/190197.webp\",\"datePublished\":\"2024-02-05T15:08:12+00:00\",\"dateModified\":\"2024-02-05T15:08:13+00:00\",\"description\":\"Las primeras catraminas, m\u00e1s parecidas a las antiguas diligencias, comenzaron a recorrer las calles empedradas a mediados de los a\u00f1os 20.\",\"breadcrumb\":{\"@id\":\"https:\\\/\\\/sergiolapegue.com\\\/site\\\/2024\\\/02\\\/05\\\/ruta-al-pasado-el-origen-del-colectivo-en-lomas-de-zamora\\\/#breadcrumb\"},\"inLanguage\":\"es-AR\",\"potentialAction\":[{\"@type\":\"ReadAction\",\"target\":[\"https:\\\/\\\/sergiolapegue.com\\\/site\\\/2024\\\/02\\\/05\\\/ruta-al-pasado-el-origen-del-colectivo-en-lomas-de-zamora\\\/\"]}]},{\"@type\":\"ImageObject\",\"inLanguage\":\"es-AR\",\"@id\":\"https:\\\/\\\/sergiolapegue.com\\\/site\\\/2024\\\/02\\\/05\\\/ruta-al-pasado-el-origen-del-colectivo-en-lomas-de-zamora\\\/#primaryimage\",\"url\":\"https:\\\/\\\/sergiolapegue.com\\\/site\\\/wp-content\\\/uploads\\\/2024\\\/02\\\/190197.webp\",\"contentUrl\":\"https:\\\/\\\/sergiolapegue.com\\\/site\\\/wp-content\\\/uploads\\\/2024\\\/02\\\/190197.webp\",\"width\":1000,\"height\":525},{\"@type\":\"BreadcrumbList\",\"@id\":\"https:\\\/\\\/sergiolapegue.com\\\/site\\\/2024\\\/02\\\/05\\\/ruta-al-pasado-el-origen-del-colectivo-en-lomas-de-zamora\\\/#breadcrumb\",\"itemListElement\":[{\"@type\":\"ListItem\",\"position\":1,\"name\":\"Inicio\",\"item\":\"https:\\\/\\\/sergiolapegue.com\\\/site\\\/\"},{\"@type\":\"ListItem\",\"position\":2,\"name\":\"Ruta al pasado: el origen del colectivo en Lomas de Zamora\"}]},{\"@type\":\"WebSite\",\"@id\":\"https:\\\/\\\/sergiolapegue.com\\\/site\\\/#website\",\"url\":\"https:\\\/\\\/sergiolapegue.com\\\/site\\\/\",\"name\":\"Sergio Lapegue\",\"description\":\"Periodista\",\"publisher\":{\"@id\":\"https:\\\/\\\/sergiolapegue.com\\\/site\\\/#\\\/schema\\\/person\\\/083aeceeb0734cd166779ea6c0551a37\"},\"potentialAction\":[{\"@type\":\"SearchAction\",\"target\":{\"@type\":\"EntryPoint\",\"urlTemplate\":\"https:\\\/\\\/sergiolapegue.com\\\/site\\\/?s={search_term_string}\"},\"query-input\":{\"@type\":\"PropertyValueSpecification\",\"valueRequired\":true,\"valueName\":\"search_term_string\"}}],\"inLanguage\":\"es-AR\"},{\"@type\":[\"Person\",\"Organization\"],\"@id\":\"https:\\\/\\\/sergiolapegue.com\\\/site\\\/#\\\/schema\\\/person\\\/083aeceeb0734cd166779ea6c0551a37\",\"name\":\"Sergio Lapegue\",\"image\":{\"@type\":\"ImageObject\",\"inLanguage\":\"es-AR\",\"@id\":\"https:\\\/\\\/sergiolapegue.com\\\/site\\\/wp-content\\\/uploads\\\/2021\\\/04\\\/logo_header-1.png\",\"url\":\"https:\\\/\\\/sergiolapegue.com\\\/site\\\/wp-content\\\/uploads\\\/2021\\\/04\\\/logo_header-1.png\",\"contentUrl\":\"https:\\\/\\\/sergiolapegue.com\\\/site\\\/wp-content\\\/uploads\\\/2021\\\/04\\\/logo_header-1.png\",\"width\":272,\"height\":90,\"caption\":\"Sergio Lapegue\"},\"logo\":{\"@id\":\"https:\\\/\\\/sergiolapegue.com\\\/site\\\/wp-content\\\/uploads\\\/2021\\\/04\\\/logo_header-1.png\"},\"sameAs\":[\"https:\\\/\\\/facebook.com\\\/sergiolapegue\",\"https:\\\/\\\/instagram.com\\\/sergiolapegue\",\"https:\\\/\\\/x.com\\\/https:\\\/\\\/twitter.com\\\/sergiolapegue\"],\"url\":\"https:\\\/\\\/sergiolapegue.com\\\/site\\\/author\\\/sergio\\\/\"}]}<\/script>\n<!-- \/ Yoast SEO plugin. -->","yoast_head_json":{"title":"Ruta al pasado: el origen del colectivo en Lomas de Zamora - Sergio Lapegue","description":"Las primeras catraminas, m\u00e1s parecidas a las antiguas diligencias, comenzaron a recorrer las calles empedradas a mediados de los a\u00f1os 20.","robots":{"index":"index","follow":"follow","max-snippet":"max-snippet:-1","max-image-preview":"max-image-preview:large","max-video-preview":"max-video-preview:-1"},"canonical":"https:\/\/sergiolapegue.com\/site\/2024\/02\/05\/ruta-al-pasado-el-origen-del-colectivo-en-lomas-de-zamora\/","og_locale":"es_ES","og_type":"article","og_title":"Ruta al pasado: el origen del colectivo en Lomas de Zamora - Sergio Lapegue","og_description":"Las primeras catraminas, m\u00e1s parecidas a las antiguas diligencias, comenzaron a recorrer las calles empedradas a mediados de los a\u00f1os 20.","og_url":"https:\/\/sergiolapegue.com\/site\/2024\/02\/05\/ruta-al-pasado-el-origen-del-colectivo-en-lomas-de-zamora\/","og_site_name":"Sergio Lapegue","article_publisher":"https:\/\/facebook.com\/sergiolapegue","article_author":"https:\/\/facebook.com\/sergiolapegue","article_published_time":"2024-02-05T15:08:12+00:00","article_modified_time":"2024-02-05T15:08:13+00:00","og_image":[{"width":1000,"height":525,"url":"https:\/\/sergiolapegue.com\/site\/wp-content\/uploads\/2024\/02\/190197.webp","type":"image\/webp"}],"author":"Sergio Lapegue","twitter_card":"summary_large_image","twitter_creator":"@https:\/\/twitter.com\/sergiolapegue","twitter_site":"@sergiolapegue","twitter_misc":{"Escrito por":"Sergio Lapegue","Tiempo de lectura":"3 minutos"},"schema":{"@context":"https:\/\/schema.org","@graph":[{"@type":"Article","@id":"https:\/\/sergiolapegue.com\/site\/2024\/02\/05\/ruta-al-pasado-el-origen-del-colectivo-en-lomas-de-zamora\/#article","isPartOf":{"@id":"https:\/\/sergiolapegue.com\/site\/2024\/02\/05\/ruta-al-pasado-el-origen-del-colectivo-en-lomas-de-zamora\/"},"author":{"name":"Sergio Lapegue","@id":"https:\/\/sergiolapegue.com\/site\/#\/schema\/person\/083aeceeb0734cd166779ea6c0551a37"},"headline":"Ruta al pasado: el origen del colectivo en Lomas de Zamora","datePublished":"2024-02-05T15:08:12+00:00","dateModified":"2024-02-05T15:08:13+00:00","mainEntityOfPage":{"@id":"https:\/\/sergiolapegue.com\/site\/2024\/02\/05\/ruta-al-pasado-el-origen-del-colectivo-en-lomas-de-zamora\/"},"wordCount":553,"publisher":{"@id":"https:\/\/sergiolapegue.com\/site\/#\/schema\/person\/083aeceeb0734cd166779ea6c0551a37"},"image":{"@id":"https:\/\/sergiolapegue.com\/site\/2024\/02\/05\/ruta-al-pasado-el-origen-del-colectivo-en-lomas-de-zamora\/#primaryimage"},"thumbnailUrl":"https:\/\/sergiolapegue.com\/site\/wp-content\/uploads\/2024\/02\/190197.webp","keywords":["Colectivos","La Uni\u00f3n","Lomas de Zamora"],"articleSection":["De Pu\u00f1o y Letra Lomas de Zamora"],"inLanguage":"es-AR"},{"@type":"WebPage","@id":"https:\/\/sergiolapegue.com\/site\/2024\/02\/05\/ruta-al-pasado-el-origen-del-colectivo-en-lomas-de-zamora\/","url":"https:\/\/sergiolapegue.com\/site\/2024\/02\/05\/ruta-al-pasado-el-origen-del-colectivo-en-lomas-de-zamora\/","name":"Ruta al pasado: el origen del colectivo en Lomas de Zamora - Sergio Lapegue","isPartOf":{"@id":"https:\/\/sergiolapegue.com\/site\/#website"},"primaryImageOfPage":{"@id":"https:\/\/sergiolapegue.com\/site\/2024\/02\/05\/ruta-al-pasado-el-origen-del-colectivo-en-lomas-de-zamora\/#primaryimage"},"image":{"@id":"https:\/\/sergiolapegue.com\/site\/2024\/02\/05\/ruta-al-pasado-el-origen-del-colectivo-en-lomas-de-zamora\/#primaryimage"},"thumbnailUrl":"https:\/\/sergiolapegue.com\/site\/wp-content\/uploads\/2024\/02\/190197.webp","datePublished":"2024-02-05T15:08:12+00:00","dateModified":"2024-02-05T15:08:13+00:00","description":"Las primeras catraminas, m\u00e1s parecidas a las antiguas diligencias, comenzaron a recorrer las calles empedradas a mediados de los a\u00f1os 20.","breadcrumb":{"@id":"https:\/\/sergiolapegue.com\/site\/2024\/02\/05\/ruta-al-pasado-el-origen-del-colectivo-en-lomas-de-zamora\/#breadcrumb"},"inLanguage":"es-AR","potentialAction":[{"@type":"ReadAction","target":["https:\/\/sergiolapegue.com\/site\/2024\/02\/05\/ruta-al-pasado-el-origen-del-colectivo-en-lomas-de-zamora\/"]}]},{"@type":"ImageObject","inLanguage":"es-AR","@id":"https:\/\/sergiolapegue.com\/site\/2024\/02\/05\/ruta-al-pasado-el-origen-del-colectivo-en-lomas-de-zamora\/#primaryimage","url":"https:\/\/sergiolapegue.com\/site\/wp-content\/uploads\/2024\/02\/190197.webp","contentUrl":"https:\/\/sergiolapegue.com\/site\/wp-content\/uploads\/2024\/02\/190197.webp","width":1000,"height":525},{"@type":"BreadcrumbList","@id":"https:\/\/sergiolapegue.com\/site\/2024\/02\/05\/ruta-al-pasado-el-origen-del-colectivo-en-lomas-de-zamora\/#breadcrumb","itemListElement":[{"@type":"ListItem","position":1,"name":"Inicio","item":"https:\/\/sergiolapegue.com\/site\/"},{"@type":"ListItem","position":2,"name":"Ruta al pasado: el origen del colectivo en Lomas de Zamora"}]},{"@type":"WebSite","@id":"https:\/\/sergiolapegue.com\/site\/#website","url":"https:\/\/sergiolapegue.com\/site\/","name":"Sergio Lapegue","description":"Periodista","publisher":{"@id":"https:\/\/sergiolapegue.com\/site\/#\/schema\/person\/083aeceeb0734cd166779ea6c0551a37"},"potentialAction":[{"@type":"SearchAction","target":{"@type":"EntryPoint","urlTemplate":"https:\/\/sergiolapegue.com\/site\/?s={search_term_string}"},"query-input":{"@type":"PropertyValueSpecification","valueRequired":true,"valueName":"search_term_string"}}],"inLanguage":"es-AR"},{"@type":["Person","Organization"],"@id":"https:\/\/sergiolapegue.com\/site\/#\/schema\/person\/083aeceeb0734cd166779ea6c0551a37","name":"Sergio Lapegue","image":{"@type":"ImageObject","inLanguage":"es-AR","@id":"https:\/\/sergiolapegue.com\/site\/wp-content\/uploads\/2021\/04\/logo_header-1.png","url":"https:\/\/sergiolapegue.com\/site\/wp-content\/uploads\/2021\/04\/logo_header-1.png","contentUrl":"https:\/\/sergiolapegue.com\/site\/wp-content\/uploads\/2021\/04\/logo_header-1.png","width":272,"height":90,"caption":"Sergio Lapegue"},"logo":{"@id":"https:\/\/sergiolapegue.com\/site\/wp-content\/uploads\/2021\/04\/logo_header-1.png"},"sameAs":["https:\/\/facebook.com\/sergiolapegue","https:\/\/instagram.com\/sergiolapegue","https:\/\/x.com\/https:\/\/twitter.com\/sergiolapegue"],"url":"https:\/\/sergiolapegue.com\/site\/author\/sergio\/"}]}},"_links":{"self":[{"href":"https:\/\/sergiolapegue.com\/site\/wp-json\/wp\/v2\/posts\/13246","targetHints":{"allow":["GET"]}}],"collection":[{"href":"https:\/\/sergiolapegue.com\/site\/wp-json\/wp\/v2\/posts"}],"about":[{"href":"https:\/\/sergiolapegue.com\/site\/wp-json\/wp\/v2\/types\/post"}],"author":[{"embeddable":true,"href":"https:\/\/sergiolapegue.com\/site\/wp-json\/wp\/v2\/users\/6"}],"replies":[{"embeddable":true,"href":"https:\/\/sergiolapegue.com\/site\/wp-json\/wp\/v2\/comments?post=13246"}],"version-history":[{"count":1,"href":"https:\/\/sergiolapegue.com\/site\/wp-json\/wp\/v2\/posts\/13246\/revisions"}],"predecessor-version":[{"id":13248,"href":"https:\/\/sergiolapegue.com\/site\/wp-json\/wp\/v2\/posts\/13246\/revisions\/13248"}],"wp:featuredmedia":[{"embeddable":true,"href":"https:\/\/sergiolapegue.com\/site\/wp-json\/wp\/v2\/media\/13247"}],"wp:attachment":[{"href":"https:\/\/sergiolapegue.com\/site\/wp-json\/wp\/v2\/media?parent=13246"}],"wp:term":[{"taxonomy":"category","embeddable":true,"href":"https:\/\/sergiolapegue.com\/site\/wp-json\/wp\/v2\/categories?post=13246"},{"taxonomy":"post_tag","embeddable":true,"href":"https:\/\/sergiolapegue.com\/site\/wp-json\/wp\/v2\/tags?post=13246"}],"curies":[{"name":"wp","href":"https:\/\/api.w.org\/{rel}","templated":true}]}}