{"id":13164,"date":"2024-01-31T06:00:00","date_gmt":"2024-01-31T09:00:00","guid":{"rendered":"https:\/\/sergiolapegue.com\/site\/?p=13164"},"modified":"2024-02-16T20:38:46","modified_gmt":"2024-02-16T23:38:46","slug":"la-falcon-musical-de-tango","status":"publish","type":"post","link":"https:\/\/sergiolapegue.com\/site\/2024\/01\/31\/la-falcon-musical-de-tango\/","title":{"rendered":"LA FALC\u00d3N, MUSICAL DE TANGO"},"content":{"rendered":"\n<p><strong>Una excelente texto del dramaturgo Augusto Patan\u00e9 que en esta obra de teatro musical recorre la vida de Ada Falc\u00f3n y el romance con Francisco Canaro. <\/strong><strong><\/strong><\/p>\n\n\n\n<p><strong>\u201cLa emperatriz del tango\u201d con sus luces y sombras, en un viaje a trav\u00e9s del tiempo y de sus tangos.<\/strong><strong><\/strong><\/p>\n\n\n\n<p><strong>Una magnifica puesta en escena donde el espectador cuando ingresa a la sala se encuentra con un espacio que<\/strong><strong> est\u00e1 ambientado en una especie de cabaret de los a\u00f1os treinta, donde los espectadores est\u00e1n ubicados en mesas vestidas de pa\u00f1o rojo con veladores encendidos. <\/strong><strong><\/strong><\/p>\n\n\n\n<p><strong>En la obra se utilizan las canciones como recurso narrativo y a su vez est\u00e1 muy bien acompa\u00f1adas por los recursos esc\u00e9nicos con un perfecto equilibrio. <\/strong><strong><\/strong><\/p>\n\n\n\n<p><strong>La pieza comienza con Ada cantando La Morocha, termina el tema y aparece en escena Canaro, de ah\u00ed en m\u00e1s comienza a tejerse su relaci\u00f3n laboral y sentimental con sus idas y vueltas. <\/strong><strong><\/strong><\/p>\n\n\n\n<p><strong>Hay que destacar el trabajo de Mar\u00eda Colloca en el papel de Ada Falc\u00f3n, excelente la construcci\u00f3n del personaje tanto actoral como vocal, logra ampliamente que el espectador vea en ella a La emperatriz del tango y adem\u00e1s transmite cabalmente los distintos estados por los que el personaje atraviesa durante la pieza como sus miedos, sus ataques de p\u00e1nico, el hostigamiento de la mujer de Canaro, su mala relaci\u00f3n con su hermana.<\/strong><strong><\/strong><\/p>\n\n\n\n<p><strong>Tambi\u00e9n hay que nombrar a Carlos Legrad quien se pone en la piel de Francisco Canaro, logrando transmitir su esencia, un hombre manipulador, triunfador con hambre de gloria.<\/strong><strong><\/strong><\/p>\n\n\n\n<p><strong>Completan el elenco la madre y la hermana de Ada, la esposa de Canaro, que realizan excelentemente sus personajes. Adem\u00e1s hay que destacar la m\u00fasica en vivo.<\/strong><strong><\/strong><\/p>\n\n\n\n<p><strong>El vestuario es maravilloso, acorde a la \u00e9poca, al igual que los peinados y maquillaje.<\/strong><strong><\/strong><\/p>\n\n\n\n<p><strong>Hay que felicitar a su directora <\/strong><strong>Cintia Miraglia por el trabajo realizado, un espect\u00e1culo sin baches, din\u00e1mico, magn\u00edficamente logrado que el espectador disfruta y aplaude qued\u00e1ndose con ganas de m\u00e1s.<\/strong><\/p>\n\n\n\n<p><strong>Una obra para disfrutar, tanto para los amantes del tango como para quienes no escuchan este g\u00e9nero, realmente imperdible. &nbsp;<\/strong><\/p>\n\n\n\n<p><strong>=====================================================<\/strong><\/p>\n\n\n\n<p>Regresa en su quinta temporada la exitosa obra \u201cLa Falc\u00f3n, musical de tango\u201d, inspirada en la vida de Ada Falc\u00f3n. La dramaturgia es de Augusto Patan\u00e9, la direcci\u00f3n esta a cargo de Cintia Miraglia y el elenco esta compuesto por Mar\u00eda Colloca, Florencia Craien, M\u00f3nica Driollet, Federico Justo, Carlos Ledrag, Victoria P\u00e1ez.<\/p>\n\n\n\n<p>\u201cLa Falcon\u201d tuvo 5 nominaciones a los Premios Ace 2022 y 7 nominaciones a los Premios Hugo 2022 y fue declarada de Inter\u00e9s Cultural.<\/p>\n\n\n\n<p><strong><u>SINOPSIS<\/u><\/strong><strong><u><\/u><\/strong><\/p>\n\n\n\n<p>&#8220;LA FALC\u00d3N&#8221; es un musical de tango ambientado en los a\u00f1os 20 y 30, e inspirado en la vida de la gran cancionista Ada Falc\u00f3n, uno de los hitos de las voces femeninas de la m\u00fasica popular argentina, y en su romance secreto con Francisco Canaro. \u201cLa emperatriz del tango\u201d con sus luces y sombras, en un viaje a trav\u00e9s del tiempo y de sus tangos.<\/p>\n\n\n\n<figure class=\"wp-block-image size-large\"><img loading=\"lazy\" decoding=\"async\" width=\"1024\" height=\"683\" src=\"https:\/\/sergiolapegue.com\/site\/wp-content\/uploads\/2024\/01\/La-Falcon-2-1024x683.jpg\" alt=\"\" class=\"wp-image-13165\" srcset=\"https:\/\/sergiolapegue.com\/site\/wp-content\/uploads\/2024\/01\/La-Falcon-2-1024x683.jpg 1024w, https:\/\/sergiolapegue.com\/site\/wp-content\/uploads\/2024\/01\/La-Falcon-2-300x200.jpg 300w, https:\/\/sergiolapegue.com\/site\/wp-content\/uploads\/2024\/01\/La-Falcon-2-768x512.jpg 768w, https:\/\/sergiolapegue.com\/site\/wp-content\/uploads\/2024\/01\/La-Falcon-2-1536x1025.jpg 1536w, https:\/\/sergiolapegue.com\/site\/wp-content\/uploads\/2024\/01\/La-Falcon-2-2048x1366.jpg 2048w, https:\/\/sergiolapegue.com\/site\/wp-content\/uploads\/2024\/01\/La-Falcon-2-696x464.jpg 696w, https:\/\/sergiolapegue.com\/site\/wp-content\/uploads\/2024\/01\/La-Falcon-2-1068x713.jpg 1068w, https:\/\/sergiolapegue.com\/site\/wp-content\/uploads\/2024\/01\/La-Falcon-2-1920x1281.jpg 1920w\" sizes=\"auto, (max-width: 1024px) 100vw, 1024px\" \/><\/figure>\n\n\n\n<p><strong><u>SOBRE LA OBRA<\/u><\/strong><\/p>\n\n\n\n<p>Obra teatral musical basada en la vida de Ada Falc\u00f3n, que relata las peripecias de amor con Francisco Canaro y entrelaza en el devenir de esa relaci\u00f3n los tangos que el famoso compositor escribi\u00f3 inspirado en ese romance. As\u00ed, la obra se despliega entremezclando momentos musicales con situaciones que reconstruyen parte de sus vidas privadas. El espacio est\u00e1 ambientado en una especie de cabaret de los a\u00f1os treinta, donde los espectadores est\u00e1n ubicados en mesas vestidas de pa\u00f1o rojo con veladores encendidos y pudiendo beber alguna copa de vino durante el transcurso de la obra. Esta propuesta, m\u00e1s cercana al caf\u00e9 concert, tiene el prop\u00f3sito de introducir al espectador en la atmosfera de los salones donde Ada Falc\u00f3n presentaba sus shows. La puesta en escena invita a un viaje por el tiempo, reconstruyendo de manera fidedigna los elementos t\u00edpicos de los a\u00f1os 30 conjuntamente con una manera particular de abordar la actuaci\u00f3n.<\/p>\n\n\n\n<p>El espect\u00e1culo invita, adem\u00e1s, a que el espectador asista a un show de tango con un repertorio de las canciones m\u00e1s populares interpretadas por Ada Falc\u00f3n en sus a\u00f1os de mayor esplendor y fama como: \u201cYo no s\u00e9 qu\u00e9 me han hecho tus ojos\u201d, \u201cLa morocha\u201d, \u201cTe quiero\u201d \u201cNada m\u00e1s\u201d \u201cMe enamor\u00e9 una vez\u201d \u201c\u00c1ndate\u201d \u201cCoraz\u00f3n Encadenado\u201d \u201cEnvidia\u201d \u201cVivir\u00e9 con tu recuerdo\u201d<\/p>\n\n\n\n<figure class=\"wp-block-image size-large\"><img loading=\"lazy\" decoding=\"async\" width=\"1024\" height=\"700\" src=\"https:\/\/sergiolapegue.com\/site\/wp-content\/uploads\/2024\/01\/La-Falcon-3-1024x700.jpg\" alt=\"\" class=\"wp-image-13166\" srcset=\"https:\/\/sergiolapegue.com\/site\/wp-content\/uploads\/2024\/01\/La-Falcon-3-1024x700.jpg 1024w, https:\/\/sergiolapegue.com\/site\/wp-content\/uploads\/2024\/01\/La-Falcon-3-300x205.jpg 300w, https:\/\/sergiolapegue.com\/site\/wp-content\/uploads\/2024\/01\/La-Falcon-3-768x525.jpg 768w, https:\/\/sergiolapegue.com\/site\/wp-content\/uploads\/2024\/01\/La-Falcon-3-1536x1051.jpg 1536w, https:\/\/sergiolapegue.com\/site\/wp-content\/uploads\/2024\/01\/La-Falcon-3-2048x1401.jpg 2048w, https:\/\/sergiolapegue.com\/site\/wp-content\/uploads\/2024\/01\/La-Falcon-3-218x150.jpg 218w, https:\/\/sergiolapegue.com\/site\/wp-content\/uploads\/2024\/01\/La-Falcon-3-696x476.jpg 696w, https:\/\/sergiolapegue.com\/site\/wp-content\/uploads\/2024\/01\/La-Falcon-3-1068x731.jpg 1068w, https:\/\/sergiolapegue.com\/site\/wp-content\/uploads\/2024\/01\/La-Falcon-3-1920x1313.jpg 1920w\" sizes=\"auto, (max-width: 1024px) 100vw, 1024px\" \/><\/figure>\n\n\n\n<p><strong><u>FICHA T\u00c9CNICO ART\u00cdSTICA<\/u><\/strong><\/p>\n\n\n\n<p><strong>Dramaturgia:<\/strong>&nbsp;Augusto Patan\u00e9<\/p>\n\n\n\n<p><strong>Act\u00faan:<\/strong>&nbsp;Mar\u00eda Colloca, Florencia Craien, M\u00f3nica Driollet, Federico Justo, Carlos Ledrag, Victoria P\u00e1ez<\/p>\n\n\n\n<p><strong>Arreglos musicales:<\/strong>&nbsp;Florencia Craien, Carlos Ledrag<\/p>\n\n\n\n<p><strong>Dise\u00f1o y realizaci\u00f3n de vestuario:<\/strong>&nbsp;Paula Molina<\/p>\n\n\n\n<p><strong>Dise\u00f1o y realizaci\u00f3n de escenograf\u00eda:<\/strong>&nbsp;V\u00edctor Salvatore<\/p>\n\n\n\n<p><strong>Dise\u00f1o De Iluminaci\u00f3n:<\/strong>&nbsp;Cintia Miraglia<\/p>\n\n\n\n<p><strong>Fotograf\u00eda:<\/strong>&nbsp;Nacho Lunadei<\/p>\n\n\n\n<p><strong>Dise\u00f1o gr\u00e1fico:<\/strong>&nbsp;Cintia Miraglia<\/p>\n\n\n\n<p><strong>Prensa:<\/strong>&nbsp;Natalia Bocca<\/p>\n\n\n\n<p><strong>Productor comercial:<\/strong>&nbsp;Augusto Patan\u00e9<\/p>\n\n\n\n<p><strong>Producci\u00f3n en gira:<\/strong>&nbsp;Alejandra Garc\u00eda<\/p>\n\n\n\n<p><strong>Direcci\u00f3n:<\/strong>&nbsp;Cintia Miraglia<\/p>\n\n\n\n<p><strong>Duraci\u00f3n:&nbsp;<\/strong>65 minutos<\/p>\n\n\n\n<p><strong>Clasificaci\u00f3n:<\/strong> Teatro \u2013 Presencial \u2013 Adultos \u2013 Musical &nbsp;<\/p>\n\n\n\n<figure class=\"wp-block-image size-large\"><img loading=\"lazy\" decoding=\"async\" width=\"1024\" height=\"683\" src=\"https:\/\/sergiolapegue.com\/site\/wp-content\/uploads\/2024\/01\/La-Falcon-1-1024x683.jpg\" alt=\"\" class=\"wp-image-13167\" srcset=\"https:\/\/sergiolapegue.com\/site\/wp-content\/uploads\/2024\/01\/La-Falcon-1-1024x683.jpg 1024w, https:\/\/sergiolapegue.com\/site\/wp-content\/uploads\/2024\/01\/La-Falcon-1-300x200.jpg 300w, https:\/\/sergiolapegue.com\/site\/wp-content\/uploads\/2024\/01\/La-Falcon-1-768x512.jpg 768w, https:\/\/sergiolapegue.com\/site\/wp-content\/uploads\/2024\/01\/La-Falcon-1-1536x1025.jpg 1536w, https:\/\/sergiolapegue.com\/site\/wp-content\/uploads\/2024\/01\/La-Falcon-1-2048x1366.jpg 2048w, https:\/\/sergiolapegue.com\/site\/wp-content\/uploads\/2024\/01\/La-Falcon-1-696x464.jpg 696w, https:\/\/sergiolapegue.com\/site\/wp-content\/uploads\/2024\/01\/La-Falcon-1-1068x713.jpg 1068w, https:\/\/sergiolapegue.com\/site\/wp-content\/uploads\/2024\/01\/La-Falcon-1-1920x1281.jpg 1920w\" sizes=\"auto, (max-width: 1024px) 100vw, 1024px\" \/><\/figure>\n\n\n\n<p><strong><u>TEATRO EL EXTRANJERO<\/u><\/strong><\/p>\n\n\n\n<p>Valent\u00edn G\u00f3mez 3378 \u2013 Capital Federal \u2013 Buenos Aires \u2013 Argentina<\/p>\n\n\n\n<p>Tel\u00e9fono: 3980-1147 \u2013 Web: <a href=\"http:\/\/www.teatroelextranjero.com\">http:\/\/www.teatroelextranjero.com<\/a><\/p>\n\n\n\n<p>Entradas: $ 7.000 \u2013 en boleter\u00eda del teatro o por Alternativa Teatral<\/p>\n\n\n\n<p><a href=\"https:\/\/publico.alternativateatral.com\/entradas71126-la-falcon-musical-de-tangos-sobre-la-vida-de-ada-falcon?o=14\">https:\/\/publico.alternativateatral.com\/entradas71126-la-falcon-musical-de-tangos-sobre-la-vida-de-ada-falcon?o=14<\/a><\/p>\n\n\n\n<p>Funciones: Viernes 20:00 horas \u2013 Del 09\/02\/2024 al 15\/03\/2024<\/p>\n\n\n\n<p>Gracias Natalia Bocca por enviarnos la gacetilla de prensa de este sensacional espect\u00e1culo que inicia su quinta temporada. &nbsp;<\/p>\n\n\n\n<p><\/p>\n\n\n\n<figure class=\"wp-block-image size-large is-resized\"><img loading=\"lazy\" decoding=\"async\" width=\"1024\" height=\"768\" src=\"https:\/\/sergiolapegue.com\/site\/wp-content\/uploads\/2024\/01\/La-Falcon-Cintia-Miraglia-1024x768.jpeg\" alt=\"\" class=\"wp-image-13168\" style=\"width:306px;height:auto\" srcset=\"https:\/\/sergiolapegue.com\/site\/wp-content\/uploads\/2024\/01\/La-Falcon-Cintia-Miraglia-1024x768.jpeg 1024w, https:\/\/sergiolapegue.com\/site\/wp-content\/uploads\/2024\/01\/La-Falcon-Cintia-Miraglia-300x225.jpeg 300w, https:\/\/sergiolapegue.com\/site\/wp-content\/uploads\/2024\/01\/La-Falcon-Cintia-Miraglia-768x576.jpeg 768w, https:\/\/sergiolapegue.com\/site\/wp-content\/uploads\/2024\/01\/La-Falcon-Cintia-Miraglia-696x522.jpeg 696w, https:\/\/sergiolapegue.com\/site\/wp-content\/uploads\/2024\/01\/La-Falcon-Cintia-Miraglia-1068x801.jpeg 1068w, https:\/\/sergiolapegue.com\/site\/wp-content\/uploads\/2024\/01\/La-Falcon-Cintia-Miraglia.jpeg 1200w\" sizes=\"auto, (max-width: 1024px) 100vw, 1024px\" \/><\/figure>\n\n\n\n<p><strong><u>SOBRE CINTIA MIRAGLIA<\/u><\/strong><\/p>\n\n\n\n<p>Directora, dramaturga y docente.<\/p>\n\n\n\n<p>Licenciada en Direcci\u00f3n Esc\u00e9nica de la Universidad Nacional de las Artes (UNA) Especializada en Docencia Universitaria por la Universidad Nacional de La&nbsp;plata&nbsp;(UNLP), Diplomada en Estudios feministas y de g\u00e9nero (UNCAUS), y diplomada en Mediaci\u00f3n Cultural (UNA). Es docente de direcci\u00f3n y puesta en escena en La Universidad Nacional de las Artes (UNA) y la Escuela Metropolitana de Artes Dram\u00e1tico (EMAD). Participa como investigadora en distintos proyectos acad\u00e9micos y coordina talleres y seminarios de direcci\u00f3n esc\u00e9nica en forma privada. Sus trabajos m\u00e1s recientes como directora son \u201cLa falc\u00f3n, musical de tango\u201d de Augusto Patan\u00e9 en teatro El Extranjero (5 nominaciones premios ACE y 7 nominaciones premios HUGO), \u201cLul\u00fa, tragicomedia musical\u201d de Frank Wedekind en El port\u00f3n de S\u00e1nchez actualmente en cartel, \u201cInd\u00f3mita\u201d de Mar\u00eda Lucila Quarleri en Teatro del Pueblo, seleccionada como primera suplente para la Fiesta De Teatro CABA 2023. \u201cNo tengo tiempo\u201d de Mar\u00eda P\u00eda L\u00f3pez en teatro el Extranjero (Declarada de Inter\u00e9s Cultural por la Legislatura Porte\u00f1a), &#8220;Blanca&#8221; de Natalia Villamil en el Centro Cultural San Mart\u00edn, &#8220;El casamiento&#8221; de W Gombrowicz en Teatro El Extranjero, &#8220;Rayito de Sol&#8221; de Natalia Villamil en Espacio Callej\u00f3n y Teatro 25 de Mayo. Particip\u00f3 con espect\u00e1culos bajo su direcci\u00f3n en festivales nacionales e internacionales, en congresos sobre artes esc\u00e9nicas tanto nacionales como internacionales y recibi\u00f3 menciones y premios por su labor como directora. Recientemente nominada a los premios ACE a mejor direcci\u00f3n en musical y mejor espect\u00e1culo musical y a los premios Hugo como mejor direcci\u00f3n de espect\u00e1culo off y mejor musical off por su trabajo de direcci\u00f3n en La falc\u00f3n, musical de tango. Actualmente participa de la gesti\u00f3n y administraci\u00f3n&nbsp;de teatro&nbsp;Del Borde.<\/p>\n\n\n\n<figure class=\"wp-block-image size-full is-resized\"><img loading=\"lazy\" decoding=\"async\" width=\"215\" height=\"343\" src=\"https:\/\/sergiolapegue.com\/site\/wp-content\/uploads\/2024\/01\/La-Falcon-Augusto-Patane.png\" alt=\"\" class=\"wp-image-13169\" style=\"width:306px;height:auto\" srcset=\"https:\/\/sergiolapegue.com\/site\/wp-content\/uploads\/2024\/01\/La-Falcon-Augusto-Patane.png 215w, https:\/\/sergiolapegue.com\/site\/wp-content\/uploads\/2024\/01\/La-Falcon-Augusto-Patane-188x300.png 188w\" sizes=\"auto, (max-width: 215px) 100vw, 215px\" \/><\/figure>\n\n\n\n<p><strong><u>SOBRE AUGUSTO PATAN\u00c9<\/u><\/strong><\/p>\n\n\n\n<p>Se form\u00f3 como autor con Jorge Maestro, Federico Barenboin, Marcelo Cama\u00f1o, Ana Montes, Mariana Mazover, Maruja Bustamante, entre otros. Ha escrito y producido el ciclo de Radioteatro: \u201cDe Pu\u00f1o y Letra \u2013 Radioteatro\u201d emitido en Radios de Capital Federal y ciudades del interior. Autor de los cap\u00edtulos: \u201cLas lloronas\u201d, \u201cTe quiero hasta el cielo\u201d, \u201cBesos de sabor amargo\u201d, \u201cDesamor\u201d, \u201cHabl\u00e1 o te mato\u201d, \u201cNoches de sol, d\u00edas de luna\u201d, \u201cLa hija del pecado\u201d, Condenado a quererte\u201d, \u201cLas ilusas\u201d, \u201cEl traductor de ingl\u00e9s\u201d y coautor de los cap\u00edtulos: \u201c\u00bfQui\u00e9n secuestr\u00f3 a mi hijo?\u201d, \u201cNoches de carnaval\u201d, \u201cEnamorado de m\u00ed\u201d, \u201cSecreto de confesi\u00f3n\u201d y \u201cAmor virtual\u201d. Entre sus trabajos teatrales, ha escrito y produjo las obras \u201cUna curiosa ex pareja\u201d y \u201cOvejas negras\u201d en la ciudad de La Plata y \u201cTodo fue agua\u201d (Coautor) en la Ciudad de Buenos Aires. \u201cLa Falc\u00f3n\u201d en la Ciudad de Buenos Aires. Por esta \u00faltima estuvo nominado a 7 premios Hugo y 5 a los premios Ace 2022. Tambi\u00e9n escribi\u00f3 \u201cDamasia y Lavalle\u201d en el a\u00f1o 2023.<\/p>\n","protected":false},"excerpt":{"rendered":"<p>Una excelente texto del dramaturgo Augusto Patan\u00e9 que en esta obra de teatro musical recorre la vida de Ada Falc\u00f3n y el romance con Francisco Canaro. \u201cLa emperatriz del tango\u201d con sus luces y sombras, en un viaje a trav\u00e9s del tiempo y de sus tangos. Una magnifica puesta en escena donde el espectador cuando [&hellip;]<\/p>\n","protected":false},"author":3,"featured_media":13170,"comment_status":"open","ping_status":"closed","sticky":false,"template":"","format":"standard","meta":{"footnotes":""},"categories":[34,35],"tags":[],"class_list":{"0":"post-13164","1":"post","2":"type-post","3":"status-publish","4":"format-standard","5":"has-post-thumbnail","7":"category-arte","8":"category-teatro"},"yoast_head":"<!-- This site is optimized with the Yoast SEO plugin v27.5 - https:\/\/yoast.com\/product\/yoast-seo-wordpress\/ -->\n<title>LA FALC\u00d3N, MUSICAL DE TANGO - Sergio Lapegue<\/title>\n<meta name=\"robots\" content=\"index, follow, max-snippet:-1, max-image-preview:large, max-video-preview:-1\" \/>\n<link rel=\"canonical\" href=\"https:\/\/sergiolapegue.com\/site\/2024\/01\/31\/la-falcon-musical-de-tango\/\" \/>\n<meta property=\"og:locale\" content=\"es_ES\" \/>\n<meta property=\"og:type\" content=\"article\" \/>\n<meta property=\"og:title\" content=\"LA FALC\u00d3N, MUSICAL DE TANGO - Sergio Lapegue\" \/>\n<meta property=\"og:description\" content=\"Una excelente texto del dramaturgo Augusto Patan\u00e9 que en esta obra de teatro musical recorre la vida de Ada Falc\u00f3n y el romance con Francisco Canaro. \u201cLa emperatriz del tango\u201d con sus luces y sombras, en un viaje a trav\u00e9s del tiempo y de sus tangos. Una magnifica puesta en escena donde el espectador cuando [&hellip;]\" \/>\n<meta property=\"og:url\" content=\"https:\/\/sergiolapegue.com\/site\/2024\/01\/31\/la-falcon-musical-de-tango\/\" \/>\n<meta property=\"og:site_name\" content=\"Sergio Lapegue\" \/>\n<meta property=\"article:publisher\" content=\"https:\/\/facebook.com\/sergiolapegue\" \/>\n<meta property=\"article:author\" content=\"https:\/\/facebook.com\/danielernesto.montana\" \/>\n<meta property=\"article:published_time\" content=\"2024-01-31T09:00:00+00:00\" \/>\n<meta property=\"article:modified_time\" content=\"2024-02-16T23:38:46+00:00\" \/>\n<meta property=\"og:image\" content=\"https:\/\/sergiolapegue.com\/site\/wp-content\/uploads\/2024\/01\/La-Falcon.jpg\" \/>\n\t<meta property=\"og:image:width\" content=\"1080\" \/>\n\t<meta property=\"og:image:height\" content=\"1080\" \/>\n\t<meta property=\"og:image:type\" content=\"image\/jpeg\" \/>\n<meta name=\"author\" content=\"Daniel E. Monta\u00f1a\" \/>\n<meta name=\"twitter:card\" content=\"summary_large_image\" \/>\n<meta name=\"twitter:creator\" content=\"@https:\/\/twitter.com\/daner_004\" \/>\n<meta name=\"twitter:site\" content=\"@sergiolapegue\" \/>\n<meta name=\"twitter:label1\" content=\"Escrito por\" \/>\n\t<meta name=\"twitter:data1\" content=\"Daniel E. Monta\u00f1a\" \/>\n\t<meta name=\"twitter:label2\" content=\"Tiempo de lectura\" \/>\n\t<meta name=\"twitter:data2\" content=\"8 minutos\" \/>\n<script type=\"application\/ld+json\" class=\"yoast-schema-graph\">{\"@context\":\"https:\\\/\\\/schema.org\",\"@graph\":[{\"@type\":\"Article\",\"@id\":\"https:\\\/\\\/sergiolapegue.com\\\/site\\\/2024\\\/01\\\/31\\\/la-falcon-musical-de-tango\\\/#article\",\"isPartOf\":{\"@id\":\"https:\\\/\\\/sergiolapegue.com\\\/site\\\/2024\\\/01\\\/31\\\/la-falcon-musical-de-tango\\\/\"},\"author\":{\"name\":\"Daniel E. Monta\u00f1a\",\"@id\":\"https:\\\/\\\/sergiolapegue.com\\\/site\\\/#\\\/schema\\\/person\\\/9198e7dbab43c6d74d0fd5399af7c3cd\"},\"headline\":\"LA FALC\u00d3N, MUSICAL DE TANGO\",\"datePublished\":\"2024-01-31T09:00:00+00:00\",\"dateModified\":\"2024-02-16T23:38:46+00:00\",\"mainEntityOfPage\":{\"@id\":\"https:\\\/\\\/sergiolapegue.com\\\/site\\\/2024\\\/01\\\/31\\\/la-falcon-musical-de-tango\\\/\"},\"wordCount\":1421,\"commentCount\":0,\"publisher\":{\"@id\":\"https:\\\/\\\/sergiolapegue.com\\\/site\\\/#\\\/schema\\\/person\\\/083aeceeb0734cd166779ea6c0551a37\"},\"image\":{\"@id\":\"https:\\\/\\\/sergiolapegue.com\\\/site\\\/2024\\\/01\\\/31\\\/la-falcon-musical-de-tango\\\/#primaryimage\"},\"thumbnailUrl\":\"https:\\\/\\\/sergiolapegue.com\\\/site\\\/wp-content\\\/uploads\\\/2024\\\/01\\\/La-Falcon.jpg\",\"articleSection\":[\"Arte\",\"Teatro\"],\"inLanguage\":\"es-AR\",\"potentialAction\":[{\"@type\":\"CommentAction\",\"name\":\"Comment\",\"target\":[\"https:\\\/\\\/sergiolapegue.com\\\/site\\\/2024\\\/01\\\/31\\\/la-falcon-musical-de-tango\\\/#respond\"]}]},{\"@type\":\"WebPage\",\"@id\":\"https:\\\/\\\/sergiolapegue.com\\\/site\\\/2024\\\/01\\\/31\\\/la-falcon-musical-de-tango\\\/\",\"url\":\"https:\\\/\\\/sergiolapegue.com\\\/site\\\/2024\\\/01\\\/31\\\/la-falcon-musical-de-tango\\\/\",\"name\":\"LA FALC\u00d3N, MUSICAL DE TANGO - Sergio Lapegue\",\"isPartOf\":{\"@id\":\"https:\\\/\\\/sergiolapegue.com\\\/site\\\/#website\"},\"primaryImageOfPage\":{\"@id\":\"https:\\\/\\\/sergiolapegue.com\\\/site\\\/2024\\\/01\\\/31\\\/la-falcon-musical-de-tango\\\/#primaryimage\"},\"image\":{\"@id\":\"https:\\\/\\\/sergiolapegue.com\\\/site\\\/2024\\\/01\\\/31\\\/la-falcon-musical-de-tango\\\/#primaryimage\"},\"thumbnailUrl\":\"https:\\\/\\\/sergiolapegue.com\\\/site\\\/wp-content\\\/uploads\\\/2024\\\/01\\\/La-Falcon.jpg\",\"datePublished\":\"2024-01-31T09:00:00+00:00\",\"dateModified\":\"2024-02-16T23:38:46+00:00\",\"breadcrumb\":{\"@id\":\"https:\\\/\\\/sergiolapegue.com\\\/site\\\/2024\\\/01\\\/31\\\/la-falcon-musical-de-tango\\\/#breadcrumb\"},\"inLanguage\":\"es-AR\",\"potentialAction\":[{\"@type\":\"ReadAction\",\"target\":[\"https:\\\/\\\/sergiolapegue.com\\\/site\\\/2024\\\/01\\\/31\\\/la-falcon-musical-de-tango\\\/\"]}]},{\"@type\":\"ImageObject\",\"inLanguage\":\"es-AR\",\"@id\":\"https:\\\/\\\/sergiolapegue.com\\\/site\\\/2024\\\/01\\\/31\\\/la-falcon-musical-de-tango\\\/#primaryimage\",\"url\":\"https:\\\/\\\/sergiolapegue.com\\\/site\\\/wp-content\\\/uploads\\\/2024\\\/01\\\/La-Falcon.jpg\",\"contentUrl\":\"https:\\\/\\\/sergiolapegue.com\\\/site\\\/wp-content\\\/uploads\\\/2024\\\/01\\\/La-Falcon.jpg\",\"width\":1080,\"height\":1080},{\"@type\":\"BreadcrumbList\",\"@id\":\"https:\\\/\\\/sergiolapegue.com\\\/site\\\/2024\\\/01\\\/31\\\/la-falcon-musical-de-tango\\\/#breadcrumb\",\"itemListElement\":[{\"@type\":\"ListItem\",\"position\":1,\"name\":\"Inicio\",\"item\":\"https:\\\/\\\/sergiolapegue.com\\\/site\\\/\"},{\"@type\":\"ListItem\",\"position\":2,\"name\":\"LA FALC\u00d3N, MUSICAL DE TANGO\"}]},{\"@type\":\"WebSite\",\"@id\":\"https:\\\/\\\/sergiolapegue.com\\\/site\\\/#website\",\"url\":\"https:\\\/\\\/sergiolapegue.com\\\/site\\\/\",\"name\":\"Sergio Lapegue\",\"description\":\"Periodista\",\"publisher\":{\"@id\":\"https:\\\/\\\/sergiolapegue.com\\\/site\\\/#\\\/schema\\\/person\\\/083aeceeb0734cd166779ea6c0551a37\"},\"potentialAction\":[{\"@type\":\"SearchAction\",\"target\":{\"@type\":\"EntryPoint\",\"urlTemplate\":\"https:\\\/\\\/sergiolapegue.com\\\/site\\\/?s={search_term_string}\"},\"query-input\":{\"@type\":\"PropertyValueSpecification\",\"valueRequired\":true,\"valueName\":\"search_term_string\"}}],\"inLanguage\":\"es-AR\"},{\"@type\":[\"Person\",\"Organization\"],\"@id\":\"https:\\\/\\\/sergiolapegue.com\\\/site\\\/#\\\/schema\\\/person\\\/083aeceeb0734cd166779ea6c0551a37\",\"name\":\"Sergio Lapegue\",\"image\":{\"@type\":\"ImageObject\",\"inLanguage\":\"es-AR\",\"@id\":\"https:\\\/\\\/sergiolapegue.com\\\/site\\\/wp-content\\\/uploads\\\/2021\\\/04\\\/logo_header-1.png\",\"url\":\"https:\\\/\\\/sergiolapegue.com\\\/site\\\/wp-content\\\/uploads\\\/2021\\\/04\\\/logo_header-1.png\",\"contentUrl\":\"https:\\\/\\\/sergiolapegue.com\\\/site\\\/wp-content\\\/uploads\\\/2021\\\/04\\\/logo_header-1.png\",\"width\":272,\"height\":90,\"caption\":\"Sergio Lapegue\"},\"logo\":{\"@id\":\"https:\\\/\\\/sergiolapegue.com\\\/site\\\/wp-content\\\/uploads\\\/2021\\\/04\\\/logo_header-1.png\"},\"sameAs\":[\"https:\\\/\\\/facebook.com\\\/sergiolapegue\",\"https:\\\/\\\/instagram.com\\\/sergiolapegue\",\"https:\\\/\\\/x.com\\\/https:\\\/\\\/twitter.com\\\/sergiolapegue\"]},{\"@type\":\"Person\",\"@id\":\"https:\\\/\\\/sergiolapegue.com\\\/site\\\/#\\\/schema\\\/person\\\/9198e7dbab43c6d74d0fd5399af7c3cd\",\"name\":\"Daniel E. Monta\u00f1a\",\"image\":{\"@type\":\"ImageObject\",\"inLanguage\":\"es-AR\",\"@id\":\"https:\\\/\\\/sergiolapegue.com\\\/site\\\/wp-content\\\/uploads\\\/2021\\\/04\\\/sl_avatar_Daniel-150x150.jpg\",\"url\":\"https:\\\/\\\/sergiolapegue.com\\\/site\\\/wp-content\\\/uploads\\\/2021\\\/04\\\/sl_avatar_Daniel-150x150.jpg\",\"contentUrl\":\"https:\\\/\\\/sergiolapegue.com\\\/site\\\/wp-content\\\/uploads\\\/2021\\\/04\\\/sl_avatar_Daniel-150x150.jpg\",\"caption\":\"Daniel E. Monta\u00f1a\"},\"sameAs\":[\"https:\\\/\\\/facebook.com\\\/danielernesto.montana\",\"https:\\\/\\\/instagram.com\\\/daniel_montana1961\",\"https:\\\/\\\/x.com\\\/https:\\\/\\\/twitter.com\\\/daner_004\"],\"url\":\"https:\\\/\\\/sergiolapegue.com\\\/site\\\/author\\\/daniel\\\/\"}]}<\/script>\n<!-- \/ Yoast SEO plugin. -->","yoast_head_json":{"title":"LA FALC\u00d3N, MUSICAL DE TANGO - Sergio Lapegue","robots":{"index":"index","follow":"follow","max-snippet":"max-snippet:-1","max-image-preview":"max-image-preview:large","max-video-preview":"max-video-preview:-1"},"canonical":"https:\/\/sergiolapegue.com\/site\/2024\/01\/31\/la-falcon-musical-de-tango\/","og_locale":"es_ES","og_type":"article","og_title":"LA FALC\u00d3N, MUSICAL DE TANGO - Sergio Lapegue","og_description":"Una excelente texto del dramaturgo Augusto Patan\u00e9 que en esta obra de teatro musical recorre la vida de Ada Falc\u00f3n y el romance con Francisco Canaro. \u201cLa emperatriz del tango\u201d con sus luces y sombras, en un viaje a trav\u00e9s del tiempo y de sus tangos. Una magnifica puesta en escena donde el espectador cuando [&hellip;]","og_url":"https:\/\/sergiolapegue.com\/site\/2024\/01\/31\/la-falcon-musical-de-tango\/","og_site_name":"Sergio Lapegue","article_publisher":"https:\/\/facebook.com\/sergiolapegue","article_author":"https:\/\/facebook.com\/danielernesto.montana","article_published_time":"2024-01-31T09:00:00+00:00","article_modified_time":"2024-02-16T23:38:46+00:00","og_image":[{"width":1080,"height":1080,"url":"https:\/\/sergiolapegue.com\/site\/wp-content\/uploads\/2024\/01\/La-Falcon.jpg","type":"image\/jpeg"}],"author":"Daniel E. Monta\u00f1a","twitter_card":"summary_large_image","twitter_creator":"@https:\/\/twitter.com\/daner_004","twitter_site":"@sergiolapegue","twitter_misc":{"Escrito por":"Daniel E. Monta\u00f1a","Tiempo de lectura":"8 minutos"},"schema":{"@context":"https:\/\/schema.org","@graph":[{"@type":"Article","@id":"https:\/\/sergiolapegue.com\/site\/2024\/01\/31\/la-falcon-musical-de-tango\/#article","isPartOf":{"@id":"https:\/\/sergiolapegue.com\/site\/2024\/01\/31\/la-falcon-musical-de-tango\/"},"author":{"name":"Daniel E. Monta\u00f1a","@id":"https:\/\/sergiolapegue.com\/site\/#\/schema\/person\/9198e7dbab43c6d74d0fd5399af7c3cd"},"headline":"LA FALC\u00d3N, MUSICAL DE TANGO","datePublished":"2024-01-31T09:00:00+00:00","dateModified":"2024-02-16T23:38:46+00:00","mainEntityOfPage":{"@id":"https:\/\/sergiolapegue.com\/site\/2024\/01\/31\/la-falcon-musical-de-tango\/"},"wordCount":1421,"commentCount":0,"publisher":{"@id":"https:\/\/sergiolapegue.com\/site\/#\/schema\/person\/083aeceeb0734cd166779ea6c0551a37"},"image":{"@id":"https:\/\/sergiolapegue.com\/site\/2024\/01\/31\/la-falcon-musical-de-tango\/#primaryimage"},"thumbnailUrl":"https:\/\/sergiolapegue.com\/site\/wp-content\/uploads\/2024\/01\/La-Falcon.jpg","articleSection":["Arte","Teatro"],"inLanguage":"es-AR","potentialAction":[{"@type":"CommentAction","name":"Comment","target":["https:\/\/sergiolapegue.com\/site\/2024\/01\/31\/la-falcon-musical-de-tango\/#respond"]}]},{"@type":"WebPage","@id":"https:\/\/sergiolapegue.com\/site\/2024\/01\/31\/la-falcon-musical-de-tango\/","url":"https:\/\/sergiolapegue.com\/site\/2024\/01\/31\/la-falcon-musical-de-tango\/","name":"LA FALC\u00d3N, MUSICAL DE TANGO - Sergio Lapegue","isPartOf":{"@id":"https:\/\/sergiolapegue.com\/site\/#website"},"primaryImageOfPage":{"@id":"https:\/\/sergiolapegue.com\/site\/2024\/01\/31\/la-falcon-musical-de-tango\/#primaryimage"},"image":{"@id":"https:\/\/sergiolapegue.com\/site\/2024\/01\/31\/la-falcon-musical-de-tango\/#primaryimage"},"thumbnailUrl":"https:\/\/sergiolapegue.com\/site\/wp-content\/uploads\/2024\/01\/La-Falcon.jpg","datePublished":"2024-01-31T09:00:00+00:00","dateModified":"2024-02-16T23:38:46+00:00","breadcrumb":{"@id":"https:\/\/sergiolapegue.com\/site\/2024\/01\/31\/la-falcon-musical-de-tango\/#breadcrumb"},"inLanguage":"es-AR","potentialAction":[{"@type":"ReadAction","target":["https:\/\/sergiolapegue.com\/site\/2024\/01\/31\/la-falcon-musical-de-tango\/"]}]},{"@type":"ImageObject","inLanguage":"es-AR","@id":"https:\/\/sergiolapegue.com\/site\/2024\/01\/31\/la-falcon-musical-de-tango\/#primaryimage","url":"https:\/\/sergiolapegue.com\/site\/wp-content\/uploads\/2024\/01\/La-Falcon.jpg","contentUrl":"https:\/\/sergiolapegue.com\/site\/wp-content\/uploads\/2024\/01\/La-Falcon.jpg","width":1080,"height":1080},{"@type":"BreadcrumbList","@id":"https:\/\/sergiolapegue.com\/site\/2024\/01\/31\/la-falcon-musical-de-tango\/#breadcrumb","itemListElement":[{"@type":"ListItem","position":1,"name":"Inicio","item":"https:\/\/sergiolapegue.com\/site\/"},{"@type":"ListItem","position":2,"name":"LA FALC\u00d3N, MUSICAL DE TANGO"}]},{"@type":"WebSite","@id":"https:\/\/sergiolapegue.com\/site\/#website","url":"https:\/\/sergiolapegue.com\/site\/","name":"Sergio Lapegue","description":"Periodista","publisher":{"@id":"https:\/\/sergiolapegue.com\/site\/#\/schema\/person\/083aeceeb0734cd166779ea6c0551a37"},"potentialAction":[{"@type":"SearchAction","target":{"@type":"EntryPoint","urlTemplate":"https:\/\/sergiolapegue.com\/site\/?s={search_term_string}"},"query-input":{"@type":"PropertyValueSpecification","valueRequired":true,"valueName":"search_term_string"}}],"inLanguage":"es-AR"},{"@type":["Person","Organization"],"@id":"https:\/\/sergiolapegue.com\/site\/#\/schema\/person\/083aeceeb0734cd166779ea6c0551a37","name":"Sergio Lapegue","image":{"@type":"ImageObject","inLanguage":"es-AR","@id":"https:\/\/sergiolapegue.com\/site\/wp-content\/uploads\/2021\/04\/logo_header-1.png","url":"https:\/\/sergiolapegue.com\/site\/wp-content\/uploads\/2021\/04\/logo_header-1.png","contentUrl":"https:\/\/sergiolapegue.com\/site\/wp-content\/uploads\/2021\/04\/logo_header-1.png","width":272,"height":90,"caption":"Sergio Lapegue"},"logo":{"@id":"https:\/\/sergiolapegue.com\/site\/wp-content\/uploads\/2021\/04\/logo_header-1.png"},"sameAs":["https:\/\/facebook.com\/sergiolapegue","https:\/\/instagram.com\/sergiolapegue","https:\/\/x.com\/https:\/\/twitter.com\/sergiolapegue"]},{"@type":"Person","@id":"https:\/\/sergiolapegue.com\/site\/#\/schema\/person\/9198e7dbab43c6d74d0fd5399af7c3cd","name":"Daniel E. Monta\u00f1a","image":{"@type":"ImageObject","inLanguage":"es-AR","@id":"https:\/\/sergiolapegue.com\/site\/wp-content\/uploads\/2021\/04\/sl_avatar_Daniel-150x150.jpg","url":"https:\/\/sergiolapegue.com\/site\/wp-content\/uploads\/2021\/04\/sl_avatar_Daniel-150x150.jpg","contentUrl":"https:\/\/sergiolapegue.com\/site\/wp-content\/uploads\/2021\/04\/sl_avatar_Daniel-150x150.jpg","caption":"Daniel E. Monta\u00f1a"},"sameAs":["https:\/\/facebook.com\/danielernesto.montana","https:\/\/instagram.com\/daniel_montana1961","https:\/\/x.com\/https:\/\/twitter.com\/daner_004"],"url":"https:\/\/sergiolapegue.com\/site\/author\/daniel\/"}]}},"_links":{"self":[{"href":"https:\/\/sergiolapegue.com\/site\/wp-json\/wp\/v2\/posts\/13164","targetHints":{"allow":["GET"]}}],"collection":[{"href":"https:\/\/sergiolapegue.com\/site\/wp-json\/wp\/v2\/posts"}],"about":[{"href":"https:\/\/sergiolapegue.com\/site\/wp-json\/wp\/v2\/types\/post"}],"author":[{"embeddable":true,"href":"https:\/\/sergiolapegue.com\/site\/wp-json\/wp\/v2\/users\/3"}],"replies":[{"embeddable":true,"href":"https:\/\/sergiolapegue.com\/site\/wp-json\/wp\/v2\/comments?post=13164"}],"version-history":[{"count":2,"href":"https:\/\/sergiolapegue.com\/site\/wp-json\/wp\/v2\/posts\/13164\/revisions"}],"predecessor-version":[{"id":13383,"href":"https:\/\/sergiolapegue.com\/site\/wp-json\/wp\/v2\/posts\/13164\/revisions\/13383"}],"wp:featuredmedia":[{"embeddable":true,"href":"https:\/\/sergiolapegue.com\/site\/wp-json\/wp\/v2\/media\/13170"}],"wp:attachment":[{"href":"https:\/\/sergiolapegue.com\/site\/wp-json\/wp\/v2\/media?parent=13164"}],"wp:term":[{"taxonomy":"category","embeddable":true,"href":"https:\/\/sergiolapegue.com\/site\/wp-json\/wp\/v2\/categories?post=13164"},{"taxonomy":"post_tag","embeddable":true,"href":"https:\/\/sergiolapegue.com\/site\/wp-json\/wp\/v2\/tags?post=13164"}],"curies":[{"name":"wp","href":"https:\/\/api.w.org\/{rel}","templated":true}]}}