{"id":13077,"date":"2024-01-24T18:40:49","date_gmt":"2024-01-24T21:40:49","guid":{"rendered":"https:\/\/sergiolapegue.com\/site\/?p=13077"},"modified":"2024-01-24T18:40:50","modified_gmt":"2024-01-24T21:40:50","slug":"llega-la-6ta-edicion-del-ciclo-nuevo-rock-en-martinez","status":"publish","type":"post","link":"https:\/\/sergiolapegue.com\/site\/2024\/01\/24\/llega-la-6ta-edicion-del-ciclo-nuevo-rock-en-martinez\/","title":{"rendered":"Llega la 6ta edici\u00f3n del Ciclo Nuevo Rock en Mart\u00ednez"},"content":{"rendered":"\n<p>El pr\u00f3ximo 28 de enero desde las 19hs. en el hist\u00f3rico City Bar de Mart\u00ednez (Fondo de la Legua 2550, Mart\u00ednez, San Isidro), llega la&nbsp;<strong>6ta Edici\u00f3n del Ciclo Nuevo Rock:<\/strong>&nbsp;el proyecto ideado por el l\u00edder de<em>&nbsp;<\/em><a href=\"https:\/\/www.instagram.com\/labaria_musica\/\" rel=\"noreferrer noopener\" target=\"_blank\"><em>Labaria<\/em><\/a>&nbsp;(@labaria_musica), Facundo Tom\u00e1s Gutierrez, para darle lugar a los nuevos m\u00fasicos y bandas del rock local. En esta Edici\u00f3n estar\u00e1n presentes Labaria, San Francisco, Jacken Lacar y Vuelta a Venus, todas oriundas de la zona Norte de la Pcia de BsAs.<\/p>\n\n\n\n<p>\u201c<em>Cuando comenc\u00e9 a tocar con mi banda y a conocer los escenarios y las bandas existentes, not\u00e9 que hab\u00eda una movida under del rock bastante grande a la que hab\u00eda que darle lugar y hacerla sonar\u2026<\/em>\u201d relata Facundo que adem\u00e1s de dirigir el proyecto, cre\u00f3 el medio de difusi\u00f3n para la escena&nbsp;<a href=\"https:\/\/www.instagram.com\/nuevo.rock\/\" rel=\"noreferrer noopener\" target=\"_blank\">@nuevo.rock<\/a>, con entrevistas, informaci\u00f3n y agenda completa del rock.<\/p>\n\n\n\n<figure class=\"wp-block-image size-large is-style-rounded\"><img loading=\"lazy\" decoding=\"async\" width=\"1024\" height=\"768\" src=\"https:\/\/sergiolapegue.com\/site\/wp-content\/uploads\/2024\/01\/Labaria-1024x768.png\" alt=\"\" class=\"wp-image-13078\" srcset=\"https:\/\/sergiolapegue.com\/site\/wp-content\/uploads\/2024\/01\/Labaria-1024x768.png 1024w, https:\/\/sergiolapegue.com\/site\/wp-content\/uploads\/2024\/01\/Labaria-300x225.png 300w, https:\/\/sergiolapegue.com\/site\/wp-content\/uploads\/2024\/01\/Labaria-768x576.png 768w, https:\/\/sergiolapegue.com\/site\/wp-content\/uploads\/2024\/01\/Labaria-1536x1152.png 1536w, https:\/\/sergiolapegue.com\/site\/wp-content\/uploads\/2024\/01\/Labaria-696x522.png 696w, https:\/\/sergiolapegue.com\/site\/wp-content\/uploads\/2024\/01\/Labaria-1068x801.png 1068w, https:\/\/sergiolapegue.com\/site\/wp-content\/uploads\/2024\/01\/Labaria-1920x1440.png 1920w, https:\/\/sergiolapegue.com\/site\/wp-content\/uploads\/2024\/01\/Labaria.png 2048w\" sizes=\"auto, (max-width: 1024px) 100vw, 1024px\" \/><\/figure>\n\n\n\n<p>Las ediciones anteriores del Ciclo fueron tambi\u00e9n en el City Bar de Mart\u00ednez, con excepci\u00f3n del Vol 4 que se realiz\u00f3 en Terrazas de Pacheco y sonaron bandas como 7 Cerezas, la 440, Polarizados, 8vo D\u00eda, The Morgans, Revolver, Avi\u00f3n y Ninf\u00f3mana, entre numerosas otras.<\/p>\n\n\n\n<p><strong>Las entradas para esta nueva fecha se consiguen en CheVayamos&nbsp;<\/strong><a href=\"https:\/\/www.chevayamos.com\/events\/6815\" rel=\"noreferrer noopener\" target=\"_blank\"><strong>https:\/\/www.chevayamos.com\/events\/6815<\/strong><\/a><strong>&nbsp;a $2200, anticipadas por lista a $2000 y $3000 en puerta el d\u00eda del evento.<\/strong><\/p>\n","protected":false},"excerpt":{"rendered":"<p>El pr\u00f3ximo 28 de enero desde las 19hs. en el hist\u00f3rico City Bar de Mart\u00ednez (Fondo de la Legua 2550, Mart\u00ednez, San Isidro), llega la&nbsp;6ta Edici\u00f3n del Ciclo Nuevo Rock:&nbsp;el proyecto ideado por el l\u00edder de&nbsp;Labaria&nbsp;(@labaria_musica), Facundo Tom\u00e1s Gutierrez, para darle lugar a los nuevos m\u00fasicos y bandas del rock local. En esta Edici\u00f3n estar\u00e1n [&hellip;]<\/p>\n","protected":false},"author":4,"featured_media":13079,"comment_status":"closed","ping_status":"closed","sticky":false,"template":"","format":"standard","meta":{"footnotes":""},"categories":[34,56],"tags":[1857,3229,3228,111,302,1098],"class_list":{"0":"post-13077","1":"post","2":"type-post","3":"status-publish","4":"format-standard","5":"has-post-thumbnail","7":"category-arte","8":"category-musica","9":"tag-banda","10":"tag-bar","11":"tag-martinez","12":"tag-musica","13":"tag-rock","14":"tag-zona-norte"},"yoast_head":"<!-- This site is optimized with the Yoast SEO plugin v27.4 - https:\/\/yoast.com\/product\/yoast-seo-wordpress\/ -->\n<title>Llega la 6ta edici\u00f3n del Ciclo Nuevo Rock en Mart\u00ednez - Sergio Lapegue<\/title>\n<meta name=\"robots\" content=\"index, follow, max-snippet:-1, max-image-preview:large, max-video-preview:-1\" \/>\n<link rel=\"canonical\" href=\"https:\/\/sergiolapegue.com\/site\/2024\/01\/24\/llega-la-6ta-edicion-del-ciclo-nuevo-rock-en-martinez\/\" \/>\n<meta property=\"og:locale\" content=\"es_ES\" \/>\n<meta property=\"og:type\" content=\"article\" \/>\n<meta property=\"og:title\" content=\"Llega la 6ta edici\u00f3n del Ciclo Nuevo Rock en Mart\u00ednez - Sergio Lapegue\" \/>\n<meta property=\"og:description\" content=\"El pr\u00f3ximo 28 de enero desde las 19hs. en el hist\u00f3rico City Bar de Mart\u00ednez (Fondo de la Legua 2550, Mart\u00ednez, San Isidro), llega la&nbsp;6ta Edici\u00f3n del Ciclo Nuevo Rock:&nbsp;el proyecto ideado por el l\u00edder de&nbsp;Labaria&nbsp;(@labaria_musica), Facundo Tom\u00e1s Gutierrez, para darle lugar a los nuevos m\u00fasicos y bandas del rock local. En esta Edici\u00f3n estar\u00e1n [&hellip;]\" \/>\n<meta property=\"og:url\" content=\"https:\/\/sergiolapegue.com\/site\/2024\/01\/24\/llega-la-6ta-edicion-del-ciclo-nuevo-rock-en-martinez\/\" \/>\n<meta property=\"og:site_name\" content=\"Sergio Lapegue\" \/>\n<meta property=\"article:publisher\" content=\"https:\/\/facebook.com\/sergiolapegue\" \/>\n<meta property=\"article:published_time\" content=\"2024-01-24T21:40:49+00:00\" \/>\n<meta property=\"article:modified_time\" content=\"2024-01-24T21:40:50+00:00\" \/>\n<meta property=\"og:image\" content=\"https:\/\/sergiolapegue.com\/site\/wp-content\/uploads\/2024\/01\/flyer-nuevo-rock-6.png\" \/>\n\t<meta property=\"og:image:width\" content=\"1080\" \/>\n\t<meta property=\"og:image:height\" content=\"1920\" \/>\n\t<meta property=\"og:image:type\" content=\"image\/png\" \/>\n<meta name=\"author\" content=\"Leonardo Monta\u00f1a\" \/>\n<meta name=\"twitter:card\" content=\"summary_large_image\" \/>\n<meta name=\"twitter:creator\" content=\"@https:\/\/twitter.com\/soytoto81\" \/>\n<meta name=\"twitter:site\" content=\"@sergiolapegue\" \/>\n<meta name=\"twitter:label1\" content=\"Escrito por\" \/>\n\t<meta name=\"twitter:data1\" content=\"Leonardo Monta\u00f1a\" \/>\n\t<meta name=\"twitter:label2\" content=\"Tiempo de lectura\" \/>\n\t<meta name=\"twitter:data2\" content=\"2 minutos\" \/>\n<script type=\"application\/ld+json\" class=\"yoast-schema-graph\">{\"@context\":\"https:\\\/\\\/schema.org\",\"@graph\":[{\"@type\":\"Article\",\"@id\":\"https:\\\/\\\/sergiolapegue.com\\\/site\\\/2024\\\/01\\\/24\\\/llega-la-6ta-edicion-del-ciclo-nuevo-rock-en-martinez\\\/#article\",\"isPartOf\":{\"@id\":\"https:\\\/\\\/sergiolapegue.com\\\/site\\\/2024\\\/01\\\/24\\\/llega-la-6ta-edicion-del-ciclo-nuevo-rock-en-martinez\\\/\"},\"author\":{\"name\":\"Leonardo Monta\u00f1a\",\"@id\":\"https:\\\/\\\/sergiolapegue.com\\\/site\\\/#\\\/schema\\\/person\\\/00adf937d010c7f79a180dc4916a40e0\"},\"headline\":\"Llega la 6ta edici\u00f3n del Ciclo Nuevo Rock en Mart\u00ednez\",\"datePublished\":\"2024-01-24T21:40:49+00:00\",\"dateModified\":\"2024-01-24T21:40:50+00:00\",\"mainEntityOfPage\":{\"@id\":\"https:\\\/\\\/sergiolapegue.com\\\/site\\\/2024\\\/01\\\/24\\\/llega-la-6ta-edicion-del-ciclo-nuevo-rock-en-martinez\\\/\"},\"wordCount\":251,\"publisher\":{\"@id\":\"https:\\\/\\\/sergiolapegue.com\\\/site\\\/#\\\/schema\\\/person\\\/083aeceeb0734cd166779ea6c0551a37\"},\"image\":{\"@id\":\"https:\\\/\\\/sergiolapegue.com\\\/site\\\/2024\\\/01\\\/24\\\/llega-la-6ta-edicion-del-ciclo-nuevo-rock-en-martinez\\\/#primaryimage\"},\"thumbnailUrl\":\"https:\\\/\\\/sergiolapegue.com\\\/site\\\/wp-content\\\/uploads\\\/2024\\\/01\\\/flyer-nuevo-rock-6.png\",\"keywords\":[\"banda\",\"bar\",\"martinez\",\"musica\",\"rock\",\"zona norte\"],\"articleSection\":[\"Arte\",\"M\u00fasica\"],\"inLanguage\":\"es-AR\"},{\"@type\":\"WebPage\",\"@id\":\"https:\\\/\\\/sergiolapegue.com\\\/site\\\/2024\\\/01\\\/24\\\/llega-la-6ta-edicion-del-ciclo-nuevo-rock-en-martinez\\\/\",\"url\":\"https:\\\/\\\/sergiolapegue.com\\\/site\\\/2024\\\/01\\\/24\\\/llega-la-6ta-edicion-del-ciclo-nuevo-rock-en-martinez\\\/\",\"name\":\"Llega la 6ta edici\u00f3n del Ciclo Nuevo Rock en Mart\u00ednez - Sergio Lapegue\",\"isPartOf\":{\"@id\":\"https:\\\/\\\/sergiolapegue.com\\\/site\\\/#website\"},\"primaryImageOfPage\":{\"@id\":\"https:\\\/\\\/sergiolapegue.com\\\/site\\\/2024\\\/01\\\/24\\\/llega-la-6ta-edicion-del-ciclo-nuevo-rock-en-martinez\\\/#primaryimage\"},\"image\":{\"@id\":\"https:\\\/\\\/sergiolapegue.com\\\/site\\\/2024\\\/01\\\/24\\\/llega-la-6ta-edicion-del-ciclo-nuevo-rock-en-martinez\\\/#primaryimage\"},\"thumbnailUrl\":\"https:\\\/\\\/sergiolapegue.com\\\/site\\\/wp-content\\\/uploads\\\/2024\\\/01\\\/flyer-nuevo-rock-6.png\",\"datePublished\":\"2024-01-24T21:40:49+00:00\",\"dateModified\":\"2024-01-24T21:40:50+00:00\",\"breadcrumb\":{\"@id\":\"https:\\\/\\\/sergiolapegue.com\\\/site\\\/2024\\\/01\\\/24\\\/llega-la-6ta-edicion-del-ciclo-nuevo-rock-en-martinez\\\/#breadcrumb\"},\"inLanguage\":\"es-AR\",\"potentialAction\":[{\"@type\":\"ReadAction\",\"target\":[\"https:\\\/\\\/sergiolapegue.com\\\/site\\\/2024\\\/01\\\/24\\\/llega-la-6ta-edicion-del-ciclo-nuevo-rock-en-martinez\\\/\"]}]},{\"@type\":\"ImageObject\",\"inLanguage\":\"es-AR\",\"@id\":\"https:\\\/\\\/sergiolapegue.com\\\/site\\\/2024\\\/01\\\/24\\\/llega-la-6ta-edicion-del-ciclo-nuevo-rock-en-martinez\\\/#primaryimage\",\"url\":\"https:\\\/\\\/sergiolapegue.com\\\/site\\\/wp-content\\\/uploads\\\/2024\\\/01\\\/flyer-nuevo-rock-6.png\",\"contentUrl\":\"https:\\\/\\\/sergiolapegue.com\\\/site\\\/wp-content\\\/uploads\\\/2024\\\/01\\\/flyer-nuevo-rock-6.png\",\"width\":1080,\"height\":1920},{\"@type\":\"BreadcrumbList\",\"@id\":\"https:\\\/\\\/sergiolapegue.com\\\/site\\\/2024\\\/01\\\/24\\\/llega-la-6ta-edicion-del-ciclo-nuevo-rock-en-martinez\\\/#breadcrumb\",\"itemListElement\":[{\"@type\":\"ListItem\",\"position\":1,\"name\":\"Inicio\",\"item\":\"https:\\\/\\\/sergiolapegue.com\\\/site\\\/\"},{\"@type\":\"ListItem\",\"position\":2,\"name\":\"Llega la 6ta edici\u00f3n del Ciclo Nuevo Rock en Mart\u00ednez\"}]},{\"@type\":\"WebSite\",\"@id\":\"https:\\\/\\\/sergiolapegue.com\\\/site\\\/#website\",\"url\":\"https:\\\/\\\/sergiolapegue.com\\\/site\\\/\",\"name\":\"Sergio Lapegue\",\"description\":\"Periodista\",\"publisher\":{\"@id\":\"https:\\\/\\\/sergiolapegue.com\\\/site\\\/#\\\/schema\\\/person\\\/083aeceeb0734cd166779ea6c0551a37\"},\"potentialAction\":[{\"@type\":\"SearchAction\",\"target\":{\"@type\":\"EntryPoint\",\"urlTemplate\":\"https:\\\/\\\/sergiolapegue.com\\\/site\\\/?s={search_term_string}\"},\"query-input\":{\"@type\":\"PropertyValueSpecification\",\"valueRequired\":true,\"valueName\":\"search_term_string\"}}],\"inLanguage\":\"es-AR\"},{\"@type\":[\"Person\",\"Organization\"],\"@id\":\"https:\\\/\\\/sergiolapegue.com\\\/site\\\/#\\\/schema\\\/person\\\/083aeceeb0734cd166779ea6c0551a37\",\"name\":\"Sergio Lapegue\",\"image\":{\"@type\":\"ImageObject\",\"inLanguage\":\"es-AR\",\"@id\":\"https:\\\/\\\/sergiolapegue.com\\\/site\\\/wp-content\\\/uploads\\\/2021\\\/04\\\/logo_header-1.png\",\"url\":\"https:\\\/\\\/sergiolapegue.com\\\/site\\\/wp-content\\\/uploads\\\/2021\\\/04\\\/logo_header-1.png\",\"contentUrl\":\"https:\\\/\\\/sergiolapegue.com\\\/site\\\/wp-content\\\/uploads\\\/2021\\\/04\\\/logo_header-1.png\",\"width\":272,\"height\":90,\"caption\":\"Sergio Lapegue\"},\"logo\":{\"@id\":\"https:\\\/\\\/sergiolapegue.com\\\/site\\\/wp-content\\\/uploads\\\/2021\\\/04\\\/logo_header-1.png\"},\"sameAs\":[\"https:\\\/\\\/facebook.com\\\/sergiolapegue\",\"https:\\\/\\\/instagram.com\\\/sergiolapegue\",\"https:\\\/\\\/x.com\\\/https:\\\/\\\/twitter.com\\\/sergiolapegue\"]},{\"@type\":\"Person\",\"@id\":\"https:\\\/\\\/sergiolapegue.com\\\/site\\\/#\\\/schema\\\/person\\\/00adf937d010c7f79a180dc4916a40e0\",\"name\":\"Leonardo Monta\u00f1a\",\"image\":{\"@type\":\"ImageObject\",\"inLanguage\":\"es-AR\",\"@id\":\"https:\\\/\\\/sergiolapegue.com\\\/site\\\/wp-content\\\/uploads\\\/2021\\\/04\\\/sl_avatar_Leonardo-150x150.jpg\",\"url\":\"https:\\\/\\\/sergiolapegue.com\\\/site\\\/wp-content\\\/uploads\\\/2021\\\/04\\\/sl_avatar_Leonardo-150x150.jpg\",\"contentUrl\":\"https:\\\/\\\/sergiolapegue.com\\\/site\\\/wp-content\\\/uploads\\\/2021\\\/04\\\/sl_avatar_Leonardo-150x150.jpg\",\"caption\":\"Leonardo Monta\u00f1a\"},\"sameAs\":[\"https:\\\/\\\/x.com\\\/https:\\\/\\\/twitter.com\\\/soytoto81\"],\"url\":\"https:\\\/\\\/sergiolapegue.com\\\/site\\\/author\\\/leonardo\\\/\"}]}<\/script>\n<!-- \/ Yoast SEO plugin. -->","yoast_head_json":{"title":"Llega la 6ta edici\u00f3n del Ciclo Nuevo Rock en Mart\u00ednez - Sergio Lapegue","robots":{"index":"index","follow":"follow","max-snippet":"max-snippet:-1","max-image-preview":"max-image-preview:large","max-video-preview":"max-video-preview:-1"},"canonical":"https:\/\/sergiolapegue.com\/site\/2024\/01\/24\/llega-la-6ta-edicion-del-ciclo-nuevo-rock-en-martinez\/","og_locale":"es_ES","og_type":"article","og_title":"Llega la 6ta edici\u00f3n del Ciclo Nuevo Rock en Mart\u00ednez - Sergio Lapegue","og_description":"El pr\u00f3ximo 28 de enero desde las 19hs. en el hist\u00f3rico City Bar de Mart\u00ednez (Fondo de la Legua 2550, Mart\u00ednez, San Isidro), llega la&nbsp;6ta Edici\u00f3n del Ciclo Nuevo Rock:&nbsp;el proyecto ideado por el l\u00edder de&nbsp;Labaria&nbsp;(@labaria_musica), Facundo Tom\u00e1s Gutierrez, para darle lugar a los nuevos m\u00fasicos y bandas del rock local. En esta Edici\u00f3n estar\u00e1n [&hellip;]","og_url":"https:\/\/sergiolapegue.com\/site\/2024\/01\/24\/llega-la-6ta-edicion-del-ciclo-nuevo-rock-en-martinez\/","og_site_name":"Sergio Lapegue","article_publisher":"https:\/\/facebook.com\/sergiolapegue","article_published_time":"2024-01-24T21:40:49+00:00","article_modified_time":"2024-01-24T21:40:50+00:00","og_image":[{"width":1080,"height":1920,"url":"https:\/\/sergiolapegue.com\/site\/wp-content\/uploads\/2024\/01\/flyer-nuevo-rock-6.png","type":"image\/png"}],"author":"Leonardo Monta\u00f1a","twitter_card":"summary_large_image","twitter_creator":"@https:\/\/twitter.com\/soytoto81","twitter_site":"@sergiolapegue","twitter_misc":{"Escrito por":"Leonardo Monta\u00f1a","Tiempo de lectura":"2 minutos"},"schema":{"@context":"https:\/\/schema.org","@graph":[{"@type":"Article","@id":"https:\/\/sergiolapegue.com\/site\/2024\/01\/24\/llega-la-6ta-edicion-del-ciclo-nuevo-rock-en-martinez\/#article","isPartOf":{"@id":"https:\/\/sergiolapegue.com\/site\/2024\/01\/24\/llega-la-6ta-edicion-del-ciclo-nuevo-rock-en-martinez\/"},"author":{"name":"Leonardo Monta\u00f1a","@id":"https:\/\/sergiolapegue.com\/site\/#\/schema\/person\/00adf937d010c7f79a180dc4916a40e0"},"headline":"Llega la 6ta edici\u00f3n del Ciclo Nuevo Rock en Mart\u00ednez","datePublished":"2024-01-24T21:40:49+00:00","dateModified":"2024-01-24T21:40:50+00:00","mainEntityOfPage":{"@id":"https:\/\/sergiolapegue.com\/site\/2024\/01\/24\/llega-la-6ta-edicion-del-ciclo-nuevo-rock-en-martinez\/"},"wordCount":251,"publisher":{"@id":"https:\/\/sergiolapegue.com\/site\/#\/schema\/person\/083aeceeb0734cd166779ea6c0551a37"},"image":{"@id":"https:\/\/sergiolapegue.com\/site\/2024\/01\/24\/llega-la-6ta-edicion-del-ciclo-nuevo-rock-en-martinez\/#primaryimage"},"thumbnailUrl":"https:\/\/sergiolapegue.com\/site\/wp-content\/uploads\/2024\/01\/flyer-nuevo-rock-6.png","keywords":["banda","bar","martinez","musica","rock","zona norte"],"articleSection":["Arte","M\u00fasica"],"inLanguage":"es-AR"},{"@type":"WebPage","@id":"https:\/\/sergiolapegue.com\/site\/2024\/01\/24\/llega-la-6ta-edicion-del-ciclo-nuevo-rock-en-martinez\/","url":"https:\/\/sergiolapegue.com\/site\/2024\/01\/24\/llega-la-6ta-edicion-del-ciclo-nuevo-rock-en-martinez\/","name":"Llega la 6ta edici\u00f3n del Ciclo Nuevo Rock en Mart\u00ednez - Sergio Lapegue","isPartOf":{"@id":"https:\/\/sergiolapegue.com\/site\/#website"},"primaryImageOfPage":{"@id":"https:\/\/sergiolapegue.com\/site\/2024\/01\/24\/llega-la-6ta-edicion-del-ciclo-nuevo-rock-en-martinez\/#primaryimage"},"image":{"@id":"https:\/\/sergiolapegue.com\/site\/2024\/01\/24\/llega-la-6ta-edicion-del-ciclo-nuevo-rock-en-martinez\/#primaryimage"},"thumbnailUrl":"https:\/\/sergiolapegue.com\/site\/wp-content\/uploads\/2024\/01\/flyer-nuevo-rock-6.png","datePublished":"2024-01-24T21:40:49+00:00","dateModified":"2024-01-24T21:40:50+00:00","breadcrumb":{"@id":"https:\/\/sergiolapegue.com\/site\/2024\/01\/24\/llega-la-6ta-edicion-del-ciclo-nuevo-rock-en-martinez\/#breadcrumb"},"inLanguage":"es-AR","potentialAction":[{"@type":"ReadAction","target":["https:\/\/sergiolapegue.com\/site\/2024\/01\/24\/llega-la-6ta-edicion-del-ciclo-nuevo-rock-en-martinez\/"]}]},{"@type":"ImageObject","inLanguage":"es-AR","@id":"https:\/\/sergiolapegue.com\/site\/2024\/01\/24\/llega-la-6ta-edicion-del-ciclo-nuevo-rock-en-martinez\/#primaryimage","url":"https:\/\/sergiolapegue.com\/site\/wp-content\/uploads\/2024\/01\/flyer-nuevo-rock-6.png","contentUrl":"https:\/\/sergiolapegue.com\/site\/wp-content\/uploads\/2024\/01\/flyer-nuevo-rock-6.png","width":1080,"height":1920},{"@type":"BreadcrumbList","@id":"https:\/\/sergiolapegue.com\/site\/2024\/01\/24\/llega-la-6ta-edicion-del-ciclo-nuevo-rock-en-martinez\/#breadcrumb","itemListElement":[{"@type":"ListItem","position":1,"name":"Inicio","item":"https:\/\/sergiolapegue.com\/site\/"},{"@type":"ListItem","position":2,"name":"Llega la 6ta edici\u00f3n del Ciclo Nuevo Rock en Mart\u00ednez"}]},{"@type":"WebSite","@id":"https:\/\/sergiolapegue.com\/site\/#website","url":"https:\/\/sergiolapegue.com\/site\/","name":"Sergio Lapegue","description":"Periodista","publisher":{"@id":"https:\/\/sergiolapegue.com\/site\/#\/schema\/person\/083aeceeb0734cd166779ea6c0551a37"},"potentialAction":[{"@type":"SearchAction","target":{"@type":"EntryPoint","urlTemplate":"https:\/\/sergiolapegue.com\/site\/?s={search_term_string}"},"query-input":{"@type":"PropertyValueSpecification","valueRequired":true,"valueName":"search_term_string"}}],"inLanguage":"es-AR"},{"@type":["Person","Organization"],"@id":"https:\/\/sergiolapegue.com\/site\/#\/schema\/person\/083aeceeb0734cd166779ea6c0551a37","name":"Sergio Lapegue","image":{"@type":"ImageObject","inLanguage":"es-AR","@id":"https:\/\/sergiolapegue.com\/site\/wp-content\/uploads\/2021\/04\/logo_header-1.png","url":"https:\/\/sergiolapegue.com\/site\/wp-content\/uploads\/2021\/04\/logo_header-1.png","contentUrl":"https:\/\/sergiolapegue.com\/site\/wp-content\/uploads\/2021\/04\/logo_header-1.png","width":272,"height":90,"caption":"Sergio Lapegue"},"logo":{"@id":"https:\/\/sergiolapegue.com\/site\/wp-content\/uploads\/2021\/04\/logo_header-1.png"},"sameAs":["https:\/\/facebook.com\/sergiolapegue","https:\/\/instagram.com\/sergiolapegue","https:\/\/x.com\/https:\/\/twitter.com\/sergiolapegue"]},{"@type":"Person","@id":"https:\/\/sergiolapegue.com\/site\/#\/schema\/person\/00adf937d010c7f79a180dc4916a40e0","name":"Leonardo Monta\u00f1a","image":{"@type":"ImageObject","inLanguage":"es-AR","@id":"https:\/\/sergiolapegue.com\/site\/wp-content\/uploads\/2021\/04\/sl_avatar_Leonardo-150x150.jpg","url":"https:\/\/sergiolapegue.com\/site\/wp-content\/uploads\/2021\/04\/sl_avatar_Leonardo-150x150.jpg","contentUrl":"https:\/\/sergiolapegue.com\/site\/wp-content\/uploads\/2021\/04\/sl_avatar_Leonardo-150x150.jpg","caption":"Leonardo Monta\u00f1a"},"sameAs":["https:\/\/x.com\/https:\/\/twitter.com\/soytoto81"],"url":"https:\/\/sergiolapegue.com\/site\/author\/leonardo\/"}]}},"_links":{"self":[{"href":"https:\/\/sergiolapegue.com\/site\/wp-json\/wp\/v2\/posts\/13077","targetHints":{"allow":["GET"]}}],"collection":[{"href":"https:\/\/sergiolapegue.com\/site\/wp-json\/wp\/v2\/posts"}],"about":[{"href":"https:\/\/sergiolapegue.com\/site\/wp-json\/wp\/v2\/types\/post"}],"author":[{"embeddable":true,"href":"https:\/\/sergiolapegue.com\/site\/wp-json\/wp\/v2\/users\/4"}],"replies":[{"embeddable":true,"href":"https:\/\/sergiolapegue.com\/site\/wp-json\/wp\/v2\/comments?post=13077"}],"version-history":[{"count":1,"href":"https:\/\/sergiolapegue.com\/site\/wp-json\/wp\/v2\/posts\/13077\/revisions"}],"predecessor-version":[{"id":13080,"href":"https:\/\/sergiolapegue.com\/site\/wp-json\/wp\/v2\/posts\/13077\/revisions\/13080"}],"wp:featuredmedia":[{"embeddable":true,"href":"https:\/\/sergiolapegue.com\/site\/wp-json\/wp\/v2\/media\/13079"}],"wp:attachment":[{"href":"https:\/\/sergiolapegue.com\/site\/wp-json\/wp\/v2\/media?parent=13077"}],"wp:term":[{"taxonomy":"category","embeddable":true,"href":"https:\/\/sergiolapegue.com\/site\/wp-json\/wp\/v2\/categories?post=13077"},{"taxonomy":"post_tag","embeddable":true,"href":"https:\/\/sergiolapegue.com\/site\/wp-json\/wp\/v2\/tags?post=13077"}],"curies":[{"name":"wp","href":"https:\/\/api.w.org\/{rel}","templated":true}]}}