{"id":13063,"date":"2024-02-01T09:40:00","date_gmt":"2024-02-01T12:40:00","guid":{"rendered":"https:\/\/sergiolapegue.com\/site\/?p=13063"},"modified":"2024-02-02T18:17:52","modified_gmt":"2024-02-02T21:17:52","slug":"recomendaciones-para-prevenir-o-tratar-la-famosa-otitis-externa","status":"publish","type":"post","link":"https:\/\/sergiolapegue.com\/site\/2024\/02\/01\/recomendaciones-para-prevenir-o-tratar-la-famosa-otitis-externa\/","title":{"rendered":"Recomendaciones para prevenir o tratar la famosa otitis externa"},"content":{"rendered":"\n<p>La otitis externa ocurre con m\u00e1s frecuencia durante el verano debido a las altas temperaturas, sobre todo en ni\u00f1os de 0 a 7 a\u00f1os, ya que las visitas a las piscinas son m\u00e1s habituales.<\/p>\n\n\n\n<p>El verano llega con una serie de circunstancias que producen que las enfermedades y molestias en los o\u00eddos aumenten. Estas se suelen originar a trav\u00e9s de bacterias u hongos que se encuentran en el agua y que entran en contacto con el conducto auditivo al sumergir la cabeza durante un largo per\u00edodo de tiempo. No obstante, puede producirse en cualquier otra estaci\u00f3n del a\u00f1o siempre que haya contacto constante con el agua. En esta situaci\u00f3n, el conducto auditivo se inflama y se produce un fuerte dolor, que aumenta si se toca la zona auricular.<\/p>\n\n\n\n<p>\u201c<em>El 84% de las otitis externas, tambi\u00e9n conocidas como \u201cotitis del nadador\u201d, se originan en verano, puesto que la combinaci\u00f3n de agua y calor favorece su aparici\u00f3n<\/em>\u201d, explica el&nbsp;<strong>Dr. Daniel De La Torre Diamante, referente de MED-EL<\/strong>. Y agrega que: \u201c<em>existen pacientes que tienen otitis externas a repetici\u00f3n por otros factores predisponentes como, por ejemplo, dermatitis at\u00f3nicas en la piel del conducto auditivo externo o la oreja. Para estos casos lo ideal es evitar el contacto con el al\u00e9rgeno m\u00e1s frecuente que suele ser la espuma del shampoo, por lo cual se indica tapar los o\u00eddos a la hora de ba\u00f1arse<\/em>.\u201d<\/p>\n\n\n\n<p><strong>Signos de alarma y factores de riesgo<\/strong><\/p>\n\n\n\n<p>El<strong>&nbsp;profesional referente de MED-EL&nbsp;<\/strong>desarrolla una serie de factores de riesgo y alarmas a tener presente para evitar la otitis externa:<\/p>\n\n\n\n<p>\u00b7&nbsp;&nbsp;&nbsp;&nbsp;&nbsp;&nbsp;&nbsp;&nbsp;&nbsp;Picaz\u00f3n o sensaci\u00f3n de tener la oreja taponada, puesto que, en el peor de los casos, puede incluso llegar a producir p\u00e9rdida auditiva que suele ser temporal;<\/p>\n\n\n\n<p>\u00b7&nbsp;&nbsp;&nbsp;&nbsp;&nbsp;&nbsp;&nbsp;&nbsp;&nbsp;Humedad ambiental;<\/p>\n\n\n\n<p>\u00b7&nbsp;&nbsp;&nbsp;&nbsp;&nbsp;&nbsp;&nbsp;&nbsp;&nbsp;Temperatura elevada;<\/p>\n\n\n\n<p>\u00b7&nbsp;&nbsp;&nbsp;&nbsp;&nbsp;&nbsp;&nbsp;&nbsp;&nbsp;Sudoraci\u00f3n excesiva;<\/p>\n\n\n\n<p>\u00b7&nbsp;&nbsp;&nbsp;&nbsp;&nbsp;&nbsp;&nbsp;&nbsp;&nbsp;Contaminaci\u00f3n de las aguas;<\/p>\n\n\n\n<p>\u00b7&nbsp;&nbsp;&nbsp;&nbsp;&nbsp;&nbsp;&nbsp;&nbsp;&nbsp;El uso de hisopos para retirar el cerumen en el conducto auditivo externo.<\/p>\n\n\n\n<figure class=\"wp-block-image size-full is-resized is-style-rounded\"><img loading=\"lazy\" decoding=\"async\" width=\"629\" height=\"332\" src=\"https:\/\/sergiolapegue.com\/site\/wp-content\/uploads\/2024\/01\/otitis-externa02.jpg\" alt=\"\" class=\"wp-image-13064\" style=\"width:698px;height:auto\" srcset=\"https:\/\/sergiolapegue.com\/site\/wp-content\/uploads\/2024\/01\/otitis-externa02.jpg 629w, https:\/\/sergiolapegue.com\/site\/wp-content\/uploads\/2024\/01\/otitis-externa02-300x158.jpg 300w\" sizes=\"auto, (max-width: 629px) 100vw, 629px\" \/><\/figure>\n\n\n\n<p><strong>C\u00f3mo prevenir la otitis externa<\/strong><\/p>\n\n\n\n<p>Las aguas abiertas (mar o lagunas) suelen tener g\u00e9rmenes que pueden infectar los tejidos de nuestra aur\u00edcula, por lo cual lo ideal antes de una sumersi\u00f3n en estas aguas es tapar los o\u00eddos. En casos de aguas cloradas lo ideal es que luego de la sumersi\u00f3n el o\u00eddo quede seco, para esto se puede eliminar el exceso de agua y si a\u00fan se siente humedad puede utilizarse unas gotas de alcohol boricado o isoprop\u00edlico para secar dicha humedad.<\/p>\n\n\n\n<p>\u201c<em>Para las personas propensas a padecer otitis es importante secar muy bien los o\u00eddos con una toalla limpia o con un secador de pelo, adem\u00e1s de utilizar gorro de ba\u00f1o y tapones auditivos a la hora de meterse al mar o la piscina. Adem\u00e1s, se debe evitar el ba\u00f1o en piletas sin depurar o en sitios con aguas estancadas, puesto que son lugares donde proliferan las bacterias<\/em>\u201d, comenta el&nbsp;<strong>m\u00e9dico referente de MED-EL<\/strong>.<\/p>\n\n\n\n<p><strong>C\u00f3mo tratar la otitis de verano<\/strong><\/p>\n\n\n\n<p>Ante la aparici\u00f3n de los s\u00edntomas (dolor de o\u00eddo, supuraci\u00f3n, p\u00e9rdida auditiva) es fundamental consultar a una guardia de otorrinolaringolog\u00eda para confirmar el diagn\u00f3stico y empezar un tratamiento con antibi\u00f3tico y corticoides v\u00eda oral y t\u00f3pico de ser una infecci\u00f3n bacteriana o antimic\u00f3ticos si se padece una otomicosis. \u201c<em>Es importante recalcar que la automedicaci\u00f3n con antibi\u00f3ticos puede generar serios problemas de salud, entre ellos la p\u00e9rdida de eficacia de este tipo de f\u00e1rmacos\u201d,&nbsp;<\/em>finaliza el&nbsp;<strong>especialista referente de MED-EL<\/strong>.<\/p>\n\n\n\n<p><strong>Acerca de MED-EL<\/strong><\/p>\n\n\n\n<p><em>MED-EL Medical Electronics, l\u00edder en soluciones auditivas implantables, tiene la misi\u00f3n de superar la p\u00e9rdida auditiva como una barrera para la comunicaci\u00f3n y la calidad de vida. La empresa privada con sede en Austria fue cofundada por los pioneros de la industria Ingeborg y Erwin Hochmair, cuya innovadora investigaci\u00f3n condujo al desarrollo del primer implante coclear (CI) microelectr\u00f3nico multicanal del mundo, que se implant\u00f3 con \u00e9xito en 1977 y fue la base de lo que hoy se conoce como la IC moderna. Esto sent\u00f3 las bases para el exitoso crecimiento de la empresa en 1990, cuando contrataron a sus primeros empleados. Hasta la fecha, MED-EL tiene m\u00e1s de 2500 empleados de alrededor de 80 pa\u00edses y 30 ubicaciones en todo el mundo.<\/em><\/p>\n\n\n\n<p><em>La empresa ofrece la gama m\u00e1s amplia de soluciones implantables y no implantables para tratar todo tipo de p\u00e9rdida auditiva, lo que permite a personas de 140 pa\u00edses disfrutar del don de la audici\u00f3n con la ayuda de un dispositivo MED-EL. Las soluciones auditivas de MED-EL incluyen sistemas de implantes cocleares y de o\u00eddo medio, un sistema combinado de implantes auditivos de estimulaci\u00f3n ac\u00fastica el\u00e9ctrica, implantes auditivos de tronco encef\u00e1lico, as\u00ed como dispositivos de conducci\u00f3n \u00f3sea quir\u00fargicos y no quir\u00fargicos. Conozca m\u00e1s de nuestras soluciones en<\/em>&nbsp;&nbsp;<a href=\"http:\/\/www.medel.com\/latam\" target=\"_blank\" rel=\"noreferrer noopener\">www.medel.com\/latam<\/a><\/p>\n\n\n\n<figure class=\"wp-block-image size-full is-resized\"><img loading=\"lazy\" decoding=\"async\" width=\"644\" height=\"643\" src=\"https:\/\/sergiolapegue.com\/site\/wp-content\/uploads\/2024\/01\/Daniel-De-La-Torre-Diamante.jpg\" alt=\"\" class=\"wp-image-13066\" style=\"width:204px;height:auto\" srcset=\"https:\/\/sergiolapegue.com\/site\/wp-content\/uploads\/2024\/01\/Daniel-De-La-Torre-Diamante.jpg 644w, https:\/\/sergiolapegue.com\/site\/wp-content\/uploads\/2024\/01\/Daniel-De-La-Torre-Diamante-300x300.jpg 300w, https:\/\/sergiolapegue.com\/site\/wp-content\/uploads\/2024\/01\/Daniel-De-La-Torre-Diamante-150x150.jpg 150w\" sizes=\"auto, (max-width: 644px) 100vw, 644px\" \/><figcaption class=\"wp-element-caption\"><strong>Dr Daniel De La Torre Diamante, referente de MED-EL<\/strong><\/figcaption><\/figure>\n","protected":false},"excerpt":{"rendered":"<p>La otitis externa ocurre con m\u00e1s frecuencia durante el verano debido a las altas temperaturas, sobre todo en ni\u00f1os de 0 a 7 a\u00f1os, ya que las visitas a las piscinas son m\u00e1s habituales. El verano llega con una serie de circunstancias que producen que las enfermedades y molestias en los o\u00eddos aumenten. Estas se [&hellip;]<\/p>\n","protected":false},"author":4,"featured_media":13218,"comment_status":"closed","ping_status":"closed","sticky":false,"template":"","format":"standard","meta":{"footnotes":""},"categories":[38,40],"tags":[211,815,157,3221,811,809,66,908,471],"class_list":{"0":"post-13063","1":"post","2":"type-post","3":"status-publish","4":"format-standard","5":"has-post-thumbnail","7":"category-actualidad","8":"category-salud","9":"tag-agua","10":"tag-bacteria","11":"tag-enfermedad","12":"tag-hongo","13":"tag-oido","14":"tag-otitis","15":"tag-salud","16":"tag-temperatura","17":"tag-verano"},"yoast_head":"<!-- This site is optimized with the Yoast SEO plugin v27.5 - https:\/\/yoast.com\/product\/yoast-seo-wordpress\/ -->\n<title>Recomendaciones para prevenir o tratar la famosa otitis externa - Sergio Lapegue<\/title>\n<meta name=\"robots\" content=\"index, follow, max-snippet:-1, max-image-preview:large, max-video-preview:-1\" \/>\n<link rel=\"canonical\" href=\"https:\/\/sergiolapegue.com\/site\/2024\/02\/01\/recomendaciones-para-prevenir-o-tratar-la-famosa-otitis-externa\/\" \/>\n<meta property=\"og:locale\" content=\"es_ES\" \/>\n<meta property=\"og:type\" content=\"article\" \/>\n<meta property=\"og:title\" content=\"Recomendaciones para prevenir o tratar la famosa otitis externa - Sergio Lapegue\" \/>\n<meta property=\"og:description\" content=\"La otitis externa ocurre con m\u00e1s frecuencia durante el verano debido a las altas temperaturas, sobre todo en ni\u00f1os de 0 a 7 a\u00f1os, ya que las visitas a las piscinas son m\u00e1s habituales. El verano llega con una serie de circunstancias que producen que las enfermedades y molestias en los o\u00eddos aumenten. Estas se [&hellip;]\" \/>\n<meta property=\"og:url\" content=\"https:\/\/sergiolapegue.com\/site\/2024\/02\/01\/recomendaciones-para-prevenir-o-tratar-la-famosa-otitis-externa\/\" \/>\n<meta property=\"og:site_name\" content=\"Sergio Lapegue\" \/>\n<meta property=\"article:publisher\" content=\"https:\/\/facebook.com\/sergiolapegue\" \/>\n<meta property=\"article:published_time\" content=\"2024-02-01T12:40:00+00:00\" \/>\n<meta property=\"article:modified_time\" content=\"2024-02-02T21:17:52+00:00\" \/>\n<meta property=\"og:image\" content=\"https:\/\/sergiolapegue.com\/site\/wp-content\/uploads\/2024\/02\/Otitis-externa02.jpg\" \/>\n\t<meta property=\"og:image:width\" content=\"1000\" \/>\n\t<meta property=\"og:image:height\" content=\"667\" \/>\n\t<meta property=\"og:image:type\" content=\"image\/jpeg\" \/>\n<meta name=\"author\" content=\"Leonardo Monta\u00f1a\" \/>\n<meta name=\"twitter:card\" content=\"summary_large_image\" \/>\n<meta name=\"twitter:creator\" content=\"@https:\/\/twitter.com\/soytoto81\" \/>\n<meta name=\"twitter:site\" content=\"@sergiolapegue\" \/>\n<meta name=\"twitter:label1\" content=\"Escrito por\" \/>\n\t<meta name=\"twitter:data1\" content=\"Leonardo Monta\u00f1a\" \/>\n\t<meta name=\"twitter:label2\" content=\"Tiempo de lectura\" \/>\n\t<meta name=\"twitter:data2\" content=\"4 minutos\" \/>\n<script type=\"application\/ld+json\" class=\"yoast-schema-graph\">{\"@context\":\"https:\\\/\\\/schema.org\",\"@graph\":[{\"@type\":\"Article\",\"@id\":\"https:\\\/\\\/sergiolapegue.com\\\/site\\\/2024\\\/02\\\/01\\\/recomendaciones-para-prevenir-o-tratar-la-famosa-otitis-externa\\\/#article\",\"isPartOf\":{\"@id\":\"https:\\\/\\\/sergiolapegue.com\\\/site\\\/2024\\\/02\\\/01\\\/recomendaciones-para-prevenir-o-tratar-la-famosa-otitis-externa\\\/\"},\"author\":{\"name\":\"Leonardo Monta\u00f1a\",\"@id\":\"https:\\\/\\\/sergiolapegue.com\\\/site\\\/#\\\/schema\\\/person\\\/00adf937d010c7f79a180dc4916a40e0\"},\"headline\":\"Recomendaciones para prevenir o tratar la famosa otitis externa\",\"datePublished\":\"2024-02-01T12:40:00+00:00\",\"dateModified\":\"2024-02-02T21:17:52+00:00\",\"mainEntityOfPage\":{\"@id\":\"https:\\\/\\\/sergiolapegue.com\\\/site\\\/2024\\\/02\\\/01\\\/recomendaciones-para-prevenir-o-tratar-la-famosa-otitis-externa\\\/\"},\"wordCount\":913,\"publisher\":{\"@id\":\"https:\\\/\\\/sergiolapegue.com\\\/site\\\/#\\\/schema\\\/person\\\/083aeceeb0734cd166779ea6c0551a37\"},\"image\":{\"@id\":\"https:\\\/\\\/sergiolapegue.com\\\/site\\\/2024\\\/02\\\/01\\\/recomendaciones-para-prevenir-o-tratar-la-famosa-otitis-externa\\\/#primaryimage\"},\"thumbnailUrl\":\"https:\\\/\\\/sergiolapegue.com\\\/site\\\/wp-content\\\/uploads\\\/2024\\\/02\\\/Otitis-externa02.jpg\",\"keywords\":[\"agua\",\"bacteria\",\"enfermedad\",\"hongo\",\"oido\",\"otitis\",\"salud\",\"temperatura\",\"verano\"],\"articleSection\":[\"Actualidad\",\"Salud\"],\"inLanguage\":\"es-AR\"},{\"@type\":\"WebPage\",\"@id\":\"https:\\\/\\\/sergiolapegue.com\\\/site\\\/2024\\\/02\\\/01\\\/recomendaciones-para-prevenir-o-tratar-la-famosa-otitis-externa\\\/\",\"url\":\"https:\\\/\\\/sergiolapegue.com\\\/site\\\/2024\\\/02\\\/01\\\/recomendaciones-para-prevenir-o-tratar-la-famosa-otitis-externa\\\/\",\"name\":\"Recomendaciones para prevenir o tratar la famosa otitis externa - Sergio Lapegue\",\"isPartOf\":{\"@id\":\"https:\\\/\\\/sergiolapegue.com\\\/site\\\/#website\"},\"primaryImageOfPage\":{\"@id\":\"https:\\\/\\\/sergiolapegue.com\\\/site\\\/2024\\\/02\\\/01\\\/recomendaciones-para-prevenir-o-tratar-la-famosa-otitis-externa\\\/#primaryimage\"},\"image\":{\"@id\":\"https:\\\/\\\/sergiolapegue.com\\\/site\\\/2024\\\/02\\\/01\\\/recomendaciones-para-prevenir-o-tratar-la-famosa-otitis-externa\\\/#primaryimage\"},\"thumbnailUrl\":\"https:\\\/\\\/sergiolapegue.com\\\/site\\\/wp-content\\\/uploads\\\/2024\\\/02\\\/Otitis-externa02.jpg\",\"datePublished\":\"2024-02-01T12:40:00+00:00\",\"dateModified\":\"2024-02-02T21:17:52+00:00\",\"breadcrumb\":{\"@id\":\"https:\\\/\\\/sergiolapegue.com\\\/site\\\/2024\\\/02\\\/01\\\/recomendaciones-para-prevenir-o-tratar-la-famosa-otitis-externa\\\/#breadcrumb\"},\"inLanguage\":\"es-AR\",\"potentialAction\":[{\"@type\":\"ReadAction\",\"target\":[\"https:\\\/\\\/sergiolapegue.com\\\/site\\\/2024\\\/02\\\/01\\\/recomendaciones-para-prevenir-o-tratar-la-famosa-otitis-externa\\\/\"]}]},{\"@type\":\"ImageObject\",\"inLanguage\":\"es-AR\",\"@id\":\"https:\\\/\\\/sergiolapegue.com\\\/site\\\/2024\\\/02\\\/01\\\/recomendaciones-para-prevenir-o-tratar-la-famosa-otitis-externa\\\/#primaryimage\",\"url\":\"https:\\\/\\\/sergiolapegue.com\\\/site\\\/wp-content\\\/uploads\\\/2024\\\/02\\\/Otitis-externa02.jpg\",\"contentUrl\":\"https:\\\/\\\/sergiolapegue.com\\\/site\\\/wp-content\\\/uploads\\\/2024\\\/02\\\/Otitis-externa02.jpg\",\"width\":1000,\"height\":667},{\"@type\":\"BreadcrumbList\",\"@id\":\"https:\\\/\\\/sergiolapegue.com\\\/site\\\/2024\\\/02\\\/01\\\/recomendaciones-para-prevenir-o-tratar-la-famosa-otitis-externa\\\/#breadcrumb\",\"itemListElement\":[{\"@type\":\"ListItem\",\"position\":1,\"name\":\"Inicio\",\"item\":\"https:\\\/\\\/sergiolapegue.com\\\/site\\\/\"},{\"@type\":\"ListItem\",\"position\":2,\"name\":\"Recomendaciones para prevenir o tratar la famosa otitis externa\"}]},{\"@type\":\"WebSite\",\"@id\":\"https:\\\/\\\/sergiolapegue.com\\\/site\\\/#website\",\"url\":\"https:\\\/\\\/sergiolapegue.com\\\/site\\\/\",\"name\":\"Sergio Lapegue\",\"description\":\"Periodista\",\"publisher\":{\"@id\":\"https:\\\/\\\/sergiolapegue.com\\\/site\\\/#\\\/schema\\\/person\\\/083aeceeb0734cd166779ea6c0551a37\"},\"potentialAction\":[{\"@type\":\"SearchAction\",\"target\":{\"@type\":\"EntryPoint\",\"urlTemplate\":\"https:\\\/\\\/sergiolapegue.com\\\/site\\\/?s={search_term_string}\"},\"query-input\":{\"@type\":\"PropertyValueSpecification\",\"valueRequired\":true,\"valueName\":\"search_term_string\"}}],\"inLanguage\":\"es-AR\"},{\"@type\":[\"Person\",\"Organization\"],\"@id\":\"https:\\\/\\\/sergiolapegue.com\\\/site\\\/#\\\/schema\\\/person\\\/083aeceeb0734cd166779ea6c0551a37\",\"name\":\"Sergio Lapegue\",\"image\":{\"@type\":\"ImageObject\",\"inLanguage\":\"es-AR\",\"@id\":\"https:\\\/\\\/sergiolapegue.com\\\/site\\\/wp-content\\\/uploads\\\/2021\\\/04\\\/logo_header-1.png\",\"url\":\"https:\\\/\\\/sergiolapegue.com\\\/site\\\/wp-content\\\/uploads\\\/2021\\\/04\\\/logo_header-1.png\",\"contentUrl\":\"https:\\\/\\\/sergiolapegue.com\\\/site\\\/wp-content\\\/uploads\\\/2021\\\/04\\\/logo_header-1.png\",\"width\":272,\"height\":90,\"caption\":\"Sergio Lapegue\"},\"logo\":{\"@id\":\"https:\\\/\\\/sergiolapegue.com\\\/site\\\/wp-content\\\/uploads\\\/2021\\\/04\\\/logo_header-1.png\"},\"sameAs\":[\"https:\\\/\\\/facebook.com\\\/sergiolapegue\",\"https:\\\/\\\/instagram.com\\\/sergiolapegue\",\"https:\\\/\\\/x.com\\\/https:\\\/\\\/twitter.com\\\/sergiolapegue\"]},{\"@type\":\"Person\",\"@id\":\"https:\\\/\\\/sergiolapegue.com\\\/site\\\/#\\\/schema\\\/person\\\/00adf937d010c7f79a180dc4916a40e0\",\"name\":\"Leonardo Monta\u00f1a\",\"image\":{\"@type\":\"ImageObject\",\"inLanguage\":\"es-AR\",\"@id\":\"https:\\\/\\\/sergiolapegue.com\\\/site\\\/wp-content\\\/uploads\\\/2021\\\/04\\\/sl_avatar_Leonardo-150x150.jpg\",\"url\":\"https:\\\/\\\/sergiolapegue.com\\\/site\\\/wp-content\\\/uploads\\\/2021\\\/04\\\/sl_avatar_Leonardo-150x150.jpg\",\"contentUrl\":\"https:\\\/\\\/sergiolapegue.com\\\/site\\\/wp-content\\\/uploads\\\/2021\\\/04\\\/sl_avatar_Leonardo-150x150.jpg\",\"caption\":\"Leonardo Monta\u00f1a\"},\"sameAs\":[\"https:\\\/\\\/x.com\\\/https:\\\/\\\/twitter.com\\\/soytoto81\"],\"url\":\"https:\\\/\\\/sergiolapegue.com\\\/site\\\/author\\\/leonardo\\\/\"}]}<\/script>\n<!-- \/ Yoast SEO plugin. -->","yoast_head_json":{"title":"Recomendaciones para prevenir o tratar la famosa otitis externa - Sergio Lapegue","robots":{"index":"index","follow":"follow","max-snippet":"max-snippet:-1","max-image-preview":"max-image-preview:large","max-video-preview":"max-video-preview:-1"},"canonical":"https:\/\/sergiolapegue.com\/site\/2024\/02\/01\/recomendaciones-para-prevenir-o-tratar-la-famosa-otitis-externa\/","og_locale":"es_ES","og_type":"article","og_title":"Recomendaciones para prevenir o tratar la famosa otitis externa - Sergio Lapegue","og_description":"La otitis externa ocurre con m\u00e1s frecuencia durante el verano debido a las altas temperaturas, sobre todo en ni\u00f1os de 0 a 7 a\u00f1os, ya que las visitas a las piscinas son m\u00e1s habituales. El verano llega con una serie de circunstancias que producen que las enfermedades y molestias en los o\u00eddos aumenten. Estas se [&hellip;]","og_url":"https:\/\/sergiolapegue.com\/site\/2024\/02\/01\/recomendaciones-para-prevenir-o-tratar-la-famosa-otitis-externa\/","og_site_name":"Sergio Lapegue","article_publisher":"https:\/\/facebook.com\/sergiolapegue","article_published_time":"2024-02-01T12:40:00+00:00","article_modified_time":"2024-02-02T21:17:52+00:00","og_image":[{"width":1000,"height":667,"url":"https:\/\/sergiolapegue.com\/site\/wp-content\/uploads\/2024\/02\/Otitis-externa02.jpg","type":"image\/jpeg"}],"author":"Leonardo Monta\u00f1a","twitter_card":"summary_large_image","twitter_creator":"@https:\/\/twitter.com\/soytoto81","twitter_site":"@sergiolapegue","twitter_misc":{"Escrito por":"Leonardo Monta\u00f1a","Tiempo de lectura":"4 minutos"},"schema":{"@context":"https:\/\/schema.org","@graph":[{"@type":"Article","@id":"https:\/\/sergiolapegue.com\/site\/2024\/02\/01\/recomendaciones-para-prevenir-o-tratar-la-famosa-otitis-externa\/#article","isPartOf":{"@id":"https:\/\/sergiolapegue.com\/site\/2024\/02\/01\/recomendaciones-para-prevenir-o-tratar-la-famosa-otitis-externa\/"},"author":{"name":"Leonardo Monta\u00f1a","@id":"https:\/\/sergiolapegue.com\/site\/#\/schema\/person\/00adf937d010c7f79a180dc4916a40e0"},"headline":"Recomendaciones para prevenir o tratar la famosa otitis externa","datePublished":"2024-02-01T12:40:00+00:00","dateModified":"2024-02-02T21:17:52+00:00","mainEntityOfPage":{"@id":"https:\/\/sergiolapegue.com\/site\/2024\/02\/01\/recomendaciones-para-prevenir-o-tratar-la-famosa-otitis-externa\/"},"wordCount":913,"publisher":{"@id":"https:\/\/sergiolapegue.com\/site\/#\/schema\/person\/083aeceeb0734cd166779ea6c0551a37"},"image":{"@id":"https:\/\/sergiolapegue.com\/site\/2024\/02\/01\/recomendaciones-para-prevenir-o-tratar-la-famosa-otitis-externa\/#primaryimage"},"thumbnailUrl":"https:\/\/sergiolapegue.com\/site\/wp-content\/uploads\/2024\/02\/Otitis-externa02.jpg","keywords":["agua","bacteria","enfermedad","hongo","oido","otitis","salud","temperatura","verano"],"articleSection":["Actualidad","Salud"],"inLanguage":"es-AR"},{"@type":"WebPage","@id":"https:\/\/sergiolapegue.com\/site\/2024\/02\/01\/recomendaciones-para-prevenir-o-tratar-la-famosa-otitis-externa\/","url":"https:\/\/sergiolapegue.com\/site\/2024\/02\/01\/recomendaciones-para-prevenir-o-tratar-la-famosa-otitis-externa\/","name":"Recomendaciones para prevenir o tratar la famosa otitis externa - Sergio Lapegue","isPartOf":{"@id":"https:\/\/sergiolapegue.com\/site\/#website"},"primaryImageOfPage":{"@id":"https:\/\/sergiolapegue.com\/site\/2024\/02\/01\/recomendaciones-para-prevenir-o-tratar-la-famosa-otitis-externa\/#primaryimage"},"image":{"@id":"https:\/\/sergiolapegue.com\/site\/2024\/02\/01\/recomendaciones-para-prevenir-o-tratar-la-famosa-otitis-externa\/#primaryimage"},"thumbnailUrl":"https:\/\/sergiolapegue.com\/site\/wp-content\/uploads\/2024\/02\/Otitis-externa02.jpg","datePublished":"2024-02-01T12:40:00+00:00","dateModified":"2024-02-02T21:17:52+00:00","breadcrumb":{"@id":"https:\/\/sergiolapegue.com\/site\/2024\/02\/01\/recomendaciones-para-prevenir-o-tratar-la-famosa-otitis-externa\/#breadcrumb"},"inLanguage":"es-AR","potentialAction":[{"@type":"ReadAction","target":["https:\/\/sergiolapegue.com\/site\/2024\/02\/01\/recomendaciones-para-prevenir-o-tratar-la-famosa-otitis-externa\/"]}]},{"@type":"ImageObject","inLanguage":"es-AR","@id":"https:\/\/sergiolapegue.com\/site\/2024\/02\/01\/recomendaciones-para-prevenir-o-tratar-la-famosa-otitis-externa\/#primaryimage","url":"https:\/\/sergiolapegue.com\/site\/wp-content\/uploads\/2024\/02\/Otitis-externa02.jpg","contentUrl":"https:\/\/sergiolapegue.com\/site\/wp-content\/uploads\/2024\/02\/Otitis-externa02.jpg","width":1000,"height":667},{"@type":"BreadcrumbList","@id":"https:\/\/sergiolapegue.com\/site\/2024\/02\/01\/recomendaciones-para-prevenir-o-tratar-la-famosa-otitis-externa\/#breadcrumb","itemListElement":[{"@type":"ListItem","position":1,"name":"Inicio","item":"https:\/\/sergiolapegue.com\/site\/"},{"@type":"ListItem","position":2,"name":"Recomendaciones para prevenir o tratar la famosa otitis externa"}]},{"@type":"WebSite","@id":"https:\/\/sergiolapegue.com\/site\/#website","url":"https:\/\/sergiolapegue.com\/site\/","name":"Sergio Lapegue","description":"Periodista","publisher":{"@id":"https:\/\/sergiolapegue.com\/site\/#\/schema\/person\/083aeceeb0734cd166779ea6c0551a37"},"potentialAction":[{"@type":"SearchAction","target":{"@type":"EntryPoint","urlTemplate":"https:\/\/sergiolapegue.com\/site\/?s={search_term_string}"},"query-input":{"@type":"PropertyValueSpecification","valueRequired":true,"valueName":"search_term_string"}}],"inLanguage":"es-AR"},{"@type":["Person","Organization"],"@id":"https:\/\/sergiolapegue.com\/site\/#\/schema\/person\/083aeceeb0734cd166779ea6c0551a37","name":"Sergio Lapegue","image":{"@type":"ImageObject","inLanguage":"es-AR","@id":"https:\/\/sergiolapegue.com\/site\/wp-content\/uploads\/2021\/04\/logo_header-1.png","url":"https:\/\/sergiolapegue.com\/site\/wp-content\/uploads\/2021\/04\/logo_header-1.png","contentUrl":"https:\/\/sergiolapegue.com\/site\/wp-content\/uploads\/2021\/04\/logo_header-1.png","width":272,"height":90,"caption":"Sergio Lapegue"},"logo":{"@id":"https:\/\/sergiolapegue.com\/site\/wp-content\/uploads\/2021\/04\/logo_header-1.png"},"sameAs":["https:\/\/facebook.com\/sergiolapegue","https:\/\/instagram.com\/sergiolapegue","https:\/\/x.com\/https:\/\/twitter.com\/sergiolapegue"]},{"@type":"Person","@id":"https:\/\/sergiolapegue.com\/site\/#\/schema\/person\/00adf937d010c7f79a180dc4916a40e0","name":"Leonardo Monta\u00f1a","image":{"@type":"ImageObject","inLanguage":"es-AR","@id":"https:\/\/sergiolapegue.com\/site\/wp-content\/uploads\/2021\/04\/sl_avatar_Leonardo-150x150.jpg","url":"https:\/\/sergiolapegue.com\/site\/wp-content\/uploads\/2021\/04\/sl_avatar_Leonardo-150x150.jpg","contentUrl":"https:\/\/sergiolapegue.com\/site\/wp-content\/uploads\/2021\/04\/sl_avatar_Leonardo-150x150.jpg","caption":"Leonardo Monta\u00f1a"},"sameAs":["https:\/\/x.com\/https:\/\/twitter.com\/soytoto81"],"url":"https:\/\/sergiolapegue.com\/site\/author\/leonardo\/"}]}},"_links":{"self":[{"href":"https:\/\/sergiolapegue.com\/site\/wp-json\/wp\/v2\/posts\/13063","targetHints":{"allow":["GET"]}}],"collection":[{"href":"https:\/\/sergiolapegue.com\/site\/wp-json\/wp\/v2\/posts"}],"about":[{"href":"https:\/\/sergiolapegue.com\/site\/wp-json\/wp\/v2\/types\/post"}],"author":[{"embeddable":true,"href":"https:\/\/sergiolapegue.com\/site\/wp-json\/wp\/v2\/users\/4"}],"replies":[{"embeddable":true,"href":"https:\/\/sergiolapegue.com\/site\/wp-json\/wp\/v2\/comments?post=13063"}],"version-history":[{"count":2,"href":"https:\/\/sergiolapegue.com\/site\/wp-json\/wp\/v2\/posts\/13063\/revisions"}],"predecessor-version":[{"id":13067,"href":"https:\/\/sergiolapegue.com\/site\/wp-json\/wp\/v2\/posts\/13063\/revisions\/13067"}],"wp:featuredmedia":[{"embeddable":true,"href":"https:\/\/sergiolapegue.com\/site\/wp-json\/wp\/v2\/media\/13218"}],"wp:attachment":[{"href":"https:\/\/sergiolapegue.com\/site\/wp-json\/wp\/v2\/media?parent=13063"}],"wp:term":[{"taxonomy":"category","embeddable":true,"href":"https:\/\/sergiolapegue.com\/site\/wp-json\/wp\/v2\/categories?post=13063"},{"taxonomy":"post_tag","embeddable":true,"href":"https:\/\/sergiolapegue.com\/site\/wp-json\/wp\/v2\/tags?post=13063"}],"curies":[{"name":"wp","href":"https:\/\/api.w.org\/{rel}","templated":true}]}}