{"id":13029,"date":"2024-01-23T15:23:39","date_gmt":"2024-01-23T18:23:39","guid":{"rendered":"https:\/\/sergiolapegue.com\/site\/?p=13029"},"modified":"2024-01-23T15:23:39","modified_gmt":"2024-01-23T18:23:39","slug":"a-tres-anos-de-la-sancion-de-la-ley-de-interrupcion-voluntaria-del-embarazo","status":"publish","type":"post","link":"https:\/\/sergiolapegue.com\/site\/2024\/01\/23\/a-tres-anos-de-la-sancion-de-la-ley-de-interrupcion-voluntaria-del-embarazo\/","title":{"rendered":"A tres a\u00f1os de la sanci\u00f3n de la Ley de Interrupci\u00f3n Voluntaria del Embarazo"},"content":{"rendered":"\n<p>El 30 de diciembre de 2020 la marea verde de Argentina volvi\u00f3 a colmar las calles en una velada hist\u00f3rica para mujeres y personas con capacidad de gestar de todo el pa\u00eds, a la espera de la sanci\u00f3n de Ley de Interrupci\u00f3n Voluntaria del Embarazo.<\/p>\n\n\n\n<p><br>A tres a\u00f1os de su sanci\u00f3n, repasaba a trav\u00e9s de la l\u00ednea del tiempo \u201c40 a\u00f1os de democracia, 40 a\u00f1os de lucha feminista\u201d que recientemente publicamos en ELA, los hitos de estos 40 a\u00f1os de democracia que fueron contribuyendo a que el derecho al aborto sea una realidad.<\/p>\n\n\n\n<p><br>En lo primero que pienso es la creaci\u00f3n de la Comisi\u00f3n por el Derecho al Aborto (Codeab), all\u00e1 por 1988, como la precursora en organizar acciones para visibilizar el derecho al aborto en Argentina \u00bfc\u00f3mo empez\u00f3? Con el sostenimiento de una mesa informativa en la ic\u00f3nica esquina de El Molino frente al Congreso Nacional.<\/p>\n\n\n\n<p><br>Despu\u00e9s, en 1994 la constituci\u00f3n de MADEL, Mujeres Autoconvocadas Para Decidir en Libertad; el 18\u00ba Encuentro Nacional de Mujeres llevado a cabo en Rosario en 2003, en el que se impulsa el primer taller sobre \u201cEstrategias para la legalizaci\u00f3n del aborto\u201d y se utilizan por primera vez los pa\u00f1uelos de tela verde que se convertir\u00edan en 2005, en la insignia de la Campa\u00f1a Nacional por el Derecho al Aborto Legal, Seguro y Gratuito.<\/p>\n\n\n\n<p><br>Pasando por la publicaci\u00f3n en 2007 del primer protocolo de atenci\u00f3n de abortos no punibles elaborado por el Ministerio de Salud que servir\u00eda de antecedente para lo que hoy es el \u201cProtocolo para la atenci\u00f3n integral de las personas con derecho a la interrupci\u00f3n voluntaria y legal del embarazo\u201d y al reconocido fallo \u201cF.A.L\u201d de la Corte Suprema de Justicia en 2012, que zanj\u00f3 el debate sobre la interpretaci\u00f3n de los supuestos de aborto no punible contenidos en el art 86 del C\u00f3digo Penal.<\/p>\n\n\n\n<figure class=\"wp-block-image size-large is-resized is-style-rounded\"><img loading=\"lazy\" decoding=\"async\" width=\"1024\" height=\"681\" src=\"https:\/\/sergiolapegue.com\/site\/wp-content\/uploads\/2024\/01\/marea-verde02-1024x681.png\" alt=\"\" class=\"wp-image-13031\" style=\"width:697px;height:auto\" srcset=\"https:\/\/sergiolapegue.com\/site\/wp-content\/uploads\/2024\/01\/marea-verde02-1024x681.png 1024w, https:\/\/sergiolapegue.com\/site\/wp-content\/uploads\/2024\/01\/marea-verde02-300x200.png 300w, https:\/\/sergiolapegue.com\/site\/wp-content\/uploads\/2024\/01\/marea-verde02-768x511.png 768w, https:\/\/sergiolapegue.com\/site\/wp-content\/uploads\/2024\/01\/marea-verde02-696x463.png 696w, https:\/\/sergiolapegue.com\/site\/wp-content\/uploads\/2024\/01\/marea-verde02-1068x710.png 1068w, https:\/\/sergiolapegue.com\/site\/wp-content\/uploads\/2024\/01\/marea-verde02.png 1200w\" sizes=\"auto, (max-width: 1024px) 100vw, 1024px\" \/><\/figure>\n\n\n\n<p><br>Llegando en 2018, al proyecto de Ley que obtendr\u00eda media sanci\u00f3n en la C\u00e1mara de Diputados. Aunque fue rechazado por el Senado, la movilizaci\u00f3n de la marea verde y el debate parlamentario, uno de los m\u00e1s grandes, robustos, democr\u00e1ticos y participativos que se vio hasta el momento en el Congreso, sin dudas marcaron uno de los grandes hitos de nuestro pa\u00eds en la lucha por el derecho al aborto y contribuy\u00f3 a sentar las bases para lo que ser\u00eda el debate de 2020.<\/p>\n\n\n\n<p><br>Hoy, en un nuevo aniversario de sanci\u00f3n de la ley, en un contexto social y econ\u00f3micamente complejo para nuestro pa\u00eds, donde se pretende modificar por Decreto de Necesidad y Urgencia 300 leyes, sin cumplir con los mecanismos previstos para la sanci\u00f3n o modificaci\u00f3n de leyes y soslayando la participaci\u00f3n del Congreso, los dos debates por la conquista del derecho al aborto reflejan la importancia del respeto por las instituciones y la participaci\u00f3n democr\u00e1tica en el proceso de sanci\u00f3n de leyes.<\/p>\n\n\n\n<p><br>Con sus matices y desaf\u00edos, el acceso a la interrupci\u00f3n voluntaria y legal del embarazo es un derecho y se garantiza a lo largo y ancho de toda la Rep\u00fablica Argentina.<br>Que esta fecha nos convoque a celebrar y velar por los avances y conquistas en materia de derechos sexuales y reproductivos alcanzados en estos 40 a\u00f1os de democracia y lucha feminista.<\/p>\n\n\n\n<figure class=\"wp-block-image size-full is-resized\"><img loading=\"lazy\" decoding=\"async\" width=\"500\" height=\"450\" src=\"https:\/\/sergiolapegue.com\/site\/wp-content\/uploads\/2024\/01\/foto-patricia-sotile.png\" alt=\"\" class=\"wp-image-13030\" style=\"width:191px;height:auto\" srcset=\"https:\/\/sergiolapegue.com\/site\/wp-content\/uploads\/2024\/01\/foto-patricia-sotile.png 500w, https:\/\/sergiolapegue.com\/site\/wp-content\/uploads\/2024\/01\/foto-patricia-sotile-300x270.png 300w\" sizes=\"auto, (max-width: 500px) 100vw, 500px\" \/><figcaption class=\"wp-element-caption\"><em>Por Patricia Sotile. Abogada, integrante del \u00e1rea jur\u00eddica del Equipo Latinoamericano de Justicia y G\u00e9nero<\/em><\/figcaption><\/figure>\n","protected":false},"excerpt":{"rendered":"<p>El 30 de diciembre de 2020 la marea verde de Argentina volvi\u00f3 a colmar las calles en una velada hist\u00f3rica para mujeres y personas con capacidad de gestar de todo el pa\u00eds, a la espera de la sanci\u00f3n de Ley de Interrupci\u00f3n Voluntaria del Embarazo. A tres a\u00f1os de su sanci\u00f3n, repasaba a trav\u00e9s de [&hellip;]<\/p>\n","protected":false},"author":4,"featured_media":13032,"comment_status":"closed","ping_status":"closed","sticky":false,"template":"","format":"standard","meta":{"footnotes":""},"categories":[38],"tags":[3213,89,3216,3215,3214,275,1826,346,3212],"class_list":{"0":"post-13029","1":"post","2":"type-post","3":"status-publish","4":"format-standard","5":"has-post-thumbnail","7":"category-actualidad","8":"tag-aborto","9":"tag-argentina","10":"tag-congreso","11":"tag-democracia","12":"tag-em","13":"tag-embarazo","14":"tag-ley","15":"tag-mujeres","16":"tag-sancion"},"yoast_head":"<!-- This site is optimized with the Yoast SEO plugin v27.4 - https:\/\/yoast.com\/product\/yoast-seo-wordpress\/ -->\n<title>A tres a\u00f1os de la sanci\u00f3n de la Ley de Interrupci\u00f3n Voluntaria del Embarazo - Sergio Lapegue<\/title>\n<meta name=\"robots\" content=\"index, follow, max-snippet:-1, max-image-preview:large, max-video-preview:-1\" \/>\n<link rel=\"canonical\" href=\"https:\/\/sergiolapegue.com\/site\/2024\/01\/23\/a-tres-anos-de-la-sancion-de-la-ley-de-interrupcion-voluntaria-del-embarazo\/\" \/>\n<meta property=\"og:locale\" content=\"es_ES\" \/>\n<meta property=\"og:type\" content=\"article\" \/>\n<meta property=\"og:title\" content=\"A tres a\u00f1os de la sanci\u00f3n de la Ley de Interrupci\u00f3n Voluntaria del Embarazo - Sergio Lapegue\" \/>\n<meta property=\"og:description\" content=\"El 30 de diciembre de 2020 la marea verde de Argentina volvi\u00f3 a colmar las calles en una velada hist\u00f3rica para mujeres y personas con capacidad de gestar de todo el pa\u00eds, a la espera de la sanci\u00f3n de Ley de Interrupci\u00f3n Voluntaria del Embarazo. A tres a\u00f1os de su sanci\u00f3n, repasaba a trav\u00e9s de [&hellip;]\" \/>\n<meta property=\"og:url\" content=\"https:\/\/sergiolapegue.com\/site\/2024\/01\/23\/a-tres-anos-de-la-sancion-de-la-ley-de-interrupcion-voluntaria-del-embarazo\/\" \/>\n<meta property=\"og:site_name\" content=\"Sergio Lapegue\" \/>\n<meta property=\"article:publisher\" content=\"https:\/\/facebook.com\/sergiolapegue\" \/>\n<meta property=\"article:published_time\" content=\"2024-01-23T18:23:39+00:00\" \/>\n<meta property=\"og:image\" content=\"https:\/\/sergiolapegue.com\/site\/wp-content\/uploads\/2024\/01\/marea-verde01.webp\" \/>\n\t<meta property=\"og:image:width\" content=\"880\" \/>\n\t<meta property=\"og:image:height\" content=\"495\" \/>\n\t<meta property=\"og:image:type\" content=\"image\/webp\" \/>\n<meta name=\"author\" content=\"Leonardo Monta\u00f1a\" \/>\n<meta name=\"twitter:card\" content=\"summary_large_image\" \/>\n<meta name=\"twitter:creator\" content=\"@https:\/\/twitter.com\/soytoto81\" \/>\n<meta name=\"twitter:site\" content=\"@sergiolapegue\" \/>\n<meta name=\"twitter:label1\" content=\"Escrito por\" \/>\n\t<meta name=\"twitter:data1\" content=\"Leonardo Monta\u00f1a\" \/>\n\t<meta name=\"twitter:label2\" content=\"Tiempo de lectura\" \/>\n\t<meta name=\"twitter:data2\" content=\"4 minutos\" \/>\n<script type=\"application\/ld+json\" class=\"yoast-schema-graph\">{\"@context\":\"https:\\\/\\\/schema.org\",\"@graph\":[{\"@type\":\"Article\",\"@id\":\"https:\\\/\\\/sergiolapegue.com\\\/site\\\/2024\\\/01\\\/23\\\/a-tres-anos-de-la-sancion-de-la-ley-de-interrupcion-voluntaria-del-embarazo\\\/#article\",\"isPartOf\":{\"@id\":\"https:\\\/\\\/sergiolapegue.com\\\/site\\\/2024\\\/01\\\/23\\\/a-tres-anos-de-la-sancion-de-la-ley-de-interrupcion-voluntaria-del-embarazo\\\/\"},\"author\":{\"name\":\"Leonardo Monta\u00f1a\",\"@id\":\"https:\\\/\\\/sergiolapegue.com\\\/site\\\/#\\\/schema\\\/person\\\/00adf937d010c7f79a180dc4916a40e0\"},\"headline\":\"A tres a\u00f1os de la sanci\u00f3n de la Ley de Interrupci\u00f3n Voluntaria del Embarazo\",\"datePublished\":\"2024-01-23T18:23:39+00:00\",\"mainEntityOfPage\":{\"@id\":\"https:\\\/\\\/sergiolapegue.com\\\/site\\\/2024\\\/01\\\/23\\\/a-tres-anos-de-la-sancion-de-la-ley-de-interrupcion-voluntaria-del-embarazo\\\/\"},\"wordCount\":597,\"publisher\":{\"@id\":\"https:\\\/\\\/sergiolapegue.com\\\/site\\\/#\\\/schema\\\/person\\\/083aeceeb0734cd166779ea6c0551a37\"},\"image\":{\"@id\":\"https:\\\/\\\/sergiolapegue.com\\\/site\\\/2024\\\/01\\\/23\\\/a-tres-anos-de-la-sancion-de-la-ley-de-interrupcion-voluntaria-del-embarazo\\\/#primaryimage\"},\"thumbnailUrl\":\"https:\\\/\\\/sergiolapegue.com\\\/site\\\/wp-content\\\/uploads\\\/2024\\\/01\\\/marea-verde01.webp\",\"keywords\":[\"aborto\",\"argentina\",\"congreso\",\"democracia\",\"em\",\"embarazo\",\"ley\",\"mujeres\",\"sancion\"],\"articleSection\":[\"Actualidad\"],\"inLanguage\":\"es-AR\"},{\"@type\":\"WebPage\",\"@id\":\"https:\\\/\\\/sergiolapegue.com\\\/site\\\/2024\\\/01\\\/23\\\/a-tres-anos-de-la-sancion-de-la-ley-de-interrupcion-voluntaria-del-embarazo\\\/\",\"url\":\"https:\\\/\\\/sergiolapegue.com\\\/site\\\/2024\\\/01\\\/23\\\/a-tres-anos-de-la-sancion-de-la-ley-de-interrupcion-voluntaria-del-embarazo\\\/\",\"name\":\"A tres a\u00f1os de la sanci\u00f3n de la Ley de Interrupci\u00f3n Voluntaria del Embarazo - Sergio Lapegue\",\"isPartOf\":{\"@id\":\"https:\\\/\\\/sergiolapegue.com\\\/site\\\/#website\"},\"primaryImageOfPage\":{\"@id\":\"https:\\\/\\\/sergiolapegue.com\\\/site\\\/2024\\\/01\\\/23\\\/a-tres-anos-de-la-sancion-de-la-ley-de-interrupcion-voluntaria-del-embarazo\\\/#primaryimage\"},\"image\":{\"@id\":\"https:\\\/\\\/sergiolapegue.com\\\/site\\\/2024\\\/01\\\/23\\\/a-tres-anos-de-la-sancion-de-la-ley-de-interrupcion-voluntaria-del-embarazo\\\/#primaryimage\"},\"thumbnailUrl\":\"https:\\\/\\\/sergiolapegue.com\\\/site\\\/wp-content\\\/uploads\\\/2024\\\/01\\\/marea-verde01.webp\",\"datePublished\":\"2024-01-23T18:23:39+00:00\",\"breadcrumb\":{\"@id\":\"https:\\\/\\\/sergiolapegue.com\\\/site\\\/2024\\\/01\\\/23\\\/a-tres-anos-de-la-sancion-de-la-ley-de-interrupcion-voluntaria-del-embarazo\\\/#breadcrumb\"},\"inLanguage\":\"es-AR\",\"potentialAction\":[{\"@type\":\"ReadAction\",\"target\":[\"https:\\\/\\\/sergiolapegue.com\\\/site\\\/2024\\\/01\\\/23\\\/a-tres-anos-de-la-sancion-de-la-ley-de-interrupcion-voluntaria-del-embarazo\\\/\"]}]},{\"@type\":\"ImageObject\",\"inLanguage\":\"es-AR\",\"@id\":\"https:\\\/\\\/sergiolapegue.com\\\/site\\\/2024\\\/01\\\/23\\\/a-tres-anos-de-la-sancion-de-la-ley-de-interrupcion-voluntaria-del-embarazo\\\/#primaryimage\",\"url\":\"https:\\\/\\\/sergiolapegue.com\\\/site\\\/wp-content\\\/uploads\\\/2024\\\/01\\\/marea-verde01.webp\",\"contentUrl\":\"https:\\\/\\\/sergiolapegue.com\\\/site\\\/wp-content\\\/uploads\\\/2024\\\/01\\\/marea-verde01.webp\",\"width\":880,\"height\":495},{\"@type\":\"BreadcrumbList\",\"@id\":\"https:\\\/\\\/sergiolapegue.com\\\/site\\\/2024\\\/01\\\/23\\\/a-tres-anos-de-la-sancion-de-la-ley-de-interrupcion-voluntaria-del-embarazo\\\/#breadcrumb\",\"itemListElement\":[{\"@type\":\"ListItem\",\"position\":1,\"name\":\"Inicio\",\"item\":\"https:\\\/\\\/sergiolapegue.com\\\/site\\\/\"},{\"@type\":\"ListItem\",\"position\":2,\"name\":\"A tres a\u00f1os de la sanci\u00f3n de la Ley de Interrupci\u00f3n Voluntaria del Embarazo\"}]},{\"@type\":\"WebSite\",\"@id\":\"https:\\\/\\\/sergiolapegue.com\\\/site\\\/#website\",\"url\":\"https:\\\/\\\/sergiolapegue.com\\\/site\\\/\",\"name\":\"Sergio Lapegue\",\"description\":\"Periodista\",\"publisher\":{\"@id\":\"https:\\\/\\\/sergiolapegue.com\\\/site\\\/#\\\/schema\\\/person\\\/083aeceeb0734cd166779ea6c0551a37\"},\"potentialAction\":[{\"@type\":\"SearchAction\",\"target\":{\"@type\":\"EntryPoint\",\"urlTemplate\":\"https:\\\/\\\/sergiolapegue.com\\\/site\\\/?s={search_term_string}\"},\"query-input\":{\"@type\":\"PropertyValueSpecification\",\"valueRequired\":true,\"valueName\":\"search_term_string\"}}],\"inLanguage\":\"es-AR\"},{\"@type\":[\"Person\",\"Organization\"],\"@id\":\"https:\\\/\\\/sergiolapegue.com\\\/site\\\/#\\\/schema\\\/person\\\/083aeceeb0734cd166779ea6c0551a37\",\"name\":\"Sergio Lapegue\",\"image\":{\"@type\":\"ImageObject\",\"inLanguage\":\"es-AR\",\"@id\":\"https:\\\/\\\/sergiolapegue.com\\\/site\\\/wp-content\\\/uploads\\\/2021\\\/04\\\/logo_header-1.png\",\"url\":\"https:\\\/\\\/sergiolapegue.com\\\/site\\\/wp-content\\\/uploads\\\/2021\\\/04\\\/logo_header-1.png\",\"contentUrl\":\"https:\\\/\\\/sergiolapegue.com\\\/site\\\/wp-content\\\/uploads\\\/2021\\\/04\\\/logo_header-1.png\",\"width\":272,\"height\":90,\"caption\":\"Sergio Lapegue\"},\"logo\":{\"@id\":\"https:\\\/\\\/sergiolapegue.com\\\/site\\\/wp-content\\\/uploads\\\/2021\\\/04\\\/logo_header-1.png\"},\"sameAs\":[\"https:\\\/\\\/facebook.com\\\/sergiolapegue\",\"https:\\\/\\\/instagram.com\\\/sergiolapegue\",\"https:\\\/\\\/x.com\\\/https:\\\/\\\/twitter.com\\\/sergiolapegue\"]},{\"@type\":\"Person\",\"@id\":\"https:\\\/\\\/sergiolapegue.com\\\/site\\\/#\\\/schema\\\/person\\\/00adf937d010c7f79a180dc4916a40e0\",\"name\":\"Leonardo Monta\u00f1a\",\"image\":{\"@type\":\"ImageObject\",\"inLanguage\":\"es-AR\",\"@id\":\"https:\\\/\\\/sergiolapegue.com\\\/site\\\/wp-content\\\/uploads\\\/2021\\\/04\\\/sl_avatar_Leonardo-150x150.jpg\",\"url\":\"https:\\\/\\\/sergiolapegue.com\\\/site\\\/wp-content\\\/uploads\\\/2021\\\/04\\\/sl_avatar_Leonardo-150x150.jpg\",\"contentUrl\":\"https:\\\/\\\/sergiolapegue.com\\\/site\\\/wp-content\\\/uploads\\\/2021\\\/04\\\/sl_avatar_Leonardo-150x150.jpg\",\"caption\":\"Leonardo Monta\u00f1a\"},\"sameAs\":[\"https:\\\/\\\/x.com\\\/https:\\\/\\\/twitter.com\\\/soytoto81\"],\"url\":\"https:\\\/\\\/sergiolapegue.com\\\/site\\\/author\\\/leonardo\\\/\"}]}<\/script>\n<!-- \/ Yoast SEO plugin. -->","yoast_head_json":{"title":"A tres a\u00f1os de la sanci\u00f3n de la Ley de Interrupci\u00f3n Voluntaria del Embarazo - Sergio Lapegue","robots":{"index":"index","follow":"follow","max-snippet":"max-snippet:-1","max-image-preview":"max-image-preview:large","max-video-preview":"max-video-preview:-1"},"canonical":"https:\/\/sergiolapegue.com\/site\/2024\/01\/23\/a-tres-anos-de-la-sancion-de-la-ley-de-interrupcion-voluntaria-del-embarazo\/","og_locale":"es_ES","og_type":"article","og_title":"A tres a\u00f1os de la sanci\u00f3n de la Ley de Interrupci\u00f3n Voluntaria del Embarazo - Sergio Lapegue","og_description":"El 30 de diciembre de 2020 la marea verde de Argentina volvi\u00f3 a colmar las calles en una velada hist\u00f3rica para mujeres y personas con capacidad de gestar de todo el pa\u00eds, a la espera de la sanci\u00f3n de Ley de Interrupci\u00f3n Voluntaria del Embarazo. A tres a\u00f1os de su sanci\u00f3n, repasaba a trav\u00e9s de [&hellip;]","og_url":"https:\/\/sergiolapegue.com\/site\/2024\/01\/23\/a-tres-anos-de-la-sancion-de-la-ley-de-interrupcion-voluntaria-del-embarazo\/","og_site_name":"Sergio Lapegue","article_publisher":"https:\/\/facebook.com\/sergiolapegue","article_published_time":"2024-01-23T18:23:39+00:00","og_image":[{"width":880,"height":495,"url":"https:\/\/sergiolapegue.com\/site\/wp-content\/uploads\/2024\/01\/marea-verde01.webp","type":"image\/webp"}],"author":"Leonardo Monta\u00f1a","twitter_card":"summary_large_image","twitter_creator":"@https:\/\/twitter.com\/soytoto81","twitter_site":"@sergiolapegue","twitter_misc":{"Escrito por":"Leonardo Monta\u00f1a","Tiempo de lectura":"4 minutos"},"schema":{"@context":"https:\/\/schema.org","@graph":[{"@type":"Article","@id":"https:\/\/sergiolapegue.com\/site\/2024\/01\/23\/a-tres-anos-de-la-sancion-de-la-ley-de-interrupcion-voluntaria-del-embarazo\/#article","isPartOf":{"@id":"https:\/\/sergiolapegue.com\/site\/2024\/01\/23\/a-tres-anos-de-la-sancion-de-la-ley-de-interrupcion-voluntaria-del-embarazo\/"},"author":{"name":"Leonardo Monta\u00f1a","@id":"https:\/\/sergiolapegue.com\/site\/#\/schema\/person\/00adf937d010c7f79a180dc4916a40e0"},"headline":"A tres a\u00f1os de la sanci\u00f3n de la Ley de Interrupci\u00f3n Voluntaria del Embarazo","datePublished":"2024-01-23T18:23:39+00:00","mainEntityOfPage":{"@id":"https:\/\/sergiolapegue.com\/site\/2024\/01\/23\/a-tres-anos-de-la-sancion-de-la-ley-de-interrupcion-voluntaria-del-embarazo\/"},"wordCount":597,"publisher":{"@id":"https:\/\/sergiolapegue.com\/site\/#\/schema\/person\/083aeceeb0734cd166779ea6c0551a37"},"image":{"@id":"https:\/\/sergiolapegue.com\/site\/2024\/01\/23\/a-tres-anos-de-la-sancion-de-la-ley-de-interrupcion-voluntaria-del-embarazo\/#primaryimage"},"thumbnailUrl":"https:\/\/sergiolapegue.com\/site\/wp-content\/uploads\/2024\/01\/marea-verde01.webp","keywords":["aborto","argentina","congreso","democracia","em","embarazo","ley","mujeres","sancion"],"articleSection":["Actualidad"],"inLanguage":"es-AR"},{"@type":"WebPage","@id":"https:\/\/sergiolapegue.com\/site\/2024\/01\/23\/a-tres-anos-de-la-sancion-de-la-ley-de-interrupcion-voluntaria-del-embarazo\/","url":"https:\/\/sergiolapegue.com\/site\/2024\/01\/23\/a-tres-anos-de-la-sancion-de-la-ley-de-interrupcion-voluntaria-del-embarazo\/","name":"A tres a\u00f1os de la sanci\u00f3n de la Ley de Interrupci\u00f3n Voluntaria del Embarazo - Sergio Lapegue","isPartOf":{"@id":"https:\/\/sergiolapegue.com\/site\/#website"},"primaryImageOfPage":{"@id":"https:\/\/sergiolapegue.com\/site\/2024\/01\/23\/a-tres-anos-de-la-sancion-de-la-ley-de-interrupcion-voluntaria-del-embarazo\/#primaryimage"},"image":{"@id":"https:\/\/sergiolapegue.com\/site\/2024\/01\/23\/a-tres-anos-de-la-sancion-de-la-ley-de-interrupcion-voluntaria-del-embarazo\/#primaryimage"},"thumbnailUrl":"https:\/\/sergiolapegue.com\/site\/wp-content\/uploads\/2024\/01\/marea-verde01.webp","datePublished":"2024-01-23T18:23:39+00:00","breadcrumb":{"@id":"https:\/\/sergiolapegue.com\/site\/2024\/01\/23\/a-tres-anos-de-la-sancion-de-la-ley-de-interrupcion-voluntaria-del-embarazo\/#breadcrumb"},"inLanguage":"es-AR","potentialAction":[{"@type":"ReadAction","target":["https:\/\/sergiolapegue.com\/site\/2024\/01\/23\/a-tres-anos-de-la-sancion-de-la-ley-de-interrupcion-voluntaria-del-embarazo\/"]}]},{"@type":"ImageObject","inLanguage":"es-AR","@id":"https:\/\/sergiolapegue.com\/site\/2024\/01\/23\/a-tres-anos-de-la-sancion-de-la-ley-de-interrupcion-voluntaria-del-embarazo\/#primaryimage","url":"https:\/\/sergiolapegue.com\/site\/wp-content\/uploads\/2024\/01\/marea-verde01.webp","contentUrl":"https:\/\/sergiolapegue.com\/site\/wp-content\/uploads\/2024\/01\/marea-verde01.webp","width":880,"height":495},{"@type":"BreadcrumbList","@id":"https:\/\/sergiolapegue.com\/site\/2024\/01\/23\/a-tres-anos-de-la-sancion-de-la-ley-de-interrupcion-voluntaria-del-embarazo\/#breadcrumb","itemListElement":[{"@type":"ListItem","position":1,"name":"Inicio","item":"https:\/\/sergiolapegue.com\/site\/"},{"@type":"ListItem","position":2,"name":"A tres a\u00f1os de la sanci\u00f3n de la Ley de Interrupci\u00f3n Voluntaria del Embarazo"}]},{"@type":"WebSite","@id":"https:\/\/sergiolapegue.com\/site\/#website","url":"https:\/\/sergiolapegue.com\/site\/","name":"Sergio Lapegue","description":"Periodista","publisher":{"@id":"https:\/\/sergiolapegue.com\/site\/#\/schema\/person\/083aeceeb0734cd166779ea6c0551a37"},"potentialAction":[{"@type":"SearchAction","target":{"@type":"EntryPoint","urlTemplate":"https:\/\/sergiolapegue.com\/site\/?s={search_term_string}"},"query-input":{"@type":"PropertyValueSpecification","valueRequired":true,"valueName":"search_term_string"}}],"inLanguage":"es-AR"},{"@type":["Person","Organization"],"@id":"https:\/\/sergiolapegue.com\/site\/#\/schema\/person\/083aeceeb0734cd166779ea6c0551a37","name":"Sergio Lapegue","image":{"@type":"ImageObject","inLanguage":"es-AR","@id":"https:\/\/sergiolapegue.com\/site\/wp-content\/uploads\/2021\/04\/logo_header-1.png","url":"https:\/\/sergiolapegue.com\/site\/wp-content\/uploads\/2021\/04\/logo_header-1.png","contentUrl":"https:\/\/sergiolapegue.com\/site\/wp-content\/uploads\/2021\/04\/logo_header-1.png","width":272,"height":90,"caption":"Sergio Lapegue"},"logo":{"@id":"https:\/\/sergiolapegue.com\/site\/wp-content\/uploads\/2021\/04\/logo_header-1.png"},"sameAs":["https:\/\/facebook.com\/sergiolapegue","https:\/\/instagram.com\/sergiolapegue","https:\/\/x.com\/https:\/\/twitter.com\/sergiolapegue"]},{"@type":"Person","@id":"https:\/\/sergiolapegue.com\/site\/#\/schema\/person\/00adf937d010c7f79a180dc4916a40e0","name":"Leonardo Monta\u00f1a","image":{"@type":"ImageObject","inLanguage":"es-AR","@id":"https:\/\/sergiolapegue.com\/site\/wp-content\/uploads\/2021\/04\/sl_avatar_Leonardo-150x150.jpg","url":"https:\/\/sergiolapegue.com\/site\/wp-content\/uploads\/2021\/04\/sl_avatar_Leonardo-150x150.jpg","contentUrl":"https:\/\/sergiolapegue.com\/site\/wp-content\/uploads\/2021\/04\/sl_avatar_Leonardo-150x150.jpg","caption":"Leonardo Monta\u00f1a"},"sameAs":["https:\/\/x.com\/https:\/\/twitter.com\/soytoto81"],"url":"https:\/\/sergiolapegue.com\/site\/author\/leonardo\/"}]}},"_links":{"self":[{"href":"https:\/\/sergiolapegue.com\/site\/wp-json\/wp\/v2\/posts\/13029","targetHints":{"allow":["GET"]}}],"collection":[{"href":"https:\/\/sergiolapegue.com\/site\/wp-json\/wp\/v2\/posts"}],"about":[{"href":"https:\/\/sergiolapegue.com\/site\/wp-json\/wp\/v2\/types\/post"}],"author":[{"embeddable":true,"href":"https:\/\/sergiolapegue.com\/site\/wp-json\/wp\/v2\/users\/4"}],"replies":[{"embeddable":true,"href":"https:\/\/sergiolapegue.com\/site\/wp-json\/wp\/v2\/comments?post=13029"}],"version-history":[{"count":1,"href":"https:\/\/sergiolapegue.com\/site\/wp-json\/wp\/v2\/posts\/13029\/revisions"}],"predecessor-version":[{"id":13033,"href":"https:\/\/sergiolapegue.com\/site\/wp-json\/wp\/v2\/posts\/13029\/revisions\/13033"}],"wp:featuredmedia":[{"embeddable":true,"href":"https:\/\/sergiolapegue.com\/site\/wp-json\/wp\/v2\/media\/13032"}],"wp:attachment":[{"href":"https:\/\/sergiolapegue.com\/site\/wp-json\/wp\/v2\/media?parent=13029"}],"wp:term":[{"taxonomy":"category","embeddable":true,"href":"https:\/\/sergiolapegue.com\/site\/wp-json\/wp\/v2\/categories?post=13029"},{"taxonomy":"post_tag","embeddable":true,"href":"https:\/\/sergiolapegue.com\/site\/wp-json\/wp\/v2\/tags?post=13029"}],"curies":[{"name":"wp","href":"https:\/\/api.w.org\/{rel}","templated":true}]}}