{"id":12990,"date":"2024-01-22T06:00:00","date_gmt":"2024-01-22T09:00:00","guid":{"rendered":"https:\/\/sergiolapegue.com\/site\/?p=12990"},"modified":"2024-01-21T00:30:07","modified_gmt":"2024-01-21T03:30:07","slug":"suenos-de-tangos-3","status":"publish","type":"post","link":"https:\/\/sergiolapegue.com\/site\/2024\/01\/22\/suenos-de-tangos-3\/","title":{"rendered":"SUE\u00d1OS DE TANGOS"},"content":{"rendered":"\n<p>Este espect\u00e1culo cuenta con la participaci\u00f3n especial del cantor Guillermo Galv\u00e9 que nos honra&nbsp;con su experiencia y trayectoria en el mundo del tango.<\/p>\n\n\n\n<p>Estar\u00e1 acompa\u00f1ado por el tr\u00edo tanguero dirigido por el Maestro Jorge Vignales al frente de los arreglos y el Contrabajo. Completan la agrupaci\u00f3n, V\u00edctor Volpe En piano y Francisco Vitali en Bandone\u00f3n.<\/p>\n\n\n\n<p>Se lucir\u00e1n en el tango danza la pareja de baile formada por Antonela M\u00e9ndez y Ra\u00fal Moure.<\/p>\n\n\n\n<p>Y tambi\u00e9n tendremos la participaci\u00f3n de Marcelo Funes en canto y en la conducci\u00f3n del espect\u00e1culo.<\/p>\n\n\n\n<p>Cabe resaltar que todo el show se realiza con m\u00fasica en vivo, ya sea los tangos cantados, los bailados y los tangos instrumentales.<\/p>\n\n\n\n<p>Se interpretar\u00e1 un repertorio rico y variado para todos los gustos, desde cl\u00e1sicos como \u201cLa \u00faltima curda\u201d, \u201cMariposita\u201d, \u201cNada\u201d, El coraz\u00f3n al sur\u201d, \u201cGarganta con arena\u201d, del querido Cacho Casta\u00f1a entre otros, y tangos poco menos difundidos como \u201cLa bicicleta blanca\u201d de Piazzolla y Ferrer, \u201cWhisky\u201d, \u201cVamos todav\u00eda\u201d de Juanca Tavera.<\/p>\n\n\n\n<p>El tango danza se lucir\u00e1 con tangos bien bailados entre milongas, y tangazos como por ejemplo \u201cQuejas de bandone\u00f3n\u201d, \u201c9 de julio\u201d, \u201cLa yumba\u201d, y tangos de Astor Piazzolla como \u201cLibertango\u201d y \u201cAdi\u00f3s Nonino\u201d, con el lucimiento dirigido por el Maestro Jorge Vignales&nbsp;<\/p>\n\n\n\n<figure class=\"wp-block-image size-large\"><img loading=\"lazy\" decoding=\"async\" width=\"1024\" height=\"491\" src=\"https:\/\/sergiolapegue.com\/site\/wp-content\/uploads\/2024\/01\/Suenos-de-Tangos-Temporada-de-verano-1-1024x491.jpg\" alt=\"\" class=\"wp-image-12991\" srcset=\"https:\/\/sergiolapegue.com\/site\/wp-content\/uploads\/2024\/01\/Suenos-de-Tangos-Temporada-de-verano-1-1024x491.jpg 1024w, https:\/\/sergiolapegue.com\/site\/wp-content\/uploads\/2024\/01\/Suenos-de-Tangos-Temporada-de-verano-1-300x144.jpg 300w, https:\/\/sergiolapegue.com\/site\/wp-content\/uploads\/2024\/01\/Suenos-de-Tangos-Temporada-de-verano-1-768x368.jpg 768w, https:\/\/sergiolapegue.com\/site\/wp-content\/uploads\/2024\/01\/Suenos-de-Tangos-Temporada-de-verano-1-1536x736.jpg 1536w, https:\/\/sergiolapegue.com\/site\/wp-content\/uploads\/2024\/01\/Suenos-de-Tangos-Temporada-de-verano-1-696x334.jpg 696w, https:\/\/sergiolapegue.com\/site\/wp-content\/uploads\/2024\/01\/Suenos-de-Tangos-Temporada-de-verano-1-1068x512.jpg 1068w, https:\/\/sergiolapegue.com\/site\/wp-content\/uploads\/2024\/01\/Suenos-de-Tangos-Temporada-de-verano-1.jpg 1920w\" sizes=\"auto, (max-width: 1024px) 100vw, 1024px\" \/><\/figure>\n\n\n\n<p><strong><u>FICHA ART\u00cdSTICA<\/u><\/strong><\/p>\n\n\n\n<p><strong>Direcci\u00f3n musical:<\/strong> Jorge Vignales <\/p>\n\n\n\n<p><strong>Cantor estelar:<\/strong> Guillermo Galv\u00e9<\/p>\n\n\n\n<p><strong>Cantor y conducci\u00f3n:<\/strong> Marcelo Funes<\/p>\n\n\n\n<p><strong>M\u00fasicos:<\/strong> Contrabajo Jorge Vignales, Piano V\u00edctor Volpe y Bandone\u00f3n Francisco Vitali<\/p>\n\n\n\n<p><strong>Tango danza:<\/strong>\u00a0 Antonela M\u00e9ndez y Ra\u00fal Moure<\/p>\n\n\n\n<p><strong><u>FUNCIONES<\/u><\/strong><\/p>\n\n\n\n<p><strong><u>Domingo 28 de Enero y Domingo 18 de Febrero&nbsp;<\/u><\/strong><strong><u><\/u><\/strong><\/p>\n\n\n\n<p>Lugar: Teatro Nihuil Av. 10 n\u00famero 3779 (entre 77 y Av.75 NECOCHEA)<\/p>\n\n\n\n<p>Entradas:&nbsp; $ 3.000 y $ 2.000 Jubilados y residentes en Boleter\u00eda de teatro<\/p>\n\n\n\n<p>Reservas + 54 91134453202 \/ + 54 92262574968<\/p>\n\n\n\n<p><strong><u>S\u00e1bado 03 , 17 y 24 de Febrero<\/u><\/strong><strong><u><\/u><\/strong><\/p>\n\n\n\n<p>Lugar: Teatro Astral,&nbsp; calle 21 1510 , Miramar<\/p>\n\n\n\n<p>Entradas:&nbsp; $ 5.000 Passline y Boleter\u00eda de teatro (consultar promociones)<\/p>\n\n\n\n<p>Reservas al 1134453202<\/p>\n\n\n\n<p><strong><u>Domingo 4 y 18 de Febrero&nbsp;<\/u><\/strong><strong><u><\/u><\/strong><\/p>\n\n\n\n<p>Lugar: Teatro Municipal Luis Sandrini calle 63 &amp; 54 NECOCHEA&nbsp;<\/p>\n\n\n\n<p>BONO CONTRIBUCI\u00d3N : $ 3000 y $ 2000 jubilados y residentes<\/p>\n\n\n\n<p>Reservas + 54 91134453202 \/ + 54 92262574968<\/p>\n\n\n\n<p>Gracias Andrea Feiguin de Tehagolaprensa por hacernos llegar la gacetilla de prensa con toda la informaci\u00f3n de la gira que realiza este espect\u00e1culo por la costa.<\/p>\n\n\n\n<p><strong><u>GUILLERMO GALV\u00c9 \u2013 Cantor<\/u><\/strong><strong><u><\/u><\/strong><\/p>\n\n\n\n<p>Porte\u00f1o nacido en el barrio de la Boca. Comienza su carrera profesional en el a\u00f1o 1975 en distintos teatros acompa\u00f1ado por el cuarteto de Jos\u00e9 Colangelo. en 1977 debuta como cantor en &#8220;El viejo almac\u00e9n&#8221; como solista en la orquesta estable del maestro Carlos Figari y luego como figura vocal del Septimino de Horacio Salg\u00e1n.<\/p>\n\n\n\n<p>Innumerables presentaciones en m\u00edticos reductos tangueros como &#8220;Ca\u00f1o 14&#8221;, &#8220;Michelangelo&#8221;, etc. Actu\u00f3 en el programa &#8220;Grandes valores del Tango&#8221; con la conducci\u00f3n de Silvio Sold\u00e1n, adem\u00e1s de otros exitosos programas como &#8220;La botica de tango&#8221;, Badia y compa\u00f1\u00eda, etc. En 1980 graba su primer disco &#8220;Vamos Todav\u00eda&#8221; con la direcci\u00f3n musical de Osvaldo Tarantino estrenando temas de Juanca Tavera.<\/p>\n\n\n\n<p>Ha realizado muchas giras internacionales por Estados unidos, Francia, M\u00e9xico, Brasil, etc. Form\u00f3 parte de la compa\u00f1\u00eda &#8220;Tango Pasi\u00f3n&#8221; con el Sexteto Mayor y ha realizado extensas giras por Europa. Recientemente ha participado en el Festival de Tango en Pereira (Colombia) como cantor y tambi\u00e9n como jurado de un prestigios concurso de cantores de tango. Se presenta frecuentemente en Buenos Aires en la casa de tango &#8220;Catulo&#8221;.<\/p>\n\n\n\n<p><strong><u>MARCELO FUNES \u2013 Cantor<\/u><\/strong><strong><u><\/u><\/strong><\/p>\n\n\n\n<p>Hijo del cantante de tango Norberto Funes, quien se desempe\u00f1\u00f3 como cantor estable de la orquesta de radio Splendid donde grab\u00f3 varios discos.&nbsp; Marcelo fue adquiriendo su gusto musical por el tango que con los a\u00f1os se convirtieron en su verdadera pasi\u00f3n. Realiz\u00f3 distintas presentaciones en \u00e1mbito local como Caf\u00e9 Tortoni, esquina Homero Manzi, Centro cultural la Paternal, el m\u00edtico y reconocido lugar tanguero TACONEANDO, TEATRO EL ALAMBIQUE (VILLA PUEYRREDON). AUDITORIO KRAFT y Galp\u00f3n&nbsp;<\/p>\n\n\n\n<p><strong><u>ANTONELA M\u00c9NDEZ &amp; RA\u00daL MOURE \u2013 Bailarines y core\u00f3grafos <\/u><\/strong><strong><u><\/u><\/strong><\/p>\n\n\n\n<p>Ganadores del Campeonato preliminar del mundial de tango (Jun\u00edn)<\/p>\n\n\n\n<p>Semifinalistas mundial 2022 pista, semifinalistas campeonato metropolitano tango milonga y vals.<\/p>\n\n\n\n<p>Participaron en la compa\u00f1\u00eda de tango porte\u00f1o en el festival de tango y folclore de Baradero 2023.<\/p>\n\n\n\n<p>Fueron semifinalistas en Pelando Variaci\u00f3n 2020.<\/p>\n\n\n\n<p>Bailarines oficiales en el Homero Manzi de Boedo.<\/p>\n\n\n\n<p><\/p>\n","protected":false},"excerpt":{"rendered":"<p>Este espect\u00e1culo cuenta con la participaci\u00f3n especial del cantor Guillermo Galv\u00e9 que nos honra&nbsp;con su experiencia y trayectoria en el mundo del tango. Estar\u00e1 acompa\u00f1ado por el tr\u00edo tanguero dirigido por el Maestro Jorge Vignales al frente de los arreglos y el Contrabajo. Completan la agrupaci\u00f3n, V\u00edctor Volpe En piano y Francisco Vitali en Bandone\u00f3n. [&hellip;]<\/p>\n","protected":false},"author":3,"featured_media":12992,"comment_status":"open","ping_status":"closed","sticky":false,"template":"","format":"standard","meta":{"footnotes":""},"categories":[34,56],"tags":[],"class_list":{"0":"post-12990","1":"post","2":"type-post","3":"status-publish","4":"format-standard","5":"has-post-thumbnail","7":"category-arte","8":"category-musica"},"yoast_head":"<!-- This site is optimized with the Yoast SEO plugin v27.4 - https:\/\/yoast.com\/product\/yoast-seo-wordpress\/ -->\n<title>SUE\u00d1OS DE TANGOS - Sergio Lapegue<\/title>\n<meta name=\"robots\" content=\"index, follow, max-snippet:-1, max-image-preview:large, max-video-preview:-1\" \/>\n<link rel=\"canonical\" href=\"https:\/\/sergiolapegue.com\/site\/2024\/01\/22\/suenos-de-tangos-3\/\" \/>\n<meta property=\"og:locale\" content=\"es_ES\" \/>\n<meta property=\"og:type\" content=\"article\" \/>\n<meta property=\"og:title\" content=\"SUE\u00d1OS DE TANGOS - Sergio Lapegue\" \/>\n<meta property=\"og:description\" content=\"Este espect\u00e1culo cuenta con la participaci\u00f3n especial del cantor Guillermo Galv\u00e9 que nos honra&nbsp;con su experiencia y trayectoria en el mundo del tango. Estar\u00e1 acompa\u00f1ado por el tr\u00edo tanguero dirigido por el Maestro Jorge Vignales al frente de los arreglos y el Contrabajo. Completan la agrupaci\u00f3n, V\u00edctor Volpe En piano y Francisco Vitali en Bandone\u00f3n. [&hellip;]\" \/>\n<meta property=\"og:url\" content=\"https:\/\/sergiolapegue.com\/site\/2024\/01\/22\/suenos-de-tangos-3\/\" \/>\n<meta property=\"og:site_name\" content=\"Sergio Lapegue\" \/>\n<meta property=\"article:publisher\" content=\"https:\/\/facebook.com\/sergiolapegue\" \/>\n<meta property=\"article:author\" content=\"https:\/\/facebook.com\/danielernesto.montana\" \/>\n<meta property=\"article:published_time\" content=\"2024-01-22T09:00:00+00:00\" \/>\n<meta property=\"og:image\" content=\"https:\/\/sergiolapegue.com\/site\/wp-content\/uploads\/2024\/01\/Suenos-de-Tango-Temporada-de-verano.jpeg\" \/>\n\t<meta property=\"og:image:width\" content=\"662\" \/>\n\t<meta property=\"og:image:height\" content=\"693\" \/>\n\t<meta property=\"og:image:type\" content=\"image\/jpeg\" \/>\n<meta name=\"author\" content=\"Daniel E. Monta\u00f1a\" \/>\n<meta name=\"twitter:card\" content=\"summary_large_image\" \/>\n<meta name=\"twitter:creator\" content=\"@https:\/\/twitter.com\/daner_004\" \/>\n<meta name=\"twitter:site\" content=\"@sergiolapegue\" \/>\n<meta name=\"twitter:label1\" content=\"Escrito por\" \/>\n\t<meta name=\"twitter:data1\" content=\"Daniel E. Monta\u00f1a\" \/>\n\t<meta name=\"twitter:label2\" content=\"Tiempo de lectura\" \/>\n\t<meta name=\"twitter:data2\" content=\"4 minutos\" \/>\n<script type=\"application\/ld+json\" class=\"yoast-schema-graph\">{\"@context\":\"https:\\\/\\\/schema.org\",\"@graph\":[{\"@type\":\"Article\",\"@id\":\"https:\\\/\\\/sergiolapegue.com\\\/site\\\/2024\\\/01\\\/22\\\/suenos-de-tangos-3\\\/#article\",\"isPartOf\":{\"@id\":\"https:\\\/\\\/sergiolapegue.com\\\/site\\\/2024\\\/01\\\/22\\\/suenos-de-tangos-3\\\/\"},\"author\":{\"name\":\"Daniel E. Monta\u00f1a\",\"@id\":\"https:\\\/\\\/sergiolapegue.com\\\/site\\\/#\\\/schema\\\/person\\\/9198e7dbab43c6d74d0fd5399af7c3cd\"},\"headline\":\"SUE\u00d1OS DE TANGOS\",\"datePublished\":\"2024-01-22T09:00:00+00:00\",\"mainEntityOfPage\":{\"@id\":\"https:\\\/\\\/sergiolapegue.com\\\/site\\\/2024\\\/01\\\/22\\\/suenos-de-tangos-3\\\/\"},\"wordCount\":720,\"commentCount\":0,\"publisher\":{\"@id\":\"https:\\\/\\\/sergiolapegue.com\\\/site\\\/#\\\/schema\\\/person\\\/083aeceeb0734cd166779ea6c0551a37\"},\"image\":{\"@id\":\"https:\\\/\\\/sergiolapegue.com\\\/site\\\/2024\\\/01\\\/22\\\/suenos-de-tangos-3\\\/#primaryimage\"},\"thumbnailUrl\":\"https:\\\/\\\/sergiolapegue.com\\\/site\\\/wp-content\\\/uploads\\\/2024\\\/01\\\/Suenos-de-Tango-Temporada-de-verano.jpeg\",\"articleSection\":[\"Arte\",\"M\u00fasica\"],\"inLanguage\":\"es-AR\",\"potentialAction\":[{\"@type\":\"CommentAction\",\"name\":\"Comment\",\"target\":[\"https:\\\/\\\/sergiolapegue.com\\\/site\\\/2024\\\/01\\\/22\\\/suenos-de-tangos-3\\\/#respond\"]}]},{\"@type\":\"WebPage\",\"@id\":\"https:\\\/\\\/sergiolapegue.com\\\/site\\\/2024\\\/01\\\/22\\\/suenos-de-tangos-3\\\/\",\"url\":\"https:\\\/\\\/sergiolapegue.com\\\/site\\\/2024\\\/01\\\/22\\\/suenos-de-tangos-3\\\/\",\"name\":\"SUE\u00d1OS DE TANGOS - Sergio Lapegue\",\"isPartOf\":{\"@id\":\"https:\\\/\\\/sergiolapegue.com\\\/site\\\/#website\"},\"primaryImageOfPage\":{\"@id\":\"https:\\\/\\\/sergiolapegue.com\\\/site\\\/2024\\\/01\\\/22\\\/suenos-de-tangos-3\\\/#primaryimage\"},\"image\":{\"@id\":\"https:\\\/\\\/sergiolapegue.com\\\/site\\\/2024\\\/01\\\/22\\\/suenos-de-tangos-3\\\/#primaryimage\"},\"thumbnailUrl\":\"https:\\\/\\\/sergiolapegue.com\\\/site\\\/wp-content\\\/uploads\\\/2024\\\/01\\\/Suenos-de-Tango-Temporada-de-verano.jpeg\",\"datePublished\":\"2024-01-22T09:00:00+00:00\",\"breadcrumb\":{\"@id\":\"https:\\\/\\\/sergiolapegue.com\\\/site\\\/2024\\\/01\\\/22\\\/suenos-de-tangos-3\\\/#breadcrumb\"},\"inLanguage\":\"es-AR\",\"potentialAction\":[{\"@type\":\"ReadAction\",\"target\":[\"https:\\\/\\\/sergiolapegue.com\\\/site\\\/2024\\\/01\\\/22\\\/suenos-de-tangos-3\\\/\"]}]},{\"@type\":\"ImageObject\",\"inLanguage\":\"es-AR\",\"@id\":\"https:\\\/\\\/sergiolapegue.com\\\/site\\\/2024\\\/01\\\/22\\\/suenos-de-tangos-3\\\/#primaryimage\",\"url\":\"https:\\\/\\\/sergiolapegue.com\\\/site\\\/wp-content\\\/uploads\\\/2024\\\/01\\\/Suenos-de-Tango-Temporada-de-verano.jpeg\",\"contentUrl\":\"https:\\\/\\\/sergiolapegue.com\\\/site\\\/wp-content\\\/uploads\\\/2024\\\/01\\\/Suenos-de-Tango-Temporada-de-verano.jpeg\",\"width\":662,\"height\":693},{\"@type\":\"BreadcrumbList\",\"@id\":\"https:\\\/\\\/sergiolapegue.com\\\/site\\\/2024\\\/01\\\/22\\\/suenos-de-tangos-3\\\/#breadcrumb\",\"itemListElement\":[{\"@type\":\"ListItem\",\"position\":1,\"name\":\"Inicio\",\"item\":\"https:\\\/\\\/sergiolapegue.com\\\/site\\\/\"},{\"@type\":\"ListItem\",\"position\":2,\"name\":\"SUE\u00d1OS DE TANGOS\"}]},{\"@type\":\"WebSite\",\"@id\":\"https:\\\/\\\/sergiolapegue.com\\\/site\\\/#website\",\"url\":\"https:\\\/\\\/sergiolapegue.com\\\/site\\\/\",\"name\":\"Sergio Lapegue\",\"description\":\"Periodista\",\"publisher\":{\"@id\":\"https:\\\/\\\/sergiolapegue.com\\\/site\\\/#\\\/schema\\\/person\\\/083aeceeb0734cd166779ea6c0551a37\"},\"potentialAction\":[{\"@type\":\"SearchAction\",\"target\":{\"@type\":\"EntryPoint\",\"urlTemplate\":\"https:\\\/\\\/sergiolapegue.com\\\/site\\\/?s={search_term_string}\"},\"query-input\":{\"@type\":\"PropertyValueSpecification\",\"valueRequired\":true,\"valueName\":\"search_term_string\"}}],\"inLanguage\":\"es-AR\"},{\"@type\":[\"Person\",\"Organization\"],\"@id\":\"https:\\\/\\\/sergiolapegue.com\\\/site\\\/#\\\/schema\\\/person\\\/083aeceeb0734cd166779ea6c0551a37\",\"name\":\"Sergio Lapegue\",\"image\":{\"@type\":\"ImageObject\",\"inLanguage\":\"es-AR\",\"@id\":\"https:\\\/\\\/sergiolapegue.com\\\/site\\\/wp-content\\\/uploads\\\/2021\\\/04\\\/logo_header-1.png\",\"url\":\"https:\\\/\\\/sergiolapegue.com\\\/site\\\/wp-content\\\/uploads\\\/2021\\\/04\\\/logo_header-1.png\",\"contentUrl\":\"https:\\\/\\\/sergiolapegue.com\\\/site\\\/wp-content\\\/uploads\\\/2021\\\/04\\\/logo_header-1.png\",\"width\":272,\"height\":90,\"caption\":\"Sergio Lapegue\"},\"logo\":{\"@id\":\"https:\\\/\\\/sergiolapegue.com\\\/site\\\/wp-content\\\/uploads\\\/2021\\\/04\\\/logo_header-1.png\"},\"sameAs\":[\"https:\\\/\\\/facebook.com\\\/sergiolapegue\",\"https:\\\/\\\/instagram.com\\\/sergiolapegue\",\"https:\\\/\\\/x.com\\\/https:\\\/\\\/twitter.com\\\/sergiolapegue\"]},{\"@type\":\"Person\",\"@id\":\"https:\\\/\\\/sergiolapegue.com\\\/site\\\/#\\\/schema\\\/person\\\/9198e7dbab43c6d74d0fd5399af7c3cd\",\"name\":\"Daniel E. Monta\u00f1a\",\"image\":{\"@type\":\"ImageObject\",\"inLanguage\":\"es-AR\",\"@id\":\"https:\\\/\\\/sergiolapegue.com\\\/site\\\/wp-content\\\/uploads\\\/2021\\\/04\\\/sl_avatar_Daniel-150x150.jpg\",\"url\":\"https:\\\/\\\/sergiolapegue.com\\\/site\\\/wp-content\\\/uploads\\\/2021\\\/04\\\/sl_avatar_Daniel-150x150.jpg\",\"contentUrl\":\"https:\\\/\\\/sergiolapegue.com\\\/site\\\/wp-content\\\/uploads\\\/2021\\\/04\\\/sl_avatar_Daniel-150x150.jpg\",\"caption\":\"Daniel E. Monta\u00f1a\"},\"sameAs\":[\"https:\\\/\\\/facebook.com\\\/danielernesto.montana\",\"https:\\\/\\\/instagram.com\\\/daniel_montana1961\",\"https:\\\/\\\/x.com\\\/https:\\\/\\\/twitter.com\\\/daner_004\"],\"url\":\"https:\\\/\\\/sergiolapegue.com\\\/site\\\/author\\\/daniel\\\/\"}]}<\/script>\n<!-- \/ Yoast SEO plugin. -->","yoast_head_json":{"title":"SUE\u00d1OS DE TANGOS - Sergio Lapegue","robots":{"index":"index","follow":"follow","max-snippet":"max-snippet:-1","max-image-preview":"max-image-preview:large","max-video-preview":"max-video-preview:-1"},"canonical":"https:\/\/sergiolapegue.com\/site\/2024\/01\/22\/suenos-de-tangos-3\/","og_locale":"es_ES","og_type":"article","og_title":"SUE\u00d1OS DE TANGOS - Sergio Lapegue","og_description":"Este espect\u00e1culo cuenta con la participaci\u00f3n especial del cantor Guillermo Galv\u00e9 que nos honra&nbsp;con su experiencia y trayectoria en el mundo del tango. Estar\u00e1 acompa\u00f1ado por el tr\u00edo tanguero dirigido por el Maestro Jorge Vignales al frente de los arreglos y el Contrabajo. Completan la agrupaci\u00f3n, V\u00edctor Volpe En piano y Francisco Vitali en Bandone\u00f3n. [&hellip;]","og_url":"https:\/\/sergiolapegue.com\/site\/2024\/01\/22\/suenos-de-tangos-3\/","og_site_name":"Sergio Lapegue","article_publisher":"https:\/\/facebook.com\/sergiolapegue","article_author":"https:\/\/facebook.com\/danielernesto.montana","article_published_time":"2024-01-22T09:00:00+00:00","og_image":[{"width":662,"height":693,"url":"https:\/\/sergiolapegue.com\/site\/wp-content\/uploads\/2024\/01\/Suenos-de-Tango-Temporada-de-verano.jpeg","type":"image\/jpeg"}],"author":"Daniel E. Monta\u00f1a","twitter_card":"summary_large_image","twitter_creator":"@https:\/\/twitter.com\/daner_004","twitter_site":"@sergiolapegue","twitter_misc":{"Escrito por":"Daniel E. Monta\u00f1a","Tiempo de lectura":"4 minutos"},"schema":{"@context":"https:\/\/schema.org","@graph":[{"@type":"Article","@id":"https:\/\/sergiolapegue.com\/site\/2024\/01\/22\/suenos-de-tangos-3\/#article","isPartOf":{"@id":"https:\/\/sergiolapegue.com\/site\/2024\/01\/22\/suenos-de-tangos-3\/"},"author":{"name":"Daniel E. Monta\u00f1a","@id":"https:\/\/sergiolapegue.com\/site\/#\/schema\/person\/9198e7dbab43c6d74d0fd5399af7c3cd"},"headline":"SUE\u00d1OS DE TANGOS","datePublished":"2024-01-22T09:00:00+00:00","mainEntityOfPage":{"@id":"https:\/\/sergiolapegue.com\/site\/2024\/01\/22\/suenos-de-tangos-3\/"},"wordCount":720,"commentCount":0,"publisher":{"@id":"https:\/\/sergiolapegue.com\/site\/#\/schema\/person\/083aeceeb0734cd166779ea6c0551a37"},"image":{"@id":"https:\/\/sergiolapegue.com\/site\/2024\/01\/22\/suenos-de-tangos-3\/#primaryimage"},"thumbnailUrl":"https:\/\/sergiolapegue.com\/site\/wp-content\/uploads\/2024\/01\/Suenos-de-Tango-Temporada-de-verano.jpeg","articleSection":["Arte","M\u00fasica"],"inLanguage":"es-AR","potentialAction":[{"@type":"CommentAction","name":"Comment","target":["https:\/\/sergiolapegue.com\/site\/2024\/01\/22\/suenos-de-tangos-3\/#respond"]}]},{"@type":"WebPage","@id":"https:\/\/sergiolapegue.com\/site\/2024\/01\/22\/suenos-de-tangos-3\/","url":"https:\/\/sergiolapegue.com\/site\/2024\/01\/22\/suenos-de-tangos-3\/","name":"SUE\u00d1OS DE TANGOS - Sergio Lapegue","isPartOf":{"@id":"https:\/\/sergiolapegue.com\/site\/#website"},"primaryImageOfPage":{"@id":"https:\/\/sergiolapegue.com\/site\/2024\/01\/22\/suenos-de-tangos-3\/#primaryimage"},"image":{"@id":"https:\/\/sergiolapegue.com\/site\/2024\/01\/22\/suenos-de-tangos-3\/#primaryimage"},"thumbnailUrl":"https:\/\/sergiolapegue.com\/site\/wp-content\/uploads\/2024\/01\/Suenos-de-Tango-Temporada-de-verano.jpeg","datePublished":"2024-01-22T09:00:00+00:00","breadcrumb":{"@id":"https:\/\/sergiolapegue.com\/site\/2024\/01\/22\/suenos-de-tangos-3\/#breadcrumb"},"inLanguage":"es-AR","potentialAction":[{"@type":"ReadAction","target":["https:\/\/sergiolapegue.com\/site\/2024\/01\/22\/suenos-de-tangos-3\/"]}]},{"@type":"ImageObject","inLanguage":"es-AR","@id":"https:\/\/sergiolapegue.com\/site\/2024\/01\/22\/suenos-de-tangos-3\/#primaryimage","url":"https:\/\/sergiolapegue.com\/site\/wp-content\/uploads\/2024\/01\/Suenos-de-Tango-Temporada-de-verano.jpeg","contentUrl":"https:\/\/sergiolapegue.com\/site\/wp-content\/uploads\/2024\/01\/Suenos-de-Tango-Temporada-de-verano.jpeg","width":662,"height":693},{"@type":"BreadcrumbList","@id":"https:\/\/sergiolapegue.com\/site\/2024\/01\/22\/suenos-de-tangos-3\/#breadcrumb","itemListElement":[{"@type":"ListItem","position":1,"name":"Inicio","item":"https:\/\/sergiolapegue.com\/site\/"},{"@type":"ListItem","position":2,"name":"SUE\u00d1OS DE TANGOS"}]},{"@type":"WebSite","@id":"https:\/\/sergiolapegue.com\/site\/#website","url":"https:\/\/sergiolapegue.com\/site\/","name":"Sergio Lapegue","description":"Periodista","publisher":{"@id":"https:\/\/sergiolapegue.com\/site\/#\/schema\/person\/083aeceeb0734cd166779ea6c0551a37"},"potentialAction":[{"@type":"SearchAction","target":{"@type":"EntryPoint","urlTemplate":"https:\/\/sergiolapegue.com\/site\/?s={search_term_string}"},"query-input":{"@type":"PropertyValueSpecification","valueRequired":true,"valueName":"search_term_string"}}],"inLanguage":"es-AR"},{"@type":["Person","Organization"],"@id":"https:\/\/sergiolapegue.com\/site\/#\/schema\/person\/083aeceeb0734cd166779ea6c0551a37","name":"Sergio Lapegue","image":{"@type":"ImageObject","inLanguage":"es-AR","@id":"https:\/\/sergiolapegue.com\/site\/wp-content\/uploads\/2021\/04\/logo_header-1.png","url":"https:\/\/sergiolapegue.com\/site\/wp-content\/uploads\/2021\/04\/logo_header-1.png","contentUrl":"https:\/\/sergiolapegue.com\/site\/wp-content\/uploads\/2021\/04\/logo_header-1.png","width":272,"height":90,"caption":"Sergio Lapegue"},"logo":{"@id":"https:\/\/sergiolapegue.com\/site\/wp-content\/uploads\/2021\/04\/logo_header-1.png"},"sameAs":["https:\/\/facebook.com\/sergiolapegue","https:\/\/instagram.com\/sergiolapegue","https:\/\/x.com\/https:\/\/twitter.com\/sergiolapegue"]},{"@type":"Person","@id":"https:\/\/sergiolapegue.com\/site\/#\/schema\/person\/9198e7dbab43c6d74d0fd5399af7c3cd","name":"Daniel E. Monta\u00f1a","image":{"@type":"ImageObject","inLanguage":"es-AR","@id":"https:\/\/sergiolapegue.com\/site\/wp-content\/uploads\/2021\/04\/sl_avatar_Daniel-150x150.jpg","url":"https:\/\/sergiolapegue.com\/site\/wp-content\/uploads\/2021\/04\/sl_avatar_Daniel-150x150.jpg","contentUrl":"https:\/\/sergiolapegue.com\/site\/wp-content\/uploads\/2021\/04\/sl_avatar_Daniel-150x150.jpg","caption":"Daniel E. Monta\u00f1a"},"sameAs":["https:\/\/facebook.com\/danielernesto.montana","https:\/\/instagram.com\/daniel_montana1961","https:\/\/x.com\/https:\/\/twitter.com\/daner_004"],"url":"https:\/\/sergiolapegue.com\/site\/author\/daniel\/"}]}},"_links":{"self":[{"href":"https:\/\/sergiolapegue.com\/site\/wp-json\/wp\/v2\/posts\/12990","targetHints":{"allow":["GET"]}}],"collection":[{"href":"https:\/\/sergiolapegue.com\/site\/wp-json\/wp\/v2\/posts"}],"about":[{"href":"https:\/\/sergiolapegue.com\/site\/wp-json\/wp\/v2\/types\/post"}],"author":[{"embeddable":true,"href":"https:\/\/sergiolapegue.com\/site\/wp-json\/wp\/v2\/users\/3"}],"replies":[{"embeddable":true,"href":"https:\/\/sergiolapegue.com\/site\/wp-json\/wp\/v2\/comments?post=12990"}],"version-history":[{"count":1,"href":"https:\/\/sergiolapegue.com\/site\/wp-json\/wp\/v2\/posts\/12990\/revisions"}],"predecessor-version":[{"id":12993,"href":"https:\/\/sergiolapegue.com\/site\/wp-json\/wp\/v2\/posts\/12990\/revisions\/12993"}],"wp:featuredmedia":[{"embeddable":true,"href":"https:\/\/sergiolapegue.com\/site\/wp-json\/wp\/v2\/media\/12992"}],"wp:attachment":[{"href":"https:\/\/sergiolapegue.com\/site\/wp-json\/wp\/v2\/media?parent=12990"}],"wp:term":[{"taxonomy":"category","embeddable":true,"href":"https:\/\/sergiolapegue.com\/site\/wp-json\/wp\/v2\/categories?post=12990"},{"taxonomy":"post_tag","embeddable":true,"href":"https:\/\/sergiolapegue.com\/site\/wp-json\/wp\/v2\/tags?post=12990"}],"curies":[{"name":"wp","href":"https:\/\/api.w.org\/{rel}","templated":true}]}}