{"id":12708,"date":"2024-01-04T09:24:29","date_gmt":"2024-01-04T12:24:29","guid":{"rendered":"https:\/\/sergiolapegue.com\/site\/?p=12708"},"modified":"2024-01-02T16:25:08","modified_gmt":"2024-01-02T19:25:08","slug":"bronquiolitis-nueva-vacuna-para-personas-gestantes","status":"publish","type":"post","link":"https:\/\/sergiolapegue.com\/site\/2024\/01\/04\/bronquiolitis-nueva-vacuna-para-personas-gestantes\/","title":{"rendered":"Bronquiolitis: nueva vacuna para personas gestantes"},"content":{"rendered":"\n<p>El virus sincitial respiratorio (VSR) es una enfermedad frecuente que afecta las v\u00edas respiratorias, incluyendo la nariz, la garganta y los pulmones. En ni\u00f1os mayores y adolescentes, el VSR puede manifestarse de manera leve, provocando s\u00edntomas similares a los del resfriado. Sin embargo, en beb\u00e9s y ni\u00f1os menores de 5 a\u00f1os, aunque la enfermedad puede presentarse de forma leve, puede ser muy grave, llegando a causar infecciones respiratorias agudas bajas, denominadas &#8220;IRAB&#8221;. Dentro de estas, la m\u00e1s frecuente es la bronquiolitis, que consiste en la inflamaci\u00f3n de las v\u00edas respiratorias inferiores y los pulmones.<br><br>El VSR es la causa principal del incremento en las hospitalizaciones, con posibles complicaciones que requieren cuidados cr\u00edticos, adem\u00e1s de generar un alto nivel de consultas ambulatorias durante los meses de oto\u00f1o e invierno, aunque se han observado casos durante otras \u00e9pocas del a\u00f1o.<br><br>Es por ello que, a partir del 1 de enero del 2024, el Ministerio de Salud incluir\u00e1 la vacuna contra el virus sincicial respiratorio (VSR) en el Calendario Nacional de Vacunaci\u00f3n para personas gestantes, con la resoluci\u00f3n n\u00famero 4218.&nbsp;<br><br>Esta medida se oficializ\u00f3 el 18 de diciembre mediante la publicaci\u00f3n en el Bolet\u00edn Oficial, luego de la autorizaci\u00f3n de la vacuna por parte de la Administraci\u00f3n Nacional de Medicamentos, Alimentos y Tecnolog\u00eda M\u00e9dica (ANMAT). La vacuna ser\u00e1 de car\u00e1cter gratuito y obligatorio para todas las personas que se encuentren en el periodo gestacional comprendido entre las semanas 32 a 36.<br><br>La resoluci\u00f3n destaca que esta medida proteger\u00e1 al beb\u00e9, mediante la transferencia transplacentaria de anticuerpos, con una fuerte respuesta inmunitaria. Ensayos cl\u00ednicos demostraron que administrar esta vacuna a personas gestantes reduce el riesgo de infecci\u00f3n y hospitalizaci\u00f3n por el VSR de sus beb\u00e9s en m\u00e1s del 57% durante los primeros seis meses despu\u00e9s del nacimiento con una eficacia contra enfermedad severa del 81.8% a los 80 d\u00edas.<br><br>En la \u00faltima d\u00e9cada, se ha reconocido cada vez m\u00e1s a nivel mundial la significativa carga del virus sincitial respiratorio. El VSR es la segunda causa principal de mortalidad infantil despu\u00e9s del periodo neonatal, con m\u00e1s del 99% de las muertes infantiles ocurriendo en pa\u00edses de bajos y medianos ingresos.<br><br>Se recomienda el uso de esta vacuna de manera estacional, desde marzo a junio en Argentina junto a las dem\u00e1s vacunas de calendario, como lo es la vacunaci\u00f3n contra Influenza.<br><br><strong>\u00bfQui\u00e9nes son los m\u00e1s susceptibles a desarrollar casos graves de VSR?<\/strong><\/p>\n\n\n\n<figure class=\"wp-block-image size-large is-style-rounded\"><img loading=\"lazy\" decoding=\"async\" width=\"1024\" height=\"576\" src=\"https:\/\/sergiolapegue.com\/site\/wp-content\/uploads\/2024\/01\/Bronquiolitis-nueva-vacuna01-1024x576.jpg\" alt=\"\" class=\"wp-image-12709\" srcset=\"https:\/\/sergiolapegue.com\/site\/wp-content\/uploads\/2024\/01\/Bronquiolitis-nueva-vacuna01-1024x576.jpg 1024w, https:\/\/sergiolapegue.com\/site\/wp-content\/uploads\/2024\/01\/Bronquiolitis-nueva-vacuna01-300x169.jpg 300w, https:\/\/sergiolapegue.com\/site\/wp-content\/uploads\/2024\/01\/Bronquiolitis-nueva-vacuna01-768x432.jpg 768w, https:\/\/sergiolapegue.com\/site\/wp-content\/uploads\/2024\/01\/Bronquiolitis-nueva-vacuna01-696x392.jpg 696w, https:\/\/sergiolapegue.com\/site\/wp-content\/uploads\/2024\/01\/Bronquiolitis-nueva-vacuna01-1068x601.jpg 1068w, https:\/\/sergiolapegue.com\/site\/wp-content\/uploads\/2024\/01\/Bronquiolitis-nueva-vacuna01.jpg 1200w\" sizes=\"auto, (max-width: 1024px) 100vw, 1024px\" \/><\/figure>\n\n\n\n<ul class=\"wp-block-list\">\n<li>Beb\u00e9s prematuros nacidos considerablemente antes de su fecha probable de parto.<\/li>\n\n\n\n<li>Beb\u00e9s de bajo peso, especialmente aquellos de 6 meses de edad o menores.<\/li>\n\n\n\n<li>Ni\u00f1os menores de 2 a\u00f1os con condiciones pulmonares cr\u00f3nicas a largo plazo, o con enfermedad card\u00edaca cong\u00e9nita, es decir, una afecci\u00f3n card\u00edaca presente desde el nacimiento.<\/li>\n\n\n\n<li>Ni\u00f1os con alteraci\u00f3n del sistema inmunol\u00f3gico, el cual es responsable de combatir g\u00e9rmenes y enfermedades en el cuerpo.<\/li>\n\n\n\n<li>Ni\u00f1os con enfermedades neuromusculares, que afectan la coordinaci\u00f3n entre el sistema nervioso y los m\u00fasculos, incluyendo aquellos que enfrentan dificultades para tragar o expulsar la mucosidad de forma independiente.<\/li>\n<\/ul>\n\n\n\n<p><em>&nbsp;<br><\/em><em><strong>Asesor\u00f3: Dra. Laura Pulido (MN 127115), Coordinadora de la Secci\u00f3n de Enfermedades Infecciosas de la Asociaci\u00f3n Argentina de Medicina Respiratoria.<\/strong><\/em><\/p>\n","protected":false},"excerpt":{"rendered":"<p>El virus sincitial respiratorio (VSR) es una enfermedad frecuente que afecta las v\u00edas respiratorias, incluyendo la nariz, la garganta y los pulmones. En ni\u00f1os mayores y adolescentes, el VSR puede manifestarse de manera leve, provocando s\u00edntomas similares a los del resfriado. Sin embargo, en beb\u00e9s y ni\u00f1os menores de 5 a\u00f1os, aunque la enfermedad puede [&hellip;]<\/p>\n","protected":false},"author":4,"featured_media":12711,"comment_status":"closed","ping_status":"closed","sticky":false,"template":"","format":"standard","meta":{"footnotes":""},"categories":[38,40],"tags":[1429,157,3132,1228,601,1890],"class_list":{"0":"post-12708","1":"post","2":"type-post","3":"status-publish","4":"format-standard","5":"has-post-thumbnail","7":"category-actualidad","8":"category-salud","9":"tag-bronquiolitis","10":"tag-enfermedad","11":"tag-gestante","12":"tag-persona","13":"tag-vacuna","14":"tag-virus"},"yoast_head":"<!-- This site is optimized with the Yoast SEO plugin v27.5 - https:\/\/yoast.com\/product\/yoast-seo-wordpress\/ -->\n<title>Bronquiolitis: nueva vacuna para personas gestantes - Sergio Lapegue<\/title>\n<meta name=\"robots\" content=\"index, follow, max-snippet:-1, max-image-preview:large, max-video-preview:-1\" \/>\n<link rel=\"canonical\" href=\"https:\/\/sergiolapegue.com\/site\/2024\/01\/04\/bronquiolitis-nueva-vacuna-para-personas-gestantes\/\" \/>\n<meta property=\"og:locale\" content=\"es_ES\" \/>\n<meta property=\"og:type\" content=\"article\" \/>\n<meta property=\"og:title\" content=\"Bronquiolitis: nueva vacuna para personas gestantes - Sergio Lapegue\" \/>\n<meta property=\"og:description\" content=\"El virus sincitial respiratorio (VSR) es una enfermedad frecuente que afecta las v\u00edas respiratorias, incluyendo la nariz, la garganta y los pulmones. En ni\u00f1os mayores y adolescentes, el VSR puede manifestarse de manera leve, provocando s\u00edntomas similares a los del resfriado. Sin embargo, en beb\u00e9s y ni\u00f1os menores de 5 a\u00f1os, aunque la enfermedad puede [&hellip;]\" \/>\n<meta property=\"og:url\" content=\"https:\/\/sergiolapegue.com\/site\/2024\/01\/04\/bronquiolitis-nueva-vacuna-para-personas-gestantes\/\" \/>\n<meta property=\"og:site_name\" content=\"Sergio Lapegue\" \/>\n<meta property=\"article:publisher\" content=\"https:\/\/facebook.com\/sergiolapegue\" \/>\n<meta property=\"article:published_time\" content=\"2024-01-04T12:24:29+00:00\" \/>\n<meta property=\"og:image\" content=\"https:\/\/sergiolapegue.com\/site\/wp-content\/uploads\/2024\/01\/Bronquiolitis-nueva-vacuna02.jpg\" \/>\n\t<meta property=\"og:image:width\" content=\"1000\" \/>\n\t<meta property=\"og:image:height\" content=\"563\" \/>\n\t<meta property=\"og:image:type\" content=\"image\/jpeg\" \/>\n<meta name=\"author\" content=\"Leonardo Monta\u00f1a\" \/>\n<meta name=\"twitter:card\" content=\"summary_large_image\" \/>\n<meta name=\"twitter:creator\" content=\"@https:\/\/twitter.com\/soytoto81\" \/>\n<meta name=\"twitter:site\" content=\"@sergiolapegue\" \/>\n<meta name=\"twitter:label1\" content=\"Escrito por\" \/>\n\t<meta name=\"twitter:data1\" content=\"Leonardo Monta\u00f1a\" \/>\n\t<meta name=\"twitter:label2\" content=\"Tiempo de lectura\" \/>\n\t<meta name=\"twitter:data2\" content=\"3 minutos\" \/>\n<script type=\"application\/ld+json\" class=\"yoast-schema-graph\">{\"@context\":\"https:\\\/\\\/schema.org\",\"@graph\":[{\"@type\":\"Article\",\"@id\":\"https:\\\/\\\/sergiolapegue.com\\\/site\\\/2024\\\/01\\\/04\\\/bronquiolitis-nueva-vacuna-para-personas-gestantes\\\/#article\",\"isPartOf\":{\"@id\":\"https:\\\/\\\/sergiolapegue.com\\\/site\\\/2024\\\/01\\\/04\\\/bronquiolitis-nueva-vacuna-para-personas-gestantes\\\/\"},\"author\":{\"name\":\"Leonardo Monta\u00f1a\",\"@id\":\"https:\\\/\\\/sergiolapegue.com\\\/site\\\/#\\\/schema\\\/person\\\/00adf937d010c7f79a180dc4916a40e0\"},\"headline\":\"Bronquiolitis: nueva vacuna para personas gestantes\",\"datePublished\":\"2024-01-04T12:24:29+00:00\",\"mainEntityOfPage\":{\"@id\":\"https:\\\/\\\/sergiolapegue.com\\\/site\\\/2024\\\/01\\\/04\\\/bronquiolitis-nueva-vacuna-para-personas-gestantes\\\/\"},\"wordCount\":565,\"publisher\":{\"@id\":\"https:\\\/\\\/sergiolapegue.com\\\/site\\\/#\\\/schema\\\/person\\\/083aeceeb0734cd166779ea6c0551a37\"},\"image\":{\"@id\":\"https:\\\/\\\/sergiolapegue.com\\\/site\\\/2024\\\/01\\\/04\\\/bronquiolitis-nueva-vacuna-para-personas-gestantes\\\/#primaryimage\"},\"thumbnailUrl\":\"https:\\\/\\\/sergiolapegue.com\\\/site\\\/wp-content\\\/uploads\\\/2024\\\/01\\\/Bronquiolitis-nueva-vacuna02.jpg\",\"keywords\":[\"bronquiolitis\",\"enfermedad\",\"gestante\",\"persona\",\"vacuna\",\"virus\"],\"articleSection\":[\"Actualidad\",\"Salud\"],\"inLanguage\":\"es-AR\"},{\"@type\":\"WebPage\",\"@id\":\"https:\\\/\\\/sergiolapegue.com\\\/site\\\/2024\\\/01\\\/04\\\/bronquiolitis-nueva-vacuna-para-personas-gestantes\\\/\",\"url\":\"https:\\\/\\\/sergiolapegue.com\\\/site\\\/2024\\\/01\\\/04\\\/bronquiolitis-nueva-vacuna-para-personas-gestantes\\\/\",\"name\":\"Bronquiolitis: nueva vacuna para personas gestantes - Sergio Lapegue\",\"isPartOf\":{\"@id\":\"https:\\\/\\\/sergiolapegue.com\\\/site\\\/#website\"},\"primaryImageOfPage\":{\"@id\":\"https:\\\/\\\/sergiolapegue.com\\\/site\\\/2024\\\/01\\\/04\\\/bronquiolitis-nueva-vacuna-para-personas-gestantes\\\/#primaryimage\"},\"image\":{\"@id\":\"https:\\\/\\\/sergiolapegue.com\\\/site\\\/2024\\\/01\\\/04\\\/bronquiolitis-nueva-vacuna-para-personas-gestantes\\\/#primaryimage\"},\"thumbnailUrl\":\"https:\\\/\\\/sergiolapegue.com\\\/site\\\/wp-content\\\/uploads\\\/2024\\\/01\\\/Bronquiolitis-nueva-vacuna02.jpg\",\"datePublished\":\"2024-01-04T12:24:29+00:00\",\"breadcrumb\":{\"@id\":\"https:\\\/\\\/sergiolapegue.com\\\/site\\\/2024\\\/01\\\/04\\\/bronquiolitis-nueva-vacuna-para-personas-gestantes\\\/#breadcrumb\"},\"inLanguage\":\"es-AR\",\"potentialAction\":[{\"@type\":\"ReadAction\",\"target\":[\"https:\\\/\\\/sergiolapegue.com\\\/site\\\/2024\\\/01\\\/04\\\/bronquiolitis-nueva-vacuna-para-personas-gestantes\\\/\"]}]},{\"@type\":\"ImageObject\",\"inLanguage\":\"es-AR\",\"@id\":\"https:\\\/\\\/sergiolapegue.com\\\/site\\\/2024\\\/01\\\/04\\\/bronquiolitis-nueva-vacuna-para-personas-gestantes\\\/#primaryimage\",\"url\":\"https:\\\/\\\/sergiolapegue.com\\\/site\\\/wp-content\\\/uploads\\\/2024\\\/01\\\/Bronquiolitis-nueva-vacuna02.jpg\",\"contentUrl\":\"https:\\\/\\\/sergiolapegue.com\\\/site\\\/wp-content\\\/uploads\\\/2024\\\/01\\\/Bronquiolitis-nueva-vacuna02.jpg\",\"width\":1000,\"height\":563},{\"@type\":\"BreadcrumbList\",\"@id\":\"https:\\\/\\\/sergiolapegue.com\\\/site\\\/2024\\\/01\\\/04\\\/bronquiolitis-nueva-vacuna-para-personas-gestantes\\\/#breadcrumb\",\"itemListElement\":[{\"@type\":\"ListItem\",\"position\":1,\"name\":\"Inicio\",\"item\":\"https:\\\/\\\/sergiolapegue.com\\\/site\\\/\"},{\"@type\":\"ListItem\",\"position\":2,\"name\":\"Bronquiolitis: nueva vacuna para personas gestantes\"}]},{\"@type\":\"WebSite\",\"@id\":\"https:\\\/\\\/sergiolapegue.com\\\/site\\\/#website\",\"url\":\"https:\\\/\\\/sergiolapegue.com\\\/site\\\/\",\"name\":\"Sergio Lapegue\",\"description\":\"Periodista\",\"publisher\":{\"@id\":\"https:\\\/\\\/sergiolapegue.com\\\/site\\\/#\\\/schema\\\/person\\\/083aeceeb0734cd166779ea6c0551a37\"},\"potentialAction\":[{\"@type\":\"SearchAction\",\"target\":{\"@type\":\"EntryPoint\",\"urlTemplate\":\"https:\\\/\\\/sergiolapegue.com\\\/site\\\/?s={search_term_string}\"},\"query-input\":{\"@type\":\"PropertyValueSpecification\",\"valueRequired\":true,\"valueName\":\"search_term_string\"}}],\"inLanguage\":\"es-AR\"},{\"@type\":[\"Person\",\"Organization\"],\"@id\":\"https:\\\/\\\/sergiolapegue.com\\\/site\\\/#\\\/schema\\\/person\\\/083aeceeb0734cd166779ea6c0551a37\",\"name\":\"Sergio Lapegue\",\"image\":{\"@type\":\"ImageObject\",\"inLanguage\":\"es-AR\",\"@id\":\"https:\\\/\\\/sergiolapegue.com\\\/site\\\/wp-content\\\/uploads\\\/2021\\\/04\\\/logo_header-1.png\",\"url\":\"https:\\\/\\\/sergiolapegue.com\\\/site\\\/wp-content\\\/uploads\\\/2021\\\/04\\\/logo_header-1.png\",\"contentUrl\":\"https:\\\/\\\/sergiolapegue.com\\\/site\\\/wp-content\\\/uploads\\\/2021\\\/04\\\/logo_header-1.png\",\"width\":272,\"height\":90,\"caption\":\"Sergio Lapegue\"},\"logo\":{\"@id\":\"https:\\\/\\\/sergiolapegue.com\\\/site\\\/wp-content\\\/uploads\\\/2021\\\/04\\\/logo_header-1.png\"},\"sameAs\":[\"https:\\\/\\\/facebook.com\\\/sergiolapegue\",\"https:\\\/\\\/instagram.com\\\/sergiolapegue\",\"https:\\\/\\\/x.com\\\/https:\\\/\\\/twitter.com\\\/sergiolapegue\"]},{\"@type\":\"Person\",\"@id\":\"https:\\\/\\\/sergiolapegue.com\\\/site\\\/#\\\/schema\\\/person\\\/00adf937d010c7f79a180dc4916a40e0\",\"name\":\"Leonardo Monta\u00f1a\",\"image\":{\"@type\":\"ImageObject\",\"inLanguage\":\"es-AR\",\"@id\":\"https:\\\/\\\/sergiolapegue.com\\\/site\\\/wp-content\\\/uploads\\\/2021\\\/04\\\/sl_avatar_Leonardo-150x150.jpg\",\"url\":\"https:\\\/\\\/sergiolapegue.com\\\/site\\\/wp-content\\\/uploads\\\/2021\\\/04\\\/sl_avatar_Leonardo-150x150.jpg\",\"contentUrl\":\"https:\\\/\\\/sergiolapegue.com\\\/site\\\/wp-content\\\/uploads\\\/2021\\\/04\\\/sl_avatar_Leonardo-150x150.jpg\",\"caption\":\"Leonardo Monta\u00f1a\"},\"sameAs\":[\"https:\\\/\\\/x.com\\\/https:\\\/\\\/twitter.com\\\/soytoto81\"],\"url\":\"https:\\\/\\\/sergiolapegue.com\\\/site\\\/author\\\/leonardo\\\/\"}]}<\/script>\n<!-- \/ Yoast SEO plugin. -->","yoast_head_json":{"title":"Bronquiolitis: nueva vacuna para personas gestantes - Sergio Lapegue","robots":{"index":"index","follow":"follow","max-snippet":"max-snippet:-1","max-image-preview":"max-image-preview:large","max-video-preview":"max-video-preview:-1"},"canonical":"https:\/\/sergiolapegue.com\/site\/2024\/01\/04\/bronquiolitis-nueva-vacuna-para-personas-gestantes\/","og_locale":"es_ES","og_type":"article","og_title":"Bronquiolitis: nueva vacuna para personas gestantes - Sergio Lapegue","og_description":"El virus sincitial respiratorio (VSR) es una enfermedad frecuente que afecta las v\u00edas respiratorias, incluyendo la nariz, la garganta y los pulmones. En ni\u00f1os mayores y adolescentes, el VSR puede manifestarse de manera leve, provocando s\u00edntomas similares a los del resfriado. Sin embargo, en beb\u00e9s y ni\u00f1os menores de 5 a\u00f1os, aunque la enfermedad puede [&hellip;]","og_url":"https:\/\/sergiolapegue.com\/site\/2024\/01\/04\/bronquiolitis-nueva-vacuna-para-personas-gestantes\/","og_site_name":"Sergio Lapegue","article_publisher":"https:\/\/facebook.com\/sergiolapegue","article_published_time":"2024-01-04T12:24:29+00:00","og_image":[{"width":1000,"height":563,"url":"https:\/\/sergiolapegue.com\/site\/wp-content\/uploads\/2024\/01\/Bronquiolitis-nueva-vacuna02.jpg","type":"image\/jpeg"}],"author":"Leonardo Monta\u00f1a","twitter_card":"summary_large_image","twitter_creator":"@https:\/\/twitter.com\/soytoto81","twitter_site":"@sergiolapegue","twitter_misc":{"Escrito por":"Leonardo Monta\u00f1a","Tiempo de lectura":"3 minutos"},"schema":{"@context":"https:\/\/schema.org","@graph":[{"@type":"Article","@id":"https:\/\/sergiolapegue.com\/site\/2024\/01\/04\/bronquiolitis-nueva-vacuna-para-personas-gestantes\/#article","isPartOf":{"@id":"https:\/\/sergiolapegue.com\/site\/2024\/01\/04\/bronquiolitis-nueva-vacuna-para-personas-gestantes\/"},"author":{"name":"Leonardo Monta\u00f1a","@id":"https:\/\/sergiolapegue.com\/site\/#\/schema\/person\/00adf937d010c7f79a180dc4916a40e0"},"headline":"Bronquiolitis: nueva vacuna para personas gestantes","datePublished":"2024-01-04T12:24:29+00:00","mainEntityOfPage":{"@id":"https:\/\/sergiolapegue.com\/site\/2024\/01\/04\/bronquiolitis-nueva-vacuna-para-personas-gestantes\/"},"wordCount":565,"publisher":{"@id":"https:\/\/sergiolapegue.com\/site\/#\/schema\/person\/083aeceeb0734cd166779ea6c0551a37"},"image":{"@id":"https:\/\/sergiolapegue.com\/site\/2024\/01\/04\/bronquiolitis-nueva-vacuna-para-personas-gestantes\/#primaryimage"},"thumbnailUrl":"https:\/\/sergiolapegue.com\/site\/wp-content\/uploads\/2024\/01\/Bronquiolitis-nueva-vacuna02.jpg","keywords":["bronquiolitis","enfermedad","gestante","persona","vacuna","virus"],"articleSection":["Actualidad","Salud"],"inLanguage":"es-AR"},{"@type":"WebPage","@id":"https:\/\/sergiolapegue.com\/site\/2024\/01\/04\/bronquiolitis-nueva-vacuna-para-personas-gestantes\/","url":"https:\/\/sergiolapegue.com\/site\/2024\/01\/04\/bronquiolitis-nueva-vacuna-para-personas-gestantes\/","name":"Bronquiolitis: nueva vacuna para personas gestantes - Sergio Lapegue","isPartOf":{"@id":"https:\/\/sergiolapegue.com\/site\/#website"},"primaryImageOfPage":{"@id":"https:\/\/sergiolapegue.com\/site\/2024\/01\/04\/bronquiolitis-nueva-vacuna-para-personas-gestantes\/#primaryimage"},"image":{"@id":"https:\/\/sergiolapegue.com\/site\/2024\/01\/04\/bronquiolitis-nueva-vacuna-para-personas-gestantes\/#primaryimage"},"thumbnailUrl":"https:\/\/sergiolapegue.com\/site\/wp-content\/uploads\/2024\/01\/Bronquiolitis-nueva-vacuna02.jpg","datePublished":"2024-01-04T12:24:29+00:00","breadcrumb":{"@id":"https:\/\/sergiolapegue.com\/site\/2024\/01\/04\/bronquiolitis-nueva-vacuna-para-personas-gestantes\/#breadcrumb"},"inLanguage":"es-AR","potentialAction":[{"@type":"ReadAction","target":["https:\/\/sergiolapegue.com\/site\/2024\/01\/04\/bronquiolitis-nueva-vacuna-para-personas-gestantes\/"]}]},{"@type":"ImageObject","inLanguage":"es-AR","@id":"https:\/\/sergiolapegue.com\/site\/2024\/01\/04\/bronquiolitis-nueva-vacuna-para-personas-gestantes\/#primaryimage","url":"https:\/\/sergiolapegue.com\/site\/wp-content\/uploads\/2024\/01\/Bronquiolitis-nueva-vacuna02.jpg","contentUrl":"https:\/\/sergiolapegue.com\/site\/wp-content\/uploads\/2024\/01\/Bronquiolitis-nueva-vacuna02.jpg","width":1000,"height":563},{"@type":"BreadcrumbList","@id":"https:\/\/sergiolapegue.com\/site\/2024\/01\/04\/bronquiolitis-nueva-vacuna-para-personas-gestantes\/#breadcrumb","itemListElement":[{"@type":"ListItem","position":1,"name":"Inicio","item":"https:\/\/sergiolapegue.com\/site\/"},{"@type":"ListItem","position":2,"name":"Bronquiolitis: nueva vacuna para personas gestantes"}]},{"@type":"WebSite","@id":"https:\/\/sergiolapegue.com\/site\/#website","url":"https:\/\/sergiolapegue.com\/site\/","name":"Sergio Lapegue","description":"Periodista","publisher":{"@id":"https:\/\/sergiolapegue.com\/site\/#\/schema\/person\/083aeceeb0734cd166779ea6c0551a37"},"potentialAction":[{"@type":"SearchAction","target":{"@type":"EntryPoint","urlTemplate":"https:\/\/sergiolapegue.com\/site\/?s={search_term_string}"},"query-input":{"@type":"PropertyValueSpecification","valueRequired":true,"valueName":"search_term_string"}}],"inLanguage":"es-AR"},{"@type":["Person","Organization"],"@id":"https:\/\/sergiolapegue.com\/site\/#\/schema\/person\/083aeceeb0734cd166779ea6c0551a37","name":"Sergio Lapegue","image":{"@type":"ImageObject","inLanguage":"es-AR","@id":"https:\/\/sergiolapegue.com\/site\/wp-content\/uploads\/2021\/04\/logo_header-1.png","url":"https:\/\/sergiolapegue.com\/site\/wp-content\/uploads\/2021\/04\/logo_header-1.png","contentUrl":"https:\/\/sergiolapegue.com\/site\/wp-content\/uploads\/2021\/04\/logo_header-1.png","width":272,"height":90,"caption":"Sergio Lapegue"},"logo":{"@id":"https:\/\/sergiolapegue.com\/site\/wp-content\/uploads\/2021\/04\/logo_header-1.png"},"sameAs":["https:\/\/facebook.com\/sergiolapegue","https:\/\/instagram.com\/sergiolapegue","https:\/\/x.com\/https:\/\/twitter.com\/sergiolapegue"]},{"@type":"Person","@id":"https:\/\/sergiolapegue.com\/site\/#\/schema\/person\/00adf937d010c7f79a180dc4916a40e0","name":"Leonardo Monta\u00f1a","image":{"@type":"ImageObject","inLanguage":"es-AR","@id":"https:\/\/sergiolapegue.com\/site\/wp-content\/uploads\/2021\/04\/sl_avatar_Leonardo-150x150.jpg","url":"https:\/\/sergiolapegue.com\/site\/wp-content\/uploads\/2021\/04\/sl_avatar_Leonardo-150x150.jpg","contentUrl":"https:\/\/sergiolapegue.com\/site\/wp-content\/uploads\/2021\/04\/sl_avatar_Leonardo-150x150.jpg","caption":"Leonardo Monta\u00f1a"},"sameAs":["https:\/\/x.com\/https:\/\/twitter.com\/soytoto81"],"url":"https:\/\/sergiolapegue.com\/site\/author\/leonardo\/"}]}},"_links":{"self":[{"href":"https:\/\/sergiolapegue.com\/site\/wp-json\/wp\/v2\/posts\/12708","targetHints":{"allow":["GET"]}}],"collection":[{"href":"https:\/\/sergiolapegue.com\/site\/wp-json\/wp\/v2\/posts"}],"about":[{"href":"https:\/\/sergiolapegue.com\/site\/wp-json\/wp\/v2\/types\/post"}],"author":[{"embeddable":true,"href":"https:\/\/sergiolapegue.com\/site\/wp-json\/wp\/v2\/users\/4"}],"replies":[{"embeddable":true,"href":"https:\/\/sergiolapegue.com\/site\/wp-json\/wp\/v2\/comments?post=12708"}],"version-history":[{"count":1,"href":"https:\/\/sergiolapegue.com\/site\/wp-json\/wp\/v2\/posts\/12708\/revisions"}],"predecessor-version":[{"id":12712,"href":"https:\/\/sergiolapegue.com\/site\/wp-json\/wp\/v2\/posts\/12708\/revisions\/12712"}],"wp:featuredmedia":[{"embeddable":true,"href":"https:\/\/sergiolapegue.com\/site\/wp-json\/wp\/v2\/media\/12711"}],"wp:attachment":[{"href":"https:\/\/sergiolapegue.com\/site\/wp-json\/wp\/v2\/media?parent=12708"}],"wp:term":[{"taxonomy":"category","embeddable":true,"href":"https:\/\/sergiolapegue.com\/site\/wp-json\/wp\/v2\/categories?post=12708"},{"taxonomy":"post_tag","embeddable":true,"href":"https:\/\/sergiolapegue.com\/site\/wp-json\/wp\/v2\/tags?post=12708"}],"curies":[{"name":"wp","href":"https:\/\/api.w.org\/{rel}","templated":true}]}}