{"id":12157,"date":"2023-11-21T12:33:51","date_gmt":"2023-11-21T15:33:51","guid":{"rendered":"https:\/\/sergiolapegue.com\/site\/?p=12157"},"modified":"2023-11-21T12:33:52","modified_gmt":"2023-11-21T15:33:52","slug":"la-historia-detras-del-monumento-al-general-san-martin-en-la-grigera","status":"publish","type":"post","link":"https:\/\/sergiolapegue.com\/site\/2023\/11\/21\/la-historia-detras-del-monumento-al-general-san-martin-en-la-grigera\/","title":{"rendered":"La historia detr\u00e1s del monumento al general San Mart\u00edn en la Grigera"},"content":{"rendered":"\n<p>Me arriesgo a decir que<a href=\"https:\/\/launion.com.ar\/nota\/33324\/2023\/11\/unos-10-mil-chicos-disfrutan-cada-semana-del-carrousel-de-lomas\" target=\"_blank\" rel=\"noreferrer noopener\">&nbsp;todos los lomenses han pasado, al menos alguna vez, por la&nbsp;<\/a><strong><a href=\"https:\/\/launion.com.ar\/nota\/33324\/2023\/11\/unos-10-mil-chicos-disfrutan-cada-semana-del-carrousel-de-lomas\" target=\"_blank\" rel=\"noreferrer noopener\">Plaza Grigera<\/a><\/strong><a href=\"https:\/\/launion.com.ar\/nota\/33324\/2023\/11\/unos-10-mil-chicos-disfrutan-cada-semana-del-carrousel-de-lomas\" target=\"_blank\" rel=\"noreferrer noopener\">.&nbsp;<\/a>C\u00f3mo no haberlo hecho, si alrededor suyo est\u00e1n tres de los lugares m\u00e1s visitados del partido: la Municipalidad, la Catedral y la avenida Hip\u00f3lito Yrigoyen. Se trata del espacio p\u00fablico de<strong>&nbsp;Lomas de Zamora&nbsp;<\/strong>por excelencia&#8230; una suerte de \u00e1gora, aquel lugar abierto para la reuni\u00f3n, el debate y el comercio en la Antigua Grecia, pero anclado en la actualidad.&nbsp;&nbsp;<\/p>\n\n\n\n<p><a href=\"https:\/\/launion.com.ar\/nota\/33306\/2023\/11\/hicieron-un-festival-en-lomas-para-defender-la-educacion-publica\" target=\"_blank\" rel=\"noreferrer noopener\">La&nbsp;<\/a><strong><a href=\"https:\/\/launion.com.ar\/nota\/33306\/2023\/11\/hicieron-un-festival-en-lomas-para-defender-la-educacion-publica\" target=\"_blank\" rel=\"noreferrer noopener\">Plaza Grigera<\/a><\/strong><a href=\"https:\/\/launion.com.ar\/nota\/33306\/2023\/11\/hicieron-un-festival-en-lomas-para-defender-la-educacion-publica\" target=\"_blank\" rel=\"noreferrer noopener\">&nbsp;fue desde sus inicios un paseo destacado,&nbsp;<\/a>casi obligado para los vecinos de la zona. Quiz\u00e1s hoy no parezca tan importante, pero all\u00e1 hacia fines del siglo XIX, cuando nuestro partido empezaba a nacer, era fundamental para la vida social local. Es que a su alrededor se afincaron las instituciones b\u00e1sicas y referenciales de cualquier pueblo,&nbsp;<a href=\"https:\/\/launion.com.ar\/nota\/33370\/2023\/11\/la-diocesis-de-lomas-rezo-por-la-patria-en-la-previa-del-balotaje\" target=\"_blank\" rel=\"noreferrer noopener\">como la iglesia,<\/a>&nbsp;la escuela y la casa de gobierno.&nbsp;&nbsp;<\/p>\n\n\n\n<p>La plaza se hizo en un predio que hab\u00eda sido donado por Victorio Grigera en 1860 y lleva su nombre desde 1899. Fueron numerosas las iniciativas de construir all\u00ed monumentos de car\u00e1cter patri\u00f3tico, aleg\u00f3rico u ornamental. As\u00ed, en 1906, se proyect\u00f3 levantar un monumento referido a la Revoluci\u00f3n de Mayo y, en 1936, un monumento a la Paz. El primero de los dos prop\u00f3sitos reci\u00e9n se pudo concretar en agosto de 1942, cuando el concejal lomense Venancio Minondo present\u00f3 ante el Concejo Deliberante un proyecto referido a la erecci\u00f3n de una estatua en memoria del general Jos\u00e9 de San Mart\u00edn.<\/p>\n\n\n\n<p>Tras formarse una comisi\u00f3n para la construcci\u00f3n de la misma, se comenzaron a recolectar fondos. Una de las modalidades elegidas fue la venta de estampillas especiales. Se junt\u00f3 el dinero necesario y la piedra fundamental fue colocada el 17 de agosto de 1944. Dos a\u00f1os despu\u00e9s fue plantado en la plaza, a pocos metros de la estatua, un reto\u00f1o de un pino de San Lorenzo. Y finalmente, el 20 de octubre de 1946, en un multitudinario acto con la asistencia de autoridades locales y provinciales, qued\u00f3 inaugurado el conjunto de grandes proporciones.<\/p>\n\n\n\n<p>El monumento con el que pueblo de&nbsp;<strong>Lomas de Zamora<\/strong>&nbsp;honra la memoria del&nbsp;<strong>Libertador de Am\u00e9rica<\/strong>&nbsp;consta hoy de un pedestal y una estatua ecuestre. Esta \u00faltima (original, \u00fanica en el pa\u00eds) tiene una altura de 4,50 metros y est\u00e1 fundida en bronce. La altura total de la obra es de 11 metros. Es realmente imponente.&nbsp;<\/p>\n\n\n\n<p>Este peque\u00f1o resumen es mi humilde homenaje al hermoso monumento de nuestro Libertador. Creo que conocer y preservar nuestra cultura local es algo fundamental para el futuro. As\u00ed se forjan las peque\u00f1as y grandes historias de los pueblos. Quiz\u00e1s muchos vecinos pasen todos los d\u00edas frente a estos lugares hist\u00f3ricos y no conocen c\u00f3mo surgieron. Hoy, con la plaza totalmente renovada, la estatua de San Mart\u00edn sigue teniendo un lugar preponderante. Hasta la semana que viene.\u00a0<\/p>\n\n\n\n<p><strong><em><a href=\"https:\/\/launion.com.ar\/nota\/33386\/2023\/11\/la-historia-detras-del-monumento-al-general-san-martin-en-la-grigera\" target=\"_blank\" rel=\"noreferrer noopener\">Art\u00edculo publicado en el diario La Uni\u00f3n.-<\/a><\/em><\/strong><\/p>\n","protected":false},"excerpt":{"rendered":"<p>Me arriesgo a decir que&nbsp;todos los lomenses han pasado, al menos alguna vez, por la&nbsp;Plaza Grigera.&nbsp;C\u00f3mo no haberlo hecho, si alrededor suyo est\u00e1n tres de los lugares m\u00e1s visitados del partido: la Municipalidad, la Catedral y la avenida Hip\u00f3lito Yrigoyen. Se trata del espacio p\u00fablico de&nbsp;Lomas de Zamora&nbsp;por excelencia&#8230; una suerte de \u00e1gora, aquel lugar [&hellip;]<\/p>\n","protected":false},"author":6,"featured_media":0,"comment_status":"closed","ping_status":"closed","sticky":false,"template":"","format":"standard","meta":{"footnotes":""},"categories":[1276],"tags":[1323,1277,3036],"class_list":{"0":"post-12157","1":"post","2":"type-post","3":"status-publish","4":"format-standard","6":"category-de-puno-y-letra-lomas-de-zamora","7":"tag-la-union","8":"tag-lomas-de-zamora","9":"tag-plaza-grigera"},"yoast_head":"<!-- This site is optimized with the Yoast SEO plugin v27.5 - https:\/\/yoast.com\/product\/yoast-seo-wordpress\/ -->\n<title>La historia detr\u00e1s del monumento al general San Mart\u00edn en la Grigera - Sergio Lapegue<\/title>\n<meta name=\"description\" content=\"En este d\u00eda tan especial para los argentinos, un repaso por el principal homenaje que tiene el Libertador de Am\u00e9rica en Lomas de Zamora.\" \/>\n<meta name=\"robots\" content=\"index, follow, max-snippet:-1, max-image-preview:large, max-video-preview:-1\" \/>\n<link rel=\"canonical\" href=\"https:\/\/sergiolapegue.com\/site\/2023\/11\/21\/la-historia-detras-del-monumento-al-general-san-martin-en-la-grigera\/\" \/>\n<meta property=\"og:locale\" content=\"es_ES\" \/>\n<meta property=\"og:type\" content=\"article\" \/>\n<meta property=\"og:title\" content=\"La historia detr\u00e1s del monumento al general San Mart\u00edn en la Grigera - Sergio Lapegue\" \/>\n<meta property=\"og:description\" content=\"En este d\u00eda tan especial para los argentinos, un repaso por el principal homenaje que tiene el Libertador de Am\u00e9rica en Lomas de Zamora.\" \/>\n<meta property=\"og:url\" content=\"https:\/\/sergiolapegue.com\/site\/2023\/11\/21\/la-historia-detras-del-monumento-al-general-san-martin-en-la-grigera\/\" \/>\n<meta property=\"og:site_name\" content=\"Sergio Lapegue\" \/>\n<meta property=\"article:publisher\" content=\"https:\/\/facebook.com\/sergiolapegue\" \/>\n<meta property=\"article:author\" content=\"https:\/\/facebook.com\/sergiolapegue\" \/>\n<meta property=\"article:published_time\" content=\"2023-11-21T15:33:51+00:00\" \/>\n<meta property=\"article:modified_time\" content=\"2023-11-21T15:33:52+00:00\" \/>\n<meta property=\"og:image\" content=\"https:\/\/sergiolapegue.com\/site\/wp-content\/uploads\/2023\/11\/184965.webp\" \/>\n\t<meta property=\"og:image:width\" content=\"1000\" \/>\n\t<meta property=\"og:image:height\" content=\"525\" \/>\n\t<meta property=\"og:image:type\" content=\"image\/webp\" \/>\n<meta name=\"author\" content=\"Sergio Lapegue\" \/>\n<meta name=\"twitter:card\" content=\"summary_large_image\" \/>\n<meta name=\"twitter:creator\" content=\"@https:\/\/twitter.com\/sergiolapegue\" \/>\n<meta name=\"twitter:site\" content=\"@sergiolapegue\" \/>\n<meta name=\"twitter:label1\" content=\"Escrito por\" \/>\n\t<meta name=\"twitter:data1\" content=\"Sergio Lapegue\" \/>\n\t<meta name=\"twitter:label2\" content=\"Tiempo de lectura\" \/>\n\t<meta name=\"twitter:data2\" content=\"3 minutos\" \/>\n<script type=\"application\/ld+json\" class=\"yoast-schema-graph\">{\"@context\":\"https:\\\/\\\/schema.org\",\"@graph\":[{\"@type\":\"Article\",\"@id\":\"https:\\\/\\\/sergiolapegue.com\\\/site\\\/2023\\\/11\\\/21\\\/la-historia-detras-del-monumento-al-general-san-martin-en-la-grigera\\\/#article\",\"isPartOf\":{\"@id\":\"https:\\\/\\\/sergiolapegue.com\\\/site\\\/2023\\\/11\\\/21\\\/la-historia-detras-del-monumento-al-general-san-martin-en-la-grigera\\\/\"},\"author\":{\"name\":\"Sergio Lapegue\",\"@id\":\"https:\\\/\\\/sergiolapegue.com\\\/site\\\/#\\\/schema\\\/person\\\/083aeceeb0734cd166779ea6c0551a37\"},\"headline\":\"La historia detr\u00e1s del monumento al general San Mart\u00edn en la Grigera\",\"datePublished\":\"2023-11-21T15:33:51+00:00\",\"dateModified\":\"2023-11-21T15:33:52+00:00\",\"mainEntityOfPage\":{\"@id\":\"https:\\\/\\\/sergiolapegue.com\\\/site\\\/2023\\\/11\\\/21\\\/la-historia-detras-del-monumento-al-general-san-martin-en-la-grigera\\\/\"},\"wordCount\":534,\"publisher\":{\"@id\":\"https:\\\/\\\/sergiolapegue.com\\\/site\\\/#\\\/schema\\\/person\\\/083aeceeb0734cd166779ea6c0551a37\"},\"keywords\":[\"La Uni\u00f3n\",\"Lomas de Zamora\",\"Plaza Grigera\"],\"articleSection\":[\"De Pu\u00f1o y Letra Lomas de Zamora\"],\"inLanguage\":\"es-AR\"},{\"@type\":\"WebPage\",\"@id\":\"https:\\\/\\\/sergiolapegue.com\\\/site\\\/2023\\\/11\\\/21\\\/la-historia-detras-del-monumento-al-general-san-martin-en-la-grigera\\\/\",\"url\":\"https:\\\/\\\/sergiolapegue.com\\\/site\\\/2023\\\/11\\\/21\\\/la-historia-detras-del-monumento-al-general-san-martin-en-la-grigera\\\/\",\"name\":\"La historia detr\u00e1s del monumento al general San Mart\u00edn en la Grigera - Sergio Lapegue\",\"isPartOf\":{\"@id\":\"https:\\\/\\\/sergiolapegue.com\\\/site\\\/#website\"},\"datePublished\":\"2023-11-21T15:33:51+00:00\",\"dateModified\":\"2023-11-21T15:33:52+00:00\",\"description\":\"En este d\u00eda tan especial para los argentinos, un repaso por el principal homenaje que tiene el Libertador de Am\u00e9rica en Lomas de Zamora.\",\"breadcrumb\":{\"@id\":\"https:\\\/\\\/sergiolapegue.com\\\/site\\\/2023\\\/11\\\/21\\\/la-historia-detras-del-monumento-al-general-san-martin-en-la-grigera\\\/#breadcrumb\"},\"inLanguage\":\"es-AR\",\"potentialAction\":[{\"@type\":\"ReadAction\",\"target\":[\"https:\\\/\\\/sergiolapegue.com\\\/site\\\/2023\\\/11\\\/21\\\/la-historia-detras-del-monumento-al-general-san-martin-en-la-grigera\\\/\"]}]},{\"@type\":\"BreadcrumbList\",\"@id\":\"https:\\\/\\\/sergiolapegue.com\\\/site\\\/2023\\\/11\\\/21\\\/la-historia-detras-del-monumento-al-general-san-martin-en-la-grigera\\\/#breadcrumb\",\"itemListElement\":[{\"@type\":\"ListItem\",\"position\":1,\"name\":\"Inicio\",\"item\":\"https:\\\/\\\/sergiolapegue.com\\\/site\\\/\"},{\"@type\":\"ListItem\",\"position\":2,\"name\":\"La historia detr\u00e1s del monumento al general San Mart\u00edn en la Grigera\"}]},{\"@type\":\"WebSite\",\"@id\":\"https:\\\/\\\/sergiolapegue.com\\\/site\\\/#website\",\"url\":\"https:\\\/\\\/sergiolapegue.com\\\/site\\\/\",\"name\":\"Sergio Lapegue\",\"description\":\"Periodista\",\"publisher\":{\"@id\":\"https:\\\/\\\/sergiolapegue.com\\\/site\\\/#\\\/schema\\\/person\\\/083aeceeb0734cd166779ea6c0551a37\"},\"potentialAction\":[{\"@type\":\"SearchAction\",\"target\":{\"@type\":\"EntryPoint\",\"urlTemplate\":\"https:\\\/\\\/sergiolapegue.com\\\/site\\\/?s={search_term_string}\"},\"query-input\":{\"@type\":\"PropertyValueSpecification\",\"valueRequired\":true,\"valueName\":\"search_term_string\"}}],\"inLanguage\":\"es-AR\"},{\"@type\":[\"Person\",\"Organization\"],\"@id\":\"https:\\\/\\\/sergiolapegue.com\\\/site\\\/#\\\/schema\\\/person\\\/083aeceeb0734cd166779ea6c0551a37\",\"name\":\"Sergio Lapegue\",\"image\":{\"@type\":\"ImageObject\",\"inLanguage\":\"es-AR\",\"@id\":\"https:\\\/\\\/sergiolapegue.com\\\/site\\\/wp-content\\\/uploads\\\/2021\\\/04\\\/logo_header-1.png\",\"url\":\"https:\\\/\\\/sergiolapegue.com\\\/site\\\/wp-content\\\/uploads\\\/2021\\\/04\\\/logo_header-1.png\",\"contentUrl\":\"https:\\\/\\\/sergiolapegue.com\\\/site\\\/wp-content\\\/uploads\\\/2021\\\/04\\\/logo_header-1.png\",\"width\":272,\"height\":90,\"caption\":\"Sergio Lapegue\"},\"logo\":{\"@id\":\"https:\\\/\\\/sergiolapegue.com\\\/site\\\/wp-content\\\/uploads\\\/2021\\\/04\\\/logo_header-1.png\"},\"sameAs\":[\"https:\\\/\\\/facebook.com\\\/sergiolapegue\",\"https:\\\/\\\/instagram.com\\\/sergiolapegue\",\"https:\\\/\\\/x.com\\\/https:\\\/\\\/twitter.com\\\/sergiolapegue\"],\"url\":\"https:\\\/\\\/sergiolapegue.com\\\/site\\\/author\\\/sergio\\\/\"}]}<\/script>\n<!-- \/ Yoast SEO plugin. -->","yoast_head_json":{"title":"La historia detr\u00e1s del monumento al general San Mart\u00edn en la Grigera - Sergio Lapegue","description":"En este d\u00eda tan especial para los argentinos, un repaso por el principal homenaje que tiene el Libertador de Am\u00e9rica en Lomas de Zamora.","robots":{"index":"index","follow":"follow","max-snippet":"max-snippet:-1","max-image-preview":"max-image-preview:large","max-video-preview":"max-video-preview:-1"},"canonical":"https:\/\/sergiolapegue.com\/site\/2023\/11\/21\/la-historia-detras-del-monumento-al-general-san-martin-en-la-grigera\/","og_locale":"es_ES","og_type":"article","og_title":"La historia detr\u00e1s del monumento al general San Mart\u00edn en la Grigera - Sergio Lapegue","og_description":"En este d\u00eda tan especial para los argentinos, un repaso por el principal homenaje que tiene el Libertador de Am\u00e9rica en Lomas de Zamora.","og_url":"https:\/\/sergiolapegue.com\/site\/2023\/11\/21\/la-historia-detras-del-monumento-al-general-san-martin-en-la-grigera\/","og_site_name":"Sergio Lapegue","article_publisher":"https:\/\/facebook.com\/sergiolapegue","article_author":"https:\/\/facebook.com\/sergiolapegue","article_published_time":"2023-11-21T15:33:51+00:00","article_modified_time":"2023-11-21T15:33:52+00:00","og_image":[{"width":1000,"height":525,"url":"https:\/\/sergiolapegue.com\/site\/wp-content\/uploads\/2023\/11\/184965.webp","type":"image\/webp"}],"author":"Sergio Lapegue","twitter_card":"summary_large_image","twitter_creator":"@https:\/\/twitter.com\/sergiolapegue","twitter_site":"@sergiolapegue","twitter_misc":{"Escrito por":"Sergio Lapegue","Tiempo de lectura":"3 minutos"},"schema":{"@context":"https:\/\/schema.org","@graph":[{"@type":"Article","@id":"https:\/\/sergiolapegue.com\/site\/2023\/11\/21\/la-historia-detras-del-monumento-al-general-san-martin-en-la-grigera\/#article","isPartOf":{"@id":"https:\/\/sergiolapegue.com\/site\/2023\/11\/21\/la-historia-detras-del-monumento-al-general-san-martin-en-la-grigera\/"},"author":{"name":"Sergio Lapegue","@id":"https:\/\/sergiolapegue.com\/site\/#\/schema\/person\/083aeceeb0734cd166779ea6c0551a37"},"headline":"La historia detr\u00e1s del monumento al general San Mart\u00edn en la Grigera","datePublished":"2023-11-21T15:33:51+00:00","dateModified":"2023-11-21T15:33:52+00:00","mainEntityOfPage":{"@id":"https:\/\/sergiolapegue.com\/site\/2023\/11\/21\/la-historia-detras-del-monumento-al-general-san-martin-en-la-grigera\/"},"wordCount":534,"publisher":{"@id":"https:\/\/sergiolapegue.com\/site\/#\/schema\/person\/083aeceeb0734cd166779ea6c0551a37"},"keywords":["La Uni\u00f3n","Lomas de Zamora","Plaza Grigera"],"articleSection":["De Pu\u00f1o y Letra Lomas de Zamora"],"inLanguage":"es-AR"},{"@type":"WebPage","@id":"https:\/\/sergiolapegue.com\/site\/2023\/11\/21\/la-historia-detras-del-monumento-al-general-san-martin-en-la-grigera\/","url":"https:\/\/sergiolapegue.com\/site\/2023\/11\/21\/la-historia-detras-del-monumento-al-general-san-martin-en-la-grigera\/","name":"La historia detr\u00e1s del monumento al general San Mart\u00edn en la Grigera - Sergio Lapegue","isPartOf":{"@id":"https:\/\/sergiolapegue.com\/site\/#website"},"datePublished":"2023-11-21T15:33:51+00:00","dateModified":"2023-11-21T15:33:52+00:00","description":"En este d\u00eda tan especial para los argentinos, un repaso por el principal homenaje que tiene el Libertador de Am\u00e9rica en Lomas de Zamora.","breadcrumb":{"@id":"https:\/\/sergiolapegue.com\/site\/2023\/11\/21\/la-historia-detras-del-monumento-al-general-san-martin-en-la-grigera\/#breadcrumb"},"inLanguage":"es-AR","potentialAction":[{"@type":"ReadAction","target":["https:\/\/sergiolapegue.com\/site\/2023\/11\/21\/la-historia-detras-del-monumento-al-general-san-martin-en-la-grigera\/"]}]},{"@type":"BreadcrumbList","@id":"https:\/\/sergiolapegue.com\/site\/2023\/11\/21\/la-historia-detras-del-monumento-al-general-san-martin-en-la-grigera\/#breadcrumb","itemListElement":[{"@type":"ListItem","position":1,"name":"Inicio","item":"https:\/\/sergiolapegue.com\/site\/"},{"@type":"ListItem","position":2,"name":"La historia detr\u00e1s del monumento al general San Mart\u00edn en la Grigera"}]},{"@type":"WebSite","@id":"https:\/\/sergiolapegue.com\/site\/#website","url":"https:\/\/sergiolapegue.com\/site\/","name":"Sergio Lapegue","description":"Periodista","publisher":{"@id":"https:\/\/sergiolapegue.com\/site\/#\/schema\/person\/083aeceeb0734cd166779ea6c0551a37"},"potentialAction":[{"@type":"SearchAction","target":{"@type":"EntryPoint","urlTemplate":"https:\/\/sergiolapegue.com\/site\/?s={search_term_string}"},"query-input":{"@type":"PropertyValueSpecification","valueRequired":true,"valueName":"search_term_string"}}],"inLanguage":"es-AR"},{"@type":["Person","Organization"],"@id":"https:\/\/sergiolapegue.com\/site\/#\/schema\/person\/083aeceeb0734cd166779ea6c0551a37","name":"Sergio Lapegue","image":{"@type":"ImageObject","inLanguage":"es-AR","@id":"https:\/\/sergiolapegue.com\/site\/wp-content\/uploads\/2021\/04\/logo_header-1.png","url":"https:\/\/sergiolapegue.com\/site\/wp-content\/uploads\/2021\/04\/logo_header-1.png","contentUrl":"https:\/\/sergiolapegue.com\/site\/wp-content\/uploads\/2021\/04\/logo_header-1.png","width":272,"height":90,"caption":"Sergio Lapegue"},"logo":{"@id":"https:\/\/sergiolapegue.com\/site\/wp-content\/uploads\/2021\/04\/logo_header-1.png"},"sameAs":["https:\/\/facebook.com\/sergiolapegue","https:\/\/instagram.com\/sergiolapegue","https:\/\/x.com\/https:\/\/twitter.com\/sergiolapegue"],"url":"https:\/\/sergiolapegue.com\/site\/author\/sergio\/"}]}},"_links":{"self":[{"href":"https:\/\/sergiolapegue.com\/site\/wp-json\/wp\/v2\/posts\/12157","targetHints":{"allow":["GET"]}}],"collection":[{"href":"https:\/\/sergiolapegue.com\/site\/wp-json\/wp\/v2\/posts"}],"about":[{"href":"https:\/\/sergiolapegue.com\/site\/wp-json\/wp\/v2\/types\/post"}],"author":[{"embeddable":true,"href":"https:\/\/sergiolapegue.com\/site\/wp-json\/wp\/v2\/users\/6"}],"replies":[{"embeddable":true,"href":"https:\/\/sergiolapegue.com\/site\/wp-json\/wp\/v2\/comments?post=12157"}],"version-history":[{"count":1,"href":"https:\/\/sergiolapegue.com\/site\/wp-json\/wp\/v2\/posts\/12157\/revisions"}],"predecessor-version":[{"id":12159,"href":"https:\/\/sergiolapegue.com\/site\/wp-json\/wp\/v2\/posts\/12157\/revisions\/12159"}],"wp:attachment":[{"href":"https:\/\/sergiolapegue.com\/site\/wp-json\/wp\/v2\/media?parent=12157"}],"wp:term":[{"taxonomy":"category","embeddable":true,"href":"https:\/\/sergiolapegue.com\/site\/wp-json\/wp\/v2\/categories?post=12157"},{"taxonomy":"post_tag","embeddable":true,"href":"https:\/\/sergiolapegue.com\/site\/wp-json\/wp\/v2\/tags?post=12157"}],"curies":[{"name":"wp","href":"https:\/\/api.w.org\/{rel}","templated":true}]}}