{"id":11187,"date":"2023-09-21T15:33:59","date_gmt":"2023-09-21T18:33:59","guid":{"rendered":"https:\/\/sergiolapegue.com\/site\/?p=11187"},"modified":"2023-09-21T15:33:59","modified_gmt":"2023-09-21T18:33:59","slug":"toda-una-vida-de-pasion-por-el-periodismo","status":"publish","type":"post","link":"https:\/\/sergiolapegue.com\/site\/2023\/09\/21\/toda-una-vida-de-pasion-por-el-periodismo\/","title":{"rendered":"Toda una vida de pasi\u00f3n por el periodismo"},"content":{"rendered":"\n<p>Hace unos d\u00edas, el 14 de septiembre, se cumplieron <strong>36 a\u00f1os de mis inicios en el periodismo<\/strong>. Para los que no saben, mi debut fue en radio Am\u00e9rica, con un reportaje a Bernardo Neustadt. Me cit\u00f3 en su casa un domingo a las 8 de la ma\u00f1ana. Llegu\u00e9 sin dormir. Estaba nervioso, claro. La noche anterior fue la m\u00e1s larga y no pude pegar un ojo. M\u00e1s o menos lo mismo que me pasa ahora. S\u00ed: casi cuatro d\u00e9cadas m\u00e1s tarde, <strong>sigo llegando con pocas horas de sue\u00f1o al trabajo<\/strong>. Aunque esta vez es para despertarte con una sonrisa.\u00a0<\/p>\n\n\n\n<p>En estos 36 a\u00f1os <strong>pas\u00f3 de todo<\/strong>. Estoy orgulloso de poder comunicar, de llegar a tu televisor, a tu radio, a tu computadora y a tu celular. Mis pasos siempre fueron cortos, pero seguros. <strong>Fui haciendo mi camino al andar. <\/strong>Pas\u00e9 por todo lo que un periodista puede pasar. Aprend\u00ed en la calle, donde tengo los mejores recuerdos. Conoc\u00ed a gente incre\u00edble, a la que sigo viendo. Puedo decir que \u201cno me equivoqu\u00e9\u201d. Es que <strong>no me arrepiento de nada<\/strong>. Ni siquiera de ayudar a los ingratos. Creo que todos merecen su oportunidad.\u00a0<\/p>\n\n\n\n<p>Muchos chicos que reci\u00e9n empiezan a dar sus primeros pasos en este hermoso camino del periodismo me piden consejos. Me gusta. <strong>Siempre les aconsejo que no se mareen por el \u00e9xito repentino. <\/strong>El mayor \u00e9xito profesional es hacer lo que les gusta. Pero les digo que el verdadero \u00e9xito, ese que te llena de verdad como persona, es <strong>formar una familia.<\/strong> La vida est\u00e1 para vivirla y disfrutarla haciendo lo que am\u00e1s y comparti\u00e9ndolo con la gente que am\u00e1s. Yo voy en ese camino, con tu compa\u00f1\u00eda. \u00a0<\/p>\n\n\n\n<p><strong><em>Te lo dice un amigo.\u00a0<\/em><\/strong><\/p>\n","protected":false},"excerpt":{"rendered":"<p>Hace unos d\u00edas, el 14 de septiembre, se cumplieron 36 a\u00f1os de mis inicios en el periodismo. Para los que no saben, mi debut fue en radio Am\u00e9rica, con un reportaje a Bernardo Neustadt. Me cit\u00f3 en su casa un domingo a las 8 de la ma\u00f1ana. Llegu\u00e9 sin dormir. Estaba nervioso, claro. La noche [&hellip;]<\/p>\n","protected":false},"author":6,"featured_media":10267,"comment_status":"closed","ping_status":"closed","sticky":false,"template":"","format":"standard","meta":{"footnotes":""},"categories":[31],"tags":[53,1452,379],"class_list":{"0":"post-11187","1":"post","2":"type-post","3":"status-publish","4":"format-standard","5":"has-post-thumbnail","7":"category-de-puno-y-letra","8":"tag-de-puno-y-letra","9":"tag-periodismo","10":"tag-sergio-lapegue-2"},"yoast_head":"<!-- This site is optimized with the Yoast SEO plugin v27.5 - https:\/\/yoast.com\/product\/yoast-seo-wordpress\/ -->\n<title>Toda una vida de pasi\u00f3n por el periodismo - Sergio Lapegue<\/title>\n<meta name=\"robots\" content=\"index, follow, max-snippet:-1, max-image-preview:large, max-video-preview:-1\" \/>\n<link rel=\"canonical\" href=\"https:\/\/sergiolapegue.com\/site\/2023\/09\/21\/toda-una-vida-de-pasion-por-el-periodismo\/\" \/>\n<meta property=\"og:locale\" content=\"es_ES\" \/>\n<meta property=\"og:type\" content=\"article\" \/>\n<meta property=\"og:title\" content=\"Toda una vida de pasi\u00f3n por el periodismo - Sergio Lapegue\" \/>\n<meta property=\"og:description\" content=\"Hace unos d\u00edas, el 14 de septiembre, se cumplieron 36 a\u00f1os de mis inicios en el periodismo. Para los que no saben, mi debut fue en radio Am\u00e9rica, con un reportaje a Bernardo Neustadt. Me cit\u00f3 en su casa un domingo a las 8 de la ma\u00f1ana. Llegu\u00e9 sin dormir. Estaba nervioso, claro. La noche [&hellip;]\" \/>\n<meta property=\"og:url\" content=\"https:\/\/sergiolapegue.com\/site\/2023\/09\/21\/toda-una-vida-de-pasion-por-el-periodismo\/\" \/>\n<meta property=\"og:site_name\" content=\"Sergio Lapegue\" \/>\n<meta property=\"article:publisher\" content=\"https:\/\/facebook.com\/sergiolapegue\" \/>\n<meta property=\"article:author\" content=\"https:\/\/facebook.com\/sergiolapegue\" \/>\n<meta property=\"article:published_time\" content=\"2023-09-21T18:33:59+00:00\" \/>\n<meta name=\"author\" content=\"Sergio Lapegue\" \/>\n<meta name=\"twitter:card\" content=\"summary_large_image\" \/>\n<meta name=\"twitter:creator\" content=\"@https:\/\/twitter.com\/sergiolapegue\" \/>\n<meta name=\"twitter:site\" content=\"@sergiolapegue\" \/>\n<meta name=\"twitter:label1\" content=\"Escrito por\" \/>\n\t<meta name=\"twitter:data1\" content=\"Sergio Lapegue\" \/>\n\t<meta name=\"twitter:label2\" content=\"Tiempo de lectura\" \/>\n\t<meta name=\"twitter:data2\" content=\"1 minuto\" \/>\n<script type=\"application\/ld+json\" class=\"yoast-schema-graph\">{\"@context\":\"https:\\\/\\\/schema.org\",\"@graph\":[{\"@type\":\"Article\",\"@id\":\"https:\\\/\\\/sergiolapegue.com\\\/site\\\/2023\\\/09\\\/21\\\/toda-una-vida-de-pasion-por-el-periodismo\\\/#article\",\"isPartOf\":{\"@id\":\"https:\\\/\\\/sergiolapegue.com\\\/site\\\/2023\\\/09\\\/21\\\/toda-una-vida-de-pasion-por-el-periodismo\\\/\"},\"author\":{\"name\":\"Sergio Lapegue\",\"@id\":\"https:\\\/\\\/sergiolapegue.com\\\/site\\\/#\\\/schema\\\/person\\\/083aeceeb0734cd166779ea6c0551a37\"},\"headline\":\"Toda una vida de pasi\u00f3n por el periodismo\",\"datePublished\":\"2023-09-21T18:33:59+00:00\",\"mainEntityOfPage\":{\"@id\":\"https:\\\/\\\/sergiolapegue.com\\\/site\\\/2023\\\/09\\\/21\\\/toda-una-vida-de-pasion-por-el-periodismo\\\/\"},\"wordCount\":305,\"publisher\":{\"@id\":\"https:\\\/\\\/sergiolapegue.com\\\/site\\\/#\\\/schema\\\/person\\\/083aeceeb0734cd166779ea6c0551a37\"},\"image\":{\"@id\":\"https:\\\/\\\/sergiolapegue.com\\\/site\\\/2023\\\/09\\\/21\\\/toda-una-vida-de-pasion-por-el-periodismo\\\/#primaryimage\"},\"thumbnailUrl\":\"https:\\\/\\\/sergiolapegue.com\\\/site\\\/wp-content\\\/uploads\\\/2023\\\/07\\\/sergio.webp\",\"keywords\":[\"De Pu\u00f1o y Letra\",\"periodismo\",\"Sergio Lapeg\u00fce\"],\"articleSection\":[\"De Pu\u00f1o y Letra\"],\"inLanguage\":\"es-AR\"},{\"@type\":\"WebPage\",\"@id\":\"https:\\\/\\\/sergiolapegue.com\\\/site\\\/2023\\\/09\\\/21\\\/toda-una-vida-de-pasion-por-el-periodismo\\\/\",\"url\":\"https:\\\/\\\/sergiolapegue.com\\\/site\\\/2023\\\/09\\\/21\\\/toda-una-vida-de-pasion-por-el-periodismo\\\/\",\"name\":\"Toda una vida de pasi\u00f3n por el periodismo - Sergio Lapegue\",\"isPartOf\":{\"@id\":\"https:\\\/\\\/sergiolapegue.com\\\/site\\\/#website\"},\"primaryImageOfPage\":{\"@id\":\"https:\\\/\\\/sergiolapegue.com\\\/site\\\/2023\\\/09\\\/21\\\/toda-una-vida-de-pasion-por-el-periodismo\\\/#primaryimage\"},\"image\":{\"@id\":\"https:\\\/\\\/sergiolapegue.com\\\/site\\\/2023\\\/09\\\/21\\\/toda-una-vida-de-pasion-por-el-periodismo\\\/#primaryimage\"},\"thumbnailUrl\":\"https:\\\/\\\/sergiolapegue.com\\\/site\\\/wp-content\\\/uploads\\\/2023\\\/07\\\/sergio.webp\",\"datePublished\":\"2023-09-21T18:33:59+00:00\",\"breadcrumb\":{\"@id\":\"https:\\\/\\\/sergiolapegue.com\\\/site\\\/2023\\\/09\\\/21\\\/toda-una-vida-de-pasion-por-el-periodismo\\\/#breadcrumb\"},\"inLanguage\":\"es-AR\",\"potentialAction\":[{\"@type\":\"ReadAction\",\"target\":[\"https:\\\/\\\/sergiolapegue.com\\\/site\\\/2023\\\/09\\\/21\\\/toda-una-vida-de-pasion-por-el-periodismo\\\/\"]}]},{\"@type\":\"ImageObject\",\"inLanguage\":\"es-AR\",\"@id\":\"https:\\\/\\\/sergiolapegue.com\\\/site\\\/2023\\\/09\\\/21\\\/toda-una-vida-de-pasion-por-el-periodismo\\\/#primaryimage\",\"url\":\"https:\\\/\\\/sergiolapegue.com\\\/site\\\/wp-content\\\/uploads\\\/2023\\\/07\\\/sergio.webp\",\"contentUrl\":\"https:\\\/\\\/sergiolapegue.com\\\/site\\\/wp-content\\\/uploads\\\/2023\\\/07\\\/sergio.webp\",\"width\":500,\"height\":333},{\"@type\":\"BreadcrumbList\",\"@id\":\"https:\\\/\\\/sergiolapegue.com\\\/site\\\/2023\\\/09\\\/21\\\/toda-una-vida-de-pasion-por-el-periodismo\\\/#breadcrumb\",\"itemListElement\":[{\"@type\":\"ListItem\",\"position\":1,\"name\":\"Inicio\",\"item\":\"https:\\\/\\\/sergiolapegue.com\\\/site\\\/\"},{\"@type\":\"ListItem\",\"position\":2,\"name\":\"Toda una vida de pasi\u00f3n por el periodismo\"}]},{\"@type\":\"WebSite\",\"@id\":\"https:\\\/\\\/sergiolapegue.com\\\/site\\\/#website\",\"url\":\"https:\\\/\\\/sergiolapegue.com\\\/site\\\/\",\"name\":\"Sergio Lapegue\",\"description\":\"Periodista\",\"publisher\":{\"@id\":\"https:\\\/\\\/sergiolapegue.com\\\/site\\\/#\\\/schema\\\/person\\\/083aeceeb0734cd166779ea6c0551a37\"},\"potentialAction\":[{\"@type\":\"SearchAction\",\"target\":{\"@type\":\"EntryPoint\",\"urlTemplate\":\"https:\\\/\\\/sergiolapegue.com\\\/site\\\/?s={search_term_string}\"},\"query-input\":{\"@type\":\"PropertyValueSpecification\",\"valueRequired\":true,\"valueName\":\"search_term_string\"}}],\"inLanguage\":\"es-AR\"},{\"@type\":[\"Person\",\"Organization\"],\"@id\":\"https:\\\/\\\/sergiolapegue.com\\\/site\\\/#\\\/schema\\\/person\\\/083aeceeb0734cd166779ea6c0551a37\",\"name\":\"Sergio Lapegue\",\"image\":{\"@type\":\"ImageObject\",\"inLanguage\":\"es-AR\",\"@id\":\"https:\\\/\\\/sergiolapegue.com\\\/site\\\/wp-content\\\/uploads\\\/2021\\\/04\\\/logo_header-1.png\",\"url\":\"https:\\\/\\\/sergiolapegue.com\\\/site\\\/wp-content\\\/uploads\\\/2021\\\/04\\\/logo_header-1.png\",\"contentUrl\":\"https:\\\/\\\/sergiolapegue.com\\\/site\\\/wp-content\\\/uploads\\\/2021\\\/04\\\/logo_header-1.png\",\"width\":272,\"height\":90,\"caption\":\"Sergio Lapegue\"},\"logo\":{\"@id\":\"https:\\\/\\\/sergiolapegue.com\\\/site\\\/wp-content\\\/uploads\\\/2021\\\/04\\\/logo_header-1.png\"},\"sameAs\":[\"https:\\\/\\\/facebook.com\\\/sergiolapegue\",\"https:\\\/\\\/instagram.com\\\/sergiolapegue\",\"https:\\\/\\\/x.com\\\/https:\\\/\\\/twitter.com\\\/sergiolapegue\"],\"url\":\"https:\\\/\\\/sergiolapegue.com\\\/site\\\/author\\\/sergio\\\/\"}]}<\/script>\n<!-- \/ Yoast SEO plugin. -->","yoast_head_json":{"title":"Toda una vida de pasi\u00f3n por el periodismo - Sergio Lapegue","robots":{"index":"index","follow":"follow","max-snippet":"max-snippet:-1","max-image-preview":"max-image-preview:large","max-video-preview":"max-video-preview:-1"},"canonical":"https:\/\/sergiolapegue.com\/site\/2023\/09\/21\/toda-una-vida-de-pasion-por-el-periodismo\/","og_locale":"es_ES","og_type":"article","og_title":"Toda una vida de pasi\u00f3n por el periodismo - Sergio Lapegue","og_description":"Hace unos d\u00edas, el 14 de septiembre, se cumplieron 36 a\u00f1os de mis inicios en el periodismo. Para los que no saben, mi debut fue en radio Am\u00e9rica, con un reportaje a Bernardo Neustadt. Me cit\u00f3 en su casa un domingo a las 8 de la ma\u00f1ana. Llegu\u00e9 sin dormir. Estaba nervioso, claro. La noche [&hellip;]","og_url":"https:\/\/sergiolapegue.com\/site\/2023\/09\/21\/toda-una-vida-de-pasion-por-el-periodismo\/","og_site_name":"Sergio Lapegue","article_publisher":"https:\/\/facebook.com\/sergiolapegue","article_author":"https:\/\/facebook.com\/sergiolapegue","article_published_time":"2023-09-21T18:33:59+00:00","author":"Sergio Lapegue","twitter_card":"summary_large_image","twitter_creator":"@https:\/\/twitter.com\/sergiolapegue","twitter_site":"@sergiolapegue","twitter_misc":{"Escrito por":"Sergio Lapegue","Tiempo de lectura":"1 minuto"},"schema":{"@context":"https:\/\/schema.org","@graph":[{"@type":"Article","@id":"https:\/\/sergiolapegue.com\/site\/2023\/09\/21\/toda-una-vida-de-pasion-por-el-periodismo\/#article","isPartOf":{"@id":"https:\/\/sergiolapegue.com\/site\/2023\/09\/21\/toda-una-vida-de-pasion-por-el-periodismo\/"},"author":{"name":"Sergio Lapegue","@id":"https:\/\/sergiolapegue.com\/site\/#\/schema\/person\/083aeceeb0734cd166779ea6c0551a37"},"headline":"Toda una vida de pasi\u00f3n por el periodismo","datePublished":"2023-09-21T18:33:59+00:00","mainEntityOfPage":{"@id":"https:\/\/sergiolapegue.com\/site\/2023\/09\/21\/toda-una-vida-de-pasion-por-el-periodismo\/"},"wordCount":305,"publisher":{"@id":"https:\/\/sergiolapegue.com\/site\/#\/schema\/person\/083aeceeb0734cd166779ea6c0551a37"},"image":{"@id":"https:\/\/sergiolapegue.com\/site\/2023\/09\/21\/toda-una-vida-de-pasion-por-el-periodismo\/#primaryimage"},"thumbnailUrl":"https:\/\/sergiolapegue.com\/site\/wp-content\/uploads\/2023\/07\/sergio.webp","keywords":["De Pu\u00f1o y Letra","periodismo","Sergio Lapeg\u00fce"],"articleSection":["De Pu\u00f1o y Letra"],"inLanguage":"es-AR"},{"@type":"WebPage","@id":"https:\/\/sergiolapegue.com\/site\/2023\/09\/21\/toda-una-vida-de-pasion-por-el-periodismo\/","url":"https:\/\/sergiolapegue.com\/site\/2023\/09\/21\/toda-una-vida-de-pasion-por-el-periodismo\/","name":"Toda una vida de pasi\u00f3n por el periodismo - Sergio Lapegue","isPartOf":{"@id":"https:\/\/sergiolapegue.com\/site\/#website"},"primaryImageOfPage":{"@id":"https:\/\/sergiolapegue.com\/site\/2023\/09\/21\/toda-una-vida-de-pasion-por-el-periodismo\/#primaryimage"},"image":{"@id":"https:\/\/sergiolapegue.com\/site\/2023\/09\/21\/toda-una-vida-de-pasion-por-el-periodismo\/#primaryimage"},"thumbnailUrl":"https:\/\/sergiolapegue.com\/site\/wp-content\/uploads\/2023\/07\/sergio.webp","datePublished":"2023-09-21T18:33:59+00:00","breadcrumb":{"@id":"https:\/\/sergiolapegue.com\/site\/2023\/09\/21\/toda-una-vida-de-pasion-por-el-periodismo\/#breadcrumb"},"inLanguage":"es-AR","potentialAction":[{"@type":"ReadAction","target":["https:\/\/sergiolapegue.com\/site\/2023\/09\/21\/toda-una-vida-de-pasion-por-el-periodismo\/"]}]},{"@type":"ImageObject","inLanguage":"es-AR","@id":"https:\/\/sergiolapegue.com\/site\/2023\/09\/21\/toda-una-vida-de-pasion-por-el-periodismo\/#primaryimage","url":"https:\/\/sergiolapegue.com\/site\/wp-content\/uploads\/2023\/07\/sergio.webp","contentUrl":"https:\/\/sergiolapegue.com\/site\/wp-content\/uploads\/2023\/07\/sergio.webp","width":500,"height":333},{"@type":"BreadcrumbList","@id":"https:\/\/sergiolapegue.com\/site\/2023\/09\/21\/toda-una-vida-de-pasion-por-el-periodismo\/#breadcrumb","itemListElement":[{"@type":"ListItem","position":1,"name":"Inicio","item":"https:\/\/sergiolapegue.com\/site\/"},{"@type":"ListItem","position":2,"name":"Toda una vida de pasi\u00f3n por el periodismo"}]},{"@type":"WebSite","@id":"https:\/\/sergiolapegue.com\/site\/#website","url":"https:\/\/sergiolapegue.com\/site\/","name":"Sergio Lapegue","description":"Periodista","publisher":{"@id":"https:\/\/sergiolapegue.com\/site\/#\/schema\/person\/083aeceeb0734cd166779ea6c0551a37"},"potentialAction":[{"@type":"SearchAction","target":{"@type":"EntryPoint","urlTemplate":"https:\/\/sergiolapegue.com\/site\/?s={search_term_string}"},"query-input":{"@type":"PropertyValueSpecification","valueRequired":true,"valueName":"search_term_string"}}],"inLanguage":"es-AR"},{"@type":["Person","Organization"],"@id":"https:\/\/sergiolapegue.com\/site\/#\/schema\/person\/083aeceeb0734cd166779ea6c0551a37","name":"Sergio Lapegue","image":{"@type":"ImageObject","inLanguage":"es-AR","@id":"https:\/\/sergiolapegue.com\/site\/wp-content\/uploads\/2021\/04\/logo_header-1.png","url":"https:\/\/sergiolapegue.com\/site\/wp-content\/uploads\/2021\/04\/logo_header-1.png","contentUrl":"https:\/\/sergiolapegue.com\/site\/wp-content\/uploads\/2021\/04\/logo_header-1.png","width":272,"height":90,"caption":"Sergio Lapegue"},"logo":{"@id":"https:\/\/sergiolapegue.com\/site\/wp-content\/uploads\/2021\/04\/logo_header-1.png"},"sameAs":["https:\/\/facebook.com\/sergiolapegue","https:\/\/instagram.com\/sergiolapegue","https:\/\/x.com\/https:\/\/twitter.com\/sergiolapegue"],"url":"https:\/\/sergiolapegue.com\/site\/author\/sergio\/"}]}},"_links":{"self":[{"href":"https:\/\/sergiolapegue.com\/site\/wp-json\/wp\/v2\/posts\/11187","targetHints":{"allow":["GET"]}}],"collection":[{"href":"https:\/\/sergiolapegue.com\/site\/wp-json\/wp\/v2\/posts"}],"about":[{"href":"https:\/\/sergiolapegue.com\/site\/wp-json\/wp\/v2\/types\/post"}],"author":[{"embeddable":true,"href":"https:\/\/sergiolapegue.com\/site\/wp-json\/wp\/v2\/users\/6"}],"replies":[{"embeddable":true,"href":"https:\/\/sergiolapegue.com\/site\/wp-json\/wp\/v2\/comments?post=11187"}],"version-history":[{"count":1,"href":"https:\/\/sergiolapegue.com\/site\/wp-json\/wp\/v2\/posts\/11187\/revisions"}],"predecessor-version":[{"id":11188,"href":"https:\/\/sergiolapegue.com\/site\/wp-json\/wp\/v2\/posts\/11187\/revisions\/11188"}],"wp:featuredmedia":[{"embeddable":true,"href":"https:\/\/sergiolapegue.com\/site\/wp-json\/wp\/v2\/media\/10267"}],"wp:attachment":[{"href":"https:\/\/sergiolapegue.com\/site\/wp-json\/wp\/v2\/media?parent=11187"}],"wp:term":[{"taxonomy":"category","embeddable":true,"href":"https:\/\/sergiolapegue.com\/site\/wp-json\/wp\/v2\/categories?post=11187"},{"taxonomy":"post_tag","embeddable":true,"href":"https:\/\/sergiolapegue.com\/site\/wp-json\/wp\/v2\/tags?post=11187"}],"curies":[{"name":"wp","href":"https:\/\/api.w.org\/{rel}","templated":true}]}}