{"id":11011,"date":"2023-09-07T15:27:06","date_gmt":"2023-09-07T18:27:06","guid":{"rendered":"https:\/\/sergiolapegue.com\/site\/?p=11011"},"modified":"2023-09-07T15:27:07","modified_gmt":"2023-09-07T18:27:07","slug":"la-bendicion-de-festejar-en-familia","status":"publish","type":"post","link":"https:\/\/sergiolapegue.com\/site\/2023\/09\/07\/la-bendicion-de-festejar-en-familia\/","title":{"rendered":"La bendici\u00f3n de festejar en familia"},"content":{"rendered":"\n<p>A mucha gente no le gusta festejar su <strong>cumplea\u00f1os<\/strong>. A m\u00ed s\u00ed. Y si es rodeado de afectos, mucho m\u00e1s. \u00a0<\/p>\n\n\n\n<p>Hace unas horas <strong>festej\u00e9 mis 59 con mi familia, de vacaciones<\/strong>. \u00bfQu\u00e9 m\u00e1s puedo pedir? Es una bendici\u00f3n. Me cantaron a cada rato, me mimaron, nos re\u00edmos juntos, jugamos y festejamos a nuestra manera, divirti\u00e9ndonos. No necesito nada m\u00e1s. Soy eternamente feliz.\u00a0<\/p>\n\n\n\n<p>Los abrazos y el afecto hacen que el camino sea puro placer. Para un eterno agradecido como yo, <strong>festejar los cumplea\u00f1os es festejar la vida, compartida con felicidad<\/strong>. Y brindar por seguir estando juntos.\u00a0\u00a0<\/p>\n\n\n\n<p>La vida avanza, irremediablemente. Hay que disfrutarla, aceptarla. Se trata de un camino, a veces sinuoso, otras asfaltado, recto, con curvas, empedrado&#8230; lo importante es saber doblar, frenar a tiempo o acelerar en el momento justo. Disfrut\u00e1 hoy con la familia, los amigos, los afectos&#8230;&nbsp;<\/p>\n\n\n\n<p>Quer\u00eda compartir estas reflexiones con ustedes, los que siempre est\u00e1n y son tan generosos conmigo. <strong>Gracias por estar. <\/strong>\u00a1Los quiero!\u00a0<\/p>\n\n\n\n<p><strong><em>Te lo dice un amigo.\u00a0<\/em><\/strong><\/p>\n","protected":false},"excerpt":{"rendered":"<p>A mucha gente no le gusta festejar su cumplea\u00f1os. A m\u00ed s\u00ed. Y si es rodeado de afectos, mucho m\u00e1s. \u00a0 Hace unas horas festej\u00e9 mis 59 con mi familia, de vacaciones. \u00bfQu\u00e9 m\u00e1s puedo pedir? Es una bendici\u00f3n. Me cantaron a cada rato, me mimaron, nos re\u00edmos juntos, jugamos y festejamos a nuestra manera, [&hellip;]<\/p>\n","protected":false},"author":6,"featured_media":11012,"comment_status":"closed","ping_status":"closed","sticky":false,"template":"","format":"standard","meta":{"footnotes":""},"categories":[31],"tags":[53,171,379,63],"class_list":{"0":"post-11011","1":"post","2":"type-post","3":"status-publish","4":"format-standard","5":"has-post-thumbnail","7":"category-de-puno-y-letra","8":"tag-de-puno-y-letra","9":"tag-familia","10":"tag-sergio-lapegue-2","11":"tag-vacaciones"},"yoast_head":"<!-- This site is optimized with the Yoast SEO plugin v27.5 - https:\/\/yoast.com\/product\/yoast-seo-wordpress\/ -->\n<title>La bendici\u00f3n de festejar en familia - Sergio Lapegue<\/title>\n<meta name=\"description\" content=\"Hace unas horas festej\u00e9 mis 59 con mi familia, de vacaciones. \u00bfQu\u00e9 m\u00e1s puedo pedir? Es una bendici\u00f3n. No necesito nada m\u00e1s.\" \/>\n<meta name=\"robots\" content=\"index, follow, max-snippet:-1, max-image-preview:large, max-video-preview:-1\" \/>\n<link rel=\"canonical\" href=\"https:\/\/sergiolapegue.com\/site\/2023\/09\/07\/la-bendicion-de-festejar-en-familia\/\" \/>\n<meta property=\"og:locale\" content=\"es_ES\" \/>\n<meta property=\"og:type\" content=\"article\" \/>\n<meta property=\"og:title\" content=\"La bendici\u00f3n de festejar en familia - Sergio Lapegue\" \/>\n<meta property=\"og:description\" content=\"Hace unas horas festej\u00e9 mis 59 con mi familia, de vacaciones. \u00bfQu\u00e9 m\u00e1s puedo pedir? Es una bendici\u00f3n. No necesito nada m\u00e1s.\" \/>\n<meta property=\"og:url\" content=\"https:\/\/sergiolapegue.com\/site\/2023\/09\/07\/la-bendicion-de-festejar-en-familia\/\" \/>\n<meta property=\"og:site_name\" content=\"Sergio Lapegue\" \/>\n<meta property=\"article:publisher\" content=\"https:\/\/facebook.com\/sergiolapegue\" \/>\n<meta property=\"article:author\" content=\"https:\/\/facebook.com\/sergiolapegue\" \/>\n<meta property=\"article:published_time\" content=\"2023-09-07T18:27:06+00:00\" \/>\n<meta property=\"article:modified_time\" content=\"2023-09-07T18:27:07+00:00\" \/>\n<meta property=\"og:image\" content=\"https:\/\/sergiolapegue.com\/site\/wp-content\/uploads\/2023\/09\/0018546092jpg.webp\" \/>\n\t<meta property=\"og:image:width\" content=\"1200\" \/>\n\t<meta property=\"og:image:height\" content=\"675\" \/>\n\t<meta property=\"og:image:type\" content=\"image\/webp\" \/>\n<meta name=\"author\" content=\"Sergio Lapegue\" \/>\n<meta name=\"twitter:card\" content=\"summary_large_image\" \/>\n<meta name=\"twitter:creator\" content=\"@https:\/\/twitter.com\/sergiolapegue\" \/>\n<meta name=\"twitter:site\" content=\"@sergiolapegue\" \/>\n<meta name=\"twitter:label1\" content=\"Escrito por\" \/>\n\t<meta name=\"twitter:data1\" content=\"Sergio Lapegue\" \/>\n\t<meta name=\"twitter:label2\" content=\"Tiempo de lectura\" \/>\n\t<meta name=\"twitter:data2\" content=\"1 minuto\" \/>\n<script type=\"application\/ld+json\" class=\"yoast-schema-graph\">{\"@context\":\"https:\\\/\\\/schema.org\",\"@graph\":[{\"@type\":\"Article\",\"@id\":\"https:\\\/\\\/sergiolapegue.com\\\/site\\\/2023\\\/09\\\/07\\\/la-bendicion-de-festejar-en-familia\\\/#article\",\"isPartOf\":{\"@id\":\"https:\\\/\\\/sergiolapegue.com\\\/site\\\/2023\\\/09\\\/07\\\/la-bendicion-de-festejar-en-familia\\\/\"},\"author\":{\"name\":\"Sergio Lapegue\",\"@id\":\"https:\\\/\\\/sergiolapegue.com\\\/site\\\/#\\\/schema\\\/person\\\/083aeceeb0734cd166779ea6c0551a37\"},\"headline\":\"La bendici\u00f3n de festejar en familia\",\"datePublished\":\"2023-09-07T18:27:06+00:00\",\"dateModified\":\"2023-09-07T18:27:07+00:00\",\"mainEntityOfPage\":{\"@id\":\"https:\\\/\\\/sergiolapegue.com\\\/site\\\/2023\\\/09\\\/07\\\/la-bendicion-de-festejar-en-familia\\\/\"},\"wordCount\":183,\"publisher\":{\"@id\":\"https:\\\/\\\/sergiolapegue.com\\\/site\\\/#\\\/schema\\\/person\\\/083aeceeb0734cd166779ea6c0551a37\"},\"image\":{\"@id\":\"https:\\\/\\\/sergiolapegue.com\\\/site\\\/2023\\\/09\\\/07\\\/la-bendicion-de-festejar-en-familia\\\/#primaryimage\"},\"thumbnailUrl\":\"https:\\\/\\\/sergiolapegue.com\\\/site\\\/wp-content\\\/uploads\\\/2023\\\/09\\\/0018546092jpg.webp\",\"keywords\":[\"De Pu\u00f1o y Letra\",\"familia\",\"Sergio Lapeg\u00fce\",\"vacaciones\"],\"articleSection\":[\"De Pu\u00f1o y Letra\"],\"inLanguage\":\"es-AR\"},{\"@type\":\"WebPage\",\"@id\":\"https:\\\/\\\/sergiolapegue.com\\\/site\\\/2023\\\/09\\\/07\\\/la-bendicion-de-festejar-en-familia\\\/\",\"url\":\"https:\\\/\\\/sergiolapegue.com\\\/site\\\/2023\\\/09\\\/07\\\/la-bendicion-de-festejar-en-familia\\\/\",\"name\":\"La bendici\u00f3n de festejar en familia - Sergio Lapegue\",\"isPartOf\":{\"@id\":\"https:\\\/\\\/sergiolapegue.com\\\/site\\\/#website\"},\"primaryImageOfPage\":{\"@id\":\"https:\\\/\\\/sergiolapegue.com\\\/site\\\/2023\\\/09\\\/07\\\/la-bendicion-de-festejar-en-familia\\\/#primaryimage\"},\"image\":{\"@id\":\"https:\\\/\\\/sergiolapegue.com\\\/site\\\/2023\\\/09\\\/07\\\/la-bendicion-de-festejar-en-familia\\\/#primaryimage\"},\"thumbnailUrl\":\"https:\\\/\\\/sergiolapegue.com\\\/site\\\/wp-content\\\/uploads\\\/2023\\\/09\\\/0018546092jpg.webp\",\"datePublished\":\"2023-09-07T18:27:06+00:00\",\"dateModified\":\"2023-09-07T18:27:07+00:00\",\"description\":\"Hace unas horas festej\u00e9 mis 59 con mi familia, de vacaciones. \u00bfQu\u00e9 m\u00e1s puedo pedir? Es una bendici\u00f3n. No necesito nada m\u00e1s.\",\"breadcrumb\":{\"@id\":\"https:\\\/\\\/sergiolapegue.com\\\/site\\\/2023\\\/09\\\/07\\\/la-bendicion-de-festejar-en-familia\\\/#breadcrumb\"},\"inLanguage\":\"es-AR\",\"potentialAction\":[{\"@type\":\"ReadAction\",\"target\":[\"https:\\\/\\\/sergiolapegue.com\\\/site\\\/2023\\\/09\\\/07\\\/la-bendicion-de-festejar-en-familia\\\/\"]}]},{\"@type\":\"ImageObject\",\"inLanguage\":\"es-AR\",\"@id\":\"https:\\\/\\\/sergiolapegue.com\\\/site\\\/2023\\\/09\\\/07\\\/la-bendicion-de-festejar-en-familia\\\/#primaryimage\",\"url\":\"https:\\\/\\\/sergiolapegue.com\\\/site\\\/wp-content\\\/uploads\\\/2023\\\/09\\\/0018546092jpg.webp\",\"contentUrl\":\"https:\\\/\\\/sergiolapegue.com\\\/site\\\/wp-content\\\/uploads\\\/2023\\\/09\\\/0018546092jpg.webp\",\"width\":1200,\"height\":675},{\"@type\":\"BreadcrumbList\",\"@id\":\"https:\\\/\\\/sergiolapegue.com\\\/site\\\/2023\\\/09\\\/07\\\/la-bendicion-de-festejar-en-familia\\\/#breadcrumb\",\"itemListElement\":[{\"@type\":\"ListItem\",\"position\":1,\"name\":\"Inicio\",\"item\":\"https:\\\/\\\/sergiolapegue.com\\\/site\\\/\"},{\"@type\":\"ListItem\",\"position\":2,\"name\":\"La bendici\u00f3n de festejar en familia\"}]},{\"@type\":\"WebSite\",\"@id\":\"https:\\\/\\\/sergiolapegue.com\\\/site\\\/#website\",\"url\":\"https:\\\/\\\/sergiolapegue.com\\\/site\\\/\",\"name\":\"Sergio Lapegue\",\"description\":\"Periodista\",\"publisher\":{\"@id\":\"https:\\\/\\\/sergiolapegue.com\\\/site\\\/#\\\/schema\\\/person\\\/083aeceeb0734cd166779ea6c0551a37\"},\"potentialAction\":[{\"@type\":\"SearchAction\",\"target\":{\"@type\":\"EntryPoint\",\"urlTemplate\":\"https:\\\/\\\/sergiolapegue.com\\\/site\\\/?s={search_term_string}\"},\"query-input\":{\"@type\":\"PropertyValueSpecification\",\"valueRequired\":true,\"valueName\":\"search_term_string\"}}],\"inLanguage\":\"es-AR\"},{\"@type\":[\"Person\",\"Organization\"],\"@id\":\"https:\\\/\\\/sergiolapegue.com\\\/site\\\/#\\\/schema\\\/person\\\/083aeceeb0734cd166779ea6c0551a37\",\"name\":\"Sergio Lapegue\",\"image\":{\"@type\":\"ImageObject\",\"inLanguage\":\"es-AR\",\"@id\":\"https:\\\/\\\/sergiolapegue.com\\\/site\\\/wp-content\\\/uploads\\\/2021\\\/04\\\/logo_header-1.png\",\"url\":\"https:\\\/\\\/sergiolapegue.com\\\/site\\\/wp-content\\\/uploads\\\/2021\\\/04\\\/logo_header-1.png\",\"contentUrl\":\"https:\\\/\\\/sergiolapegue.com\\\/site\\\/wp-content\\\/uploads\\\/2021\\\/04\\\/logo_header-1.png\",\"width\":272,\"height\":90,\"caption\":\"Sergio Lapegue\"},\"logo\":{\"@id\":\"https:\\\/\\\/sergiolapegue.com\\\/site\\\/wp-content\\\/uploads\\\/2021\\\/04\\\/logo_header-1.png\"},\"sameAs\":[\"https:\\\/\\\/facebook.com\\\/sergiolapegue\",\"https:\\\/\\\/instagram.com\\\/sergiolapegue\",\"https:\\\/\\\/x.com\\\/https:\\\/\\\/twitter.com\\\/sergiolapegue\"],\"url\":\"https:\\\/\\\/sergiolapegue.com\\\/site\\\/author\\\/sergio\\\/\"}]}<\/script>\n<!-- \/ Yoast SEO plugin. -->","yoast_head_json":{"title":"La bendici\u00f3n de festejar en familia - Sergio Lapegue","description":"Hace unas horas festej\u00e9 mis 59 con mi familia, de vacaciones. \u00bfQu\u00e9 m\u00e1s puedo pedir? Es una bendici\u00f3n. No necesito nada m\u00e1s.","robots":{"index":"index","follow":"follow","max-snippet":"max-snippet:-1","max-image-preview":"max-image-preview:large","max-video-preview":"max-video-preview:-1"},"canonical":"https:\/\/sergiolapegue.com\/site\/2023\/09\/07\/la-bendicion-de-festejar-en-familia\/","og_locale":"es_ES","og_type":"article","og_title":"La bendici\u00f3n de festejar en familia - Sergio Lapegue","og_description":"Hace unas horas festej\u00e9 mis 59 con mi familia, de vacaciones. \u00bfQu\u00e9 m\u00e1s puedo pedir? Es una bendici\u00f3n. No necesito nada m\u00e1s.","og_url":"https:\/\/sergiolapegue.com\/site\/2023\/09\/07\/la-bendicion-de-festejar-en-familia\/","og_site_name":"Sergio Lapegue","article_publisher":"https:\/\/facebook.com\/sergiolapegue","article_author":"https:\/\/facebook.com\/sergiolapegue","article_published_time":"2023-09-07T18:27:06+00:00","article_modified_time":"2023-09-07T18:27:07+00:00","og_image":[{"width":1200,"height":675,"url":"https:\/\/sergiolapegue.com\/site\/wp-content\/uploads\/2023\/09\/0018546092jpg.webp","type":"image\/webp"}],"author":"Sergio Lapegue","twitter_card":"summary_large_image","twitter_creator":"@https:\/\/twitter.com\/sergiolapegue","twitter_site":"@sergiolapegue","twitter_misc":{"Escrito por":"Sergio Lapegue","Tiempo de lectura":"1 minuto"},"schema":{"@context":"https:\/\/schema.org","@graph":[{"@type":"Article","@id":"https:\/\/sergiolapegue.com\/site\/2023\/09\/07\/la-bendicion-de-festejar-en-familia\/#article","isPartOf":{"@id":"https:\/\/sergiolapegue.com\/site\/2023\/09\/07\/la-bendicion-de-festejar-en-familia\/"},"author":{"name":"Sergio Lapegue","@id":"https:\/\/sergiolapegue.com\/site\/#\/schema\/person\/083aeceeb0734cd166779ea6c0551a37"},"headline":"La bendici\u00f3n de festejar en familia","datePublished":"2023-09-07T18:27:06+00:00","dateModified":"2023-09-07T18:27:07+00:00","mainEntityOfPage":{"@id":"https:\/\/sergiolapegue.com\/site\/2023\/09\/07\/la-bendicion-de-festejar-en-familia\/"},"wordCount":183,"publisher":{"@id":"https:\/\/sergiolapegue.com\/site\/#\/schema\/person\/083aeceeb0734cd166779ea6c0551a37"},"image":{"@id":"https:\/\/sergiolapegue.com\/site\/2023\/09\/07\/la-bendicion-de-festejar-en-familia\/#primaryimage"},"thumbnailUrl":"https:\/\/sergiolapegue.com\/site\/wp-content\/uploads\/2023\/09\/0018546092jpg.webp","keywords":["De Pu\u00f1o y Letra","familia","Sergio Lapeg\u00fce","vacaciones"],"articleSection":["De Pu\u00f1o y Letra"],"inLanguage":"es-AR"},{"@type":"WebPage","@id":"https:\/\/sergiolapegue.com\/site\/2023\/09\/07\/la-bendicion-de-festejar-en-familia\/","url":"https:\/\/sergiolapegue.com\/site\/2023\/09\/07\/la-bendicion-de-festejar-en-familia\/","name":"La bendici\u00f3n de festejar en familia - Sergio Lapegue","isPartOf":{"@id":"https:\/\/sergiolapegue.com\/site\/#website"},"primaryImageOfPage":{"@id":"https:\/\/sergiolapegue.com\/site\/2023\/09\/07\/la-bendicion-de-festejar-en-familia\/#primaryimage"},"image":{"@id":"https:\/\/sergiolapegue.com\/site\/2023\/09\/07\/la-bendicion-de-festejar-en-familia\/#primaryimage"},"thumbnailUrl":"https:\/\/sergiolapegue.com\/site\/wp-content\/uploads\/2023\/09\/0018546092jpg.webp","datePublished":"2023-09-07T18:27:06+00:00","dateModified":"2023-09-07T18:27:07+00:00","description":"Hace unas horas festej\u00e9 mis 59 con mi familia, de vacaciones. \u00bfQu\u00e9 m\u00e1s puedo pedir? Es una bendici\u00f3n. No necesito nada m\u00e1s.","breadcrumb":{"@id":"https:\/\/sergiolapegue.com\/site\/2023\/09\/07\/la-bendicion-de-festejar-en-familia\/#breadcrumb"},"inLanguage":"es-AR","potentialAction":[{"@type":"ReadAction","target":["https:\/\/sergiolapegue.com\/site\/2023\/09\/07\/la-bendicion-de-festejar-en-familia\/"]}]},{"@type":"ImageObject","inLanguage":"es-AR","@id":"https:\/\/sergiolapegue.com\/site\/2023\/09\/07\/la-bendicion-de-festejar-en-familia\/#primaryimage","url":"https:\/\/sergiolapegue.com\/site\/wp-content\/uploads\/2023\/09\/0018546092jpg.webp","contentUrl":"https:\/\/sergiolapegue.com\/site\/wp-content\/uploads\/2023\/09\/0018546092jpg.webp","width":1200,"height":675},{"@type":"BreadcrumbList","@id":"https:\/\/sergiolapegue.com\/site\/2023\/09\/07\/la-bendicion-de-festejar-en-familia\/#breadcrumb","itemListElement":[{"@type":"ListItem","position":1,"name":"Inicio","item":"https:\/\/sergiolapegue.com\/site\/"},{"@type":"ListItem","position":2,"name":"La bendici\u00f3n de festejar en familia"}]},{"@type":"WebSite","@id":"https:\/\/sergiolapegue.com\/site\/#website","url":"https:\/\/sergiolapegue.com\/site\/","name":"Sergio Lapegue","description":"Periodista","publisher":{"@id":"https:\/\/sergiolapegue.com\/site\/#\/schema\/person\/083aeceeb0734cd166779ea6c0551a37"},"potentialAction":[{"@type":"SearchAction","target":{"@type":"EntryPoint","urlTemplate":"https:\/\/sergiolapegue.com\/site\/?s={search_term_string}"},"query-input":{"@type":"PropertyValueSpecification","valueRequired":true,"valueName":"search_term_string"}}],"inLanguage":"es-AR"},{"@type":["Person","Organization"],"@id":"https:\/\/sergiolapegue.com\/site\/#\/schema\/person\/083aeceeb0734cd166779ea6c0551a37","name":"Sergio Lapegue","image":{"@type":"ImageObject","inLanguage":"es-AR","@id":"https:\/\/sergiolapegue.com\/site\/wp-content\/uploads\/2021\/04\/logo_header-1.png","url":"https:\/\/sergiolapegue.com\/site\/wp-content\/uploads\/2021\/04\/logo_header-1.png","contentUrl":"https:\/\/sergiolapegue.com\/site\/wp-content\/uploads\/2021\/04\/logo_header-1.png","width":272,"height":90,"caption":"Sergio Lapegue"},"logo":{"@id":"https:\/\/sergiolapegue.com\/site\/wp-content\/uploads\/2021\/04\/logo_header-1.png"},"sameAs":["https:\/\/facebook.com\/sergiolapegue","https:\/\/instagram.com\/sergiolapegue","https:\/\/x.com\/https:\/\/twitter.com\/sergiolapegue"],"url":"https:\/\/sergiolapegue.com\/site\/author\/sergio\/"}]}},"_links":{"self":[{"href":"https:\/\/sergiolapegue.com\/site\/wp-json\/wp\/v2\/posts\/11011","targetHints":{"allow":["GET"]}}],"collection":[{"href":"https:\/\/sergiolapegue.com\/site\/wp-json\/wp\/v2\/posts"}],"about":[{"href":"https:\/\/sergiolapegue.com\/site\/wp-json\/wp\/v2\/types\/post"}],"author":[{"embeddable":true,"href":"https:\/\/sergiolapegue.com\/site\/wp-json\/wp\/v2\/users\/6"}],"replies":[{"embeddable":true,"href":"https:\/\/sergiolapegue.com\/site\/wp-json\/wp\/v2\/comments?post=11011"}],"version-history":[{"count":1,"href":"https:\/\/sergiolapegue.com\/site\/wp-json\/wp\/v2\/posts\/11011\/revisions"}],"predecessor-version":[{"id":11013,"href":"https:\/\/sergiolapegue.com\/site\/wp-json\/wp\/v2\/posts\/11011\/revisions\/11013"}],"wp:featuredmedia":[{"embeddable":true,"href":"https:\/\/sergiolapegue.com\/site\/wp-json\/wp\/v2\/media\/11012"}],"wp:attachment":[{"href":"https:\/\/sergiolapegue.com\/site\/wp-json\/wp\/v2\/media?parent=11011"}],"wp:term":[{"taxonomy":"category","embeddable":true,"href":"https:\/\/sergiolapegue.com\/site\/wp-json\/wp\/v2\/categories?post=11011"},{"taxonomy":"post_tag","embeddable":true,"href":"https:\/\/sergiolapegue.com\/site\/wp-json\/wp\/v2\/tags?post=11011"}],"curies":[{"name":"wp","href":"https:\/\/api.w.org\/{rel}","templated":true}]}}