{"id":10868,"date":"2023-08-30T14:18:30","date_gmt":"2023-08-30T17:18:30","guid":{"rendered":"https:\/\/sergiolapegue.com\/site\/?p=10868"},"modified":"2023-08-30T14:18:31","modified_gmt":"2023-08-30T17:18:31","slug":"quien-se-anima-a-bajar-un-cambio","status":"publish","type":"post","link":"https:\/\/sergiolapegue.com\/site\/2023\/08\/30\/quien-se-anima-a-bajar-un-cambio\/","title":{"rendered":"\u00bfQui\u00e9n se anima a bajar un cambio?"},"content":{"rendered":"\n<p>Nos pasamos el tiempo <strong>apurados, corriendo<\/strong>. La vida es lenta, pero <strong>nosotros vamos r\u00e1pido<\/strong>. Comemos r\u00e1pido, hablamos r\u00e1pido y nos dormimos r\u00e1pido porque al otro d\u00eda hay que despertarse r\u00e1pido para llegar r\u00e1pido al trabajo. Y cuando se termina el horario laboral, nos vamos r\u00e1pido para casa. <strong>\u00bfPara qu\u00e9?\u00a0<\/strong>\u00a0<\/p>\n\n\n\n<p><strong>Cuando uno va r\u00e1pido se pierde de ver muchas cosas<\/strong>. Momentos con la familia, los amigos, de disfrute. A mi edad, <strong>encontrar el equilibrio no es f\u00e1cil<\/strong>. Yo siempre supe que deb\u00eda bajar un cambio, <strong>pero no sab\u00eda c\u00f3mo hacerlo<\/strong>. As\u00ed fui siempre hasta que en 2021, el Covid me oblig\u00f3 a <strong>PARAR<\/strong>. Pero, ya recuperado, lo natural fue volver de a poco a la vieja normalidad, a <strong>trabajar hasta los fines de semana<\/strong>.\u00a0<\/p>\n\n\n\n<p>Aunque me ayude mucho refugiarme en mi familia, en la m\u00fasica, en la intimidad y los peque\u00f1os momentos de placer (mis cables a tierra), <strong>no tengo la receta justa<\/strong>. Quiz\u00e1s esa receta no exista, porque nadie tiene todas las respuestas ni la f\u00f3rmula para encontrar el equilibrio.\u00a0<\/p>\n\n\n\n<p>El otro d\u00eda le dije a <strong>Bochi <\/strong>que necesitaba que el d\u00eda tuviese m\u00e1s horas, algo que siempre pienso. Ella, sabia, me respondi\u00f3: <strong>\u201cTen\u00e9s que hacer menos cosas y el d\u00eda te va a alcanzar\u201d<\/strong>. Me dej\u00f3 pensando.\u00a0\u00a0<\/p>\n\n\n\n<p>Mientras tanto espero un llamado, una oportunidad, un abrazo, una palabra de aliento, de cari\u00f1o. Un alivio para bajar un cambio (s\u00f3lo uno) y luego para acelerar m\u00e1s r\u00e1pido. Quiz\u00e1s de eso se trate la vida: <strong>de caminar tratando de encontrar un equilibrio<\/strong> y la soluci\u00f3n a nuestros demonios internos, pero siempre mirando hacia adelante. \u00a0<\/p>\n\n\n\n<p>Si no se puede parar a cero, <strong>\u00bfqui\u00e9n anima a bajar un cambio?\u00a0<\/strong><\/p>\n\n\n\n<p><strong><em>Te lo dice un amigo.\u00a0<\/em><\/strong><\/p>\n","protected":false},"excerpt":{"rendered":"<p>Nos pasamos el tiempo apurados, corriendo. La vida es lenta, pero nosotros vamos r\u00e1pido. Comemos r\u00e1pido, hablamos r\u00e1pido y nos dormimos r\u00e1pido porque al otro d\u00eda hay que despertarse r\u00e1pido para llegar r\u00e1pido al trabajo. Y cuando se termina el horario laboral, nos vamos r\u00e1pido para casa. \u00bfPara qu\u00e9?\u00a0\u00a0 Cuando uno va r\u00e1pido se pierde [&hellip;]<\/p>\n","protected":false},"author":6,"featured_media":8793,"comment_status":"closed","ping_status":"closed","sticky":false,"template":"","format":"standard","meta":{"footnotes":""},"categories":[31],"tags":[53,67],"class_list":{"0":"post-10868","1":"post","2":"type-post","3":"status-publish","4":"format-standard","5":"has-post-thumbnail","7":"category-de-puno-y-letra","8":"tag-de-puno-y-letra","9":"tag-parar"},"yoast_head":"<!-- This site is optimized with the Yoast SEO plugin v27.5 - https:\/\/yoast.com\/product\/yoast-seo-wordpress\/ -->\n<title>\u00bfQui\u00e9n se anima a bajar un cambio? - Sergio Lapegue<\/title>\n<meta name=\"description\" content=\"Nos pasamos el tiempo apurados, corriendo. La vida es lenta, pero nosotros vamos r\u00e1pido. Y todo esto, \u00bfpara llegar a d\u00f3nde?\" \/>\n<meta name=\"robots\" content=\"index, follow, max-snippet:-1, max-image-preview:large, max-video-preview:-1\" \/>\n<link rel=\"canonical\" href=\"https:\/\/sergiolapegue.com\/site\/2023\/08\/30\/quien-se-anima-a-bajar-un-cambio\/\" \/>\n<meta property=\"og:locale\" content=\"es_ES\" \/>\n<meta property=\"og:type\" content=\"article\" \/>\n<meta property=\"og:title\" content=\"\u00bfQui\u00e9n se anima a bajar un cambio? - Sergio Lapegue\" \/>\n<meta property=\"og:description\" content=\"Nos pasamos el tiempo apurados, corriendo. La vida es lenta, pero nosotros vamos r\u00e1pido. Y todo esto, \u00bfpara llegar a d\u00f3nde?\" \/>\n<meta property=\"og:url\" content=\"https:\/\/sergiolapegue.com\/site\/2023\/08\/30\/quien-se-anima-a-bajar-un-cambio\/\" \/>\n<meta property=\"og:site_name\" content=\"Sergio Lapegue\" \/>\n<meta property=\"article:publisher\" content=\"https:\/\/facebook.com\/sergiolapegue\" \/>\n<meta property=\"article:author\" content=\"https:\/\/facebook.com\/sergiolapegue\" \/>\n<meta property=\"article:published_time\" content=\"2023-08-30T17:18:30+00:00\" \/>\n<meta property=\"article:modified_time\" content=\"2023-08-30T17:18:31+00:00\" \/>\n<meta property=\"og:image\" content=\"https:\/\/sergiolapegue.com\/site\/wp-content\/uploads\/2023\/04\/sergio-lapeguejpeg.webp\" \/>\n\t<meta property=\"og:image:width\" content=\"1200\" \/>\n\t<meta property=\"og:image:height\" content=\"675\" \/>\n\t<meta property=\"og:image:type\" content=\"image\/webp\" \/>\n<meta name=\"author\" content=\"Sergio Lapegue\" \/>\n<meta name=\"twitter:card\" content=\"summary_large_image\" \/>\n<meta name=\"twitter:creator\" content=\"@https:\/\/twitter.com\/sergiolapegue\" \/>\n<meta name=\"twitter:site\" content=\"@sergiolapegue\" \/>\n<meta name=\"twitter:label1\" content=\"Escrito por\" \/>\n\t<meta name=\"twitter:data1\" content=\"Sergio Lapegue\" \/>\n\t<meta name=\"twitter:label2\" content=\"Tiempo de lectura\" \/>\n\t<meta name=\"twitter:data2\" content=\"2 minutos\" \/>\n<script type=\"application\/ld+json\" class=\"yoast-schema-graph\">{\"@context\":\"https:\\\/\\\/schema.org\",\"@graph\":[{\"@type\":\"Article\",\"@id\":\"https:\\\/\\\/sergiolapegue.com\\\/site\\\/2023\\\/08\\\/30\\\/quien-se-anima-a-bajar-un-cambio\\\/#article\",\"isPartOf\":{\"@id\":\"https:\\\/\\\/sergiolapegue.com\\\/site\\\/2023\\\/08\\\/30\\\/quien-se-anima-a-bajar-un-cambio\\\/\"},\"author\":{\"name\":\"Sergio Lapegue\",\"@id\":\"https:\\\/\\\/sergiolapegue.com\\\/site\\\/#\\\/schema\\\/person\\\/083aeceeb0734cd166779ea6c0551a37\"},\"headline\":\"\u00bfQui\u00e9n se anima a bajar un cambio?\",\"datePublished\":\"2023-08-30T17:18:30+00:00\",\"dateModified\":\"2023-08-30T17:18:31+00:00\",\"mainEntityOfPage\":{\"@id\":\"https:\\\/\\\/sergiolapegue.com\\\/site\\\/2023\\\/08\\\/30\\\/quien-se-anima-a-bajar-un-cambio\\\/\"},\"wordCount\":317,\"publisher\":{\"@id\":\"https:\\\/\\\/sergiolapegue.com\\\/site\\\/#\\\/schema\\\/person\\\/083aeceeb0734cd166779ea6c0551a37\"},\"image\":{\"@id\":\"https:\\\/\\\/sergiolapegue.com\\\/site\\\/2023\\\/08\\\/30\\\/quien-se-anima-a-bajar-un-cambio\\\/#primaryimage\"},\"thumbnailUrl\":\"https:\\\/\\\/sergiolapegue.com\\\/site\\\/wp-content\\\/uploads\\\/2023\\\/04\\\/sergio-lapeguejpeg.webp\",\"keywords\":[\"De Pu\u00f1o y Letra\",\"Parar\"],\"articleSection\":[\"De Pu\u00f1o y Letra\"],\"inLanguage\":\"es-AR\"},{\"@type\":\"WebPage\",\"@id\":\"https:\\\/\\\/sergiolapegue.com\\\/site\\\/2023\\\/08\\\/30\\\/quien-se-anima-a-bajar-un-cambio\\\/\",\"url\":\"https:\\\/\\\/sergiolapegue.com\\\/site\\\/2023\\\/08\\\/30\\\/quien-se-anima-a-bajar-un-cambio\\\/\",\"name\":\"\u00bfQui\u00e9n se anima a bajar un cambio? - Sergio Lapegue\",\"isPartOf\":{\"@id\":\"https:\\\/\\\/sergiolapegue.com\\\/site\\\/#website\"},\"primaryImageOfPage\":{\"@id\":\"https:\\\/\\\/sergiolapegue.com\\\/site\\\/2023\\\/08\\\/30\\\/quien-se-anima-a-bajar-un-cambio\\\/#primaryimage\"},\"image\":{\"@id\":\"https:\\\/\\\/sergiolapegue.com\\\/site\\\/2023\\\/08\\\/30\\\/quien-se-anima-a-bajar-un-cambio\\\/#primaryimage\"},\"thumbnailUrl\":\"https:\\\/\\\/sergiolapegue.com\\\/site\\\/wp-content\\\/uploads\\\/2023\\\/04\\\/sergio-lapeguejpeg.webp\",\"datePublished\":\"2023-08-30T17:18:30+00:00\",\"dateModified\":\"2023-08-30T17:18:31+00:00\",\"description\":\"Nos pasamos el tiempo apurados, corriendo. La vida es lenta, pero nosotros vamos r\u00e1pido. Y todo esto, \u00bfpara llegar a d\u00f3nde?\",\"breadcrumb\":{\"@id\":\"https:\\\/\\\/sergiolapegue.com\\\/site\\\/2023\\\/08\\\/30\\\/quien-se-anima-a-bajar-un-cambio\\\/#breadcrumb\"},\"inLanguage\":\"es-AR\",\"potentialAction\":[{\"@type\":\"ReadAction\",\"target\":[\"https:\\\/\\\/sergiolapegue.com\\\/site\\\/2023\\\/08\\\/30\\\/quien-se-anima-a-bajar-un-cambio\\\/\"]}]},{\"@type\":\"ImageObject\",\"inLanguage\":\"es-AR\",\"@id\":\"https:\\\/\\\/sergiolapegue.com\\\/site\\\/2023\\\/08\\\/30\\\/quien-se-anima-a-bajar-un-cambio\\\/#primaryimage\",\"url\":\"https:\\\/\\\/sergiolapegue.com\\\/site\\\/wp-content\\\/uploads\\\/2023\\\/04\\\/sergio-lapeguejpeg.webp\",\"contentUrl\":\"https:\\\/\\\/sergiolapegue.com\\\/site\\\/wp-content\\\/uploads\\\/2023\\\/04\\\/sergio-lapeguejpeg.webp\",\"width\":1200,\"height\":675},{\"@type\":\"BreadcrumbList\",\"@id\":\"https:\\\/\\\/sergiolapegue.com\\\/site\\\/2023\\\/08\\\/30\\\/quien-se-anima-a-bajar-un-cambio\\\/#breadcrumb\",\"itemListElement\":[{\"@type\":\"ListItem\",\"position\":1,\"name\":\"Inicio\",\"item\":\"https:\\\/\\\/sergiolapegue.com\\\/site\\\/\"},{\"@type\":\"ListItem\",\"position\":2,\"name\":\"\u00bfQui\u00e9n se anima a bajar un cambio?\"}]},{\"@type\":\"WebSite\",\"@id\":\"https:\\\/\\\/sergiolapegue.com\\\/site\\\/#website\",\"url\":\"https:\\\/\\\/sergiolapegue.com\\\/site\\\/\",\"name\":\"Sergio Lapegue\",\"description\":\"Periodista\",\"publisher\":{\"@id\":\"https:\\\/\\\/sergiolapegue.com\\\/site\\\/#\\\/schema\\\/person\\\/083aeceeb0734cd166779ea6c0551a37\"},\"potentialAction\":[{\"@type\":\"SearchAction\",\"target\":{\"@type\":\"EntryPoint\",\"urlTemplate\":\"https:\\\/\\\/sergiolapegue.com\\\/site\\\/?s={search_term_string}\"},\"query-input\":{\"@type\":\"PropertyValueSpecification\",\"valueRequired\":true,\"valueName\":\"search_term_string\"}}],\"inLanguage\":\"es-AR\"},{\"@type\":[\"Person\",\"Organization\"],\"@id\":\"https:\\\/\\\/sergiolapegue.com\\\/site\\\/#\\\/schema\\\/person\\\/083aeceeb0734cd166779ea6c0551a37\",\"name\":\"Sergio Lapegue\",\"image\":{\"@type\":\"ImageObject\",\"inLanguage\":\"es-AR\",\"@id\":\"https:\\\/\\\/sergiolapegue.com\\\/site\\\/wp-content\\\/uploads\\\/2021\\\/04\\\/logo_header-1.png\",\"url\":\"https:\\\/\\\/sergiolapegue.com\\\/site\\\/wp-content\\\/uploads\\\/2021\\\/04\\\/logo_header-1.png\",\"contentUrl\":\"https:\\\/\\\/sergiolapegue.com\\\/site\\\/wp-content\\\/uploads\\\/2021\\\/04\\\/logo_header-1.png\",\"width\":272,\"height\":90,\"caption\":\"Sergio Lapegue\"},\"logo\":{\"@id\":\"https:\\\/\\\/sergiolapegue.com\\\/site\\\/wp-content\\\/uploads\\\/2021\\\/04\\\/logo_header-1.png\"},\"sameAs\":[\"https:\\\/\\\/facebook.com\\\/sergiolapegue\",\"https:\\\/\\\/instagram.com\\\/sergiolapegue\",\"https:\\\/\\\/x.com\\\/https:\\\/\\\/twitter.com\\\/sergiolapegue\"],\"url\":\"https:\\\/\\\/sergiolapegue.com\\\/site\\\/author\\\/sergio\\\/\"}]}<\/script>\n<!-- \/ Yoast SEO plugin. -->","yoast_head_json":{"title":"\u00bfQui\u00e9n se anima a bajar un cambio? - Sergio Lapegue","description":"Nos pasamos el tiempo apurados, corriendo. La vida es lenta, pero nosotros vamos r\u00e1pido. Y todo esto, \u00bfpara llegar a d\u00f3nde?","robots":{"index":"index","follow":"follow","max-snippet":"max-snippet:-1","max-image-preview":"max-image-preview:large","max-video-preview":"max-video-preview:-1"},"canonical":"https:\/\/sergiolapegue.com\/site\/2023\/08\/30\/quien-se-anima-a-bajar-un-cambio\/","og_locale":"es_ES","og_type":"article","og_title":"\u00bfQui\u00e9n se anima a bajar un cambio? - Sergio Lapegue","og_description":"Nos pasamos el tiempo apurados, corriendo. La vida es lenta, pero nosotros vamos r\u00e1pido. Y todo esto, \u00bfpara llegar a d\u00f3nde?","og_url":"https:\/\/sergiolapegue.com\/site\/2023\/08\/30\/quien-se-anima-a-bajar-un-cambio\/","og_site_name":"Sergio Lapegue","article_publisher":"https:\/\/facebook.com\/sergiolapegue","article_author":"https:\/\/facebook.com\/sergiolapegue","article_published_time":"2023-08-30T17:18:30+00:00","article_modified_time":"2023-08-30T17:18:31+00:00","og_image":[{"width":1200,"height":675,"url":"https:\/\/sergiolapegue.com\/site\/wp-content\/uploads\/2023\/04\/sergio-lapeguejpeg.webp","type":"image\/webp"}],"author":"Sergio Lapegue","twitter_card":"summary_large_image","twitter_creator":"@https:\/\/twitter.com\/sergiolapegue","twitter_site":"@sergiolapegue","twitter_misc":{"Escrito por":"Sergio Lapegue","Tiempo de lectura":"2 minutos"},"schema":{"@context":"https:\/\/schema.org","@graph":[{"@type":"Article","@id":"https:\/\/sergiolapegue.com\/site\/2023\/08\/30\/quien-se-anima-a-bajar-un-cambio\/#article","isPartOf":{"@id":"https:\/\/sergiolapegue.com\/site\/2023\/08\/30\/quien-se-anima-a-bajar-un-cambio\/"},"author":{"name":"Sergio Lapegue","@id":"https:\/\/sergiolapegue.com\/site\/#\/schema\/person\/083aeceeb0734cd166779ea6c0551a37"},"headline":"\u00bfQui\u00e9n se anima a bajar un cambio?","datePublished":"2023-08-30T17:18:30+00:00","dateModified":"2023-08-30T17:18:31+00:00","mainEntityOfPage":{"@id":"https:\/\/sergiolapegue.com\/site\/2023\/08\/30\/quien-se-anima-a-bajar-un-cambio\/"},"wordCount":317,"publisher":{"@id":"https:\/\/sergiolapegue.com\/site\/#\/schema\/person\/083aeceeb0734cd166779ea6c0551a37"},"image":{"@id":"https:\/\/sergiolapegue.com\/site\/2023\/08\/30\/quien-se-anima-a-bajar-un-cambio\/#primaryimage"},"thumbnailUrl":"https:\/\/sergiolapegue.com\/site\/wp-content\/uploads\/2023\/04\/sergio-lapeguejpeg.webp","keywords":["De Pu\u00f1o y Letra","Parar"],"articleSection":["De Pu\u00f1o y Letra"],"inLanguage":"es-AR"},{"@type":"WebPage","@id":"https:\/\/sergiolapegue.com\/site\/2023\/08\/30\/quien-se-anima-a-bajar-un-cambio\/","url":"https:\/\/sergiolapegue.com\/site\/2023\/08\/30\/quien-se-anima-a-bajar-un-cambio\/","name":"\u00bfQui\u00e9n se anima a bajar un cambio? - Sergio Lapegue","isPartOf":{"@id":"https:\/\/sergiolapegue.com\/site\/#website"},"primaryImageOfPage":{"@id":"https:\/\/sergiolapegue.com\/site\/2023\/08\/30\/quien-se-anima-a-bajar-un-cambio\/#primaryimage"},"image":{"@id":"https:\/\/sergiolapegue.com\/site\/2023\/08\/30\/quien-se-anima-a-bajar-un-cambio\/#primaryimage"},"thumbnailUrl":"https:\/\/sergiolapegue.com\/site\/wp-content\/uploads\/2023\/04\/sergio-lapeguejpeg.webp","datePublished":"2023-08-30T17:18:30+00:00","dateModified":"2023-08-30T17:18:31+00:00","description":"Nos pasamos el tiempo apurados, corriendo. La vida es lenta, pero nosotros vamos r\u00e1pido. Y todo esto, \u00bfpara llegar a d\u00f3nde?","breadcrumb":{"@id":"https:\/\/sergiolapegue.com\/site\/2023\/08\/30\/quien-se-anima-a-bajar-un-cambio\/#breadcrumb"},"inLanguage":"es-AR","potentialAction":[{"@type":"ReadAction","target":["https:\/\/sergiolapegue.com\/site\/2023\/08\/30\/quien-se-anima-a-bajar-un-cambio\/"]}]},{"@type":"ImageObject","inLanguage":"es-AR","@id":"https:\/\/sergiolapegue.com\/site\/2023\/08\/30\/quien-se-anima-a-bajar-un-cambio\/#primaryimage","url":"https:\/\/sergiolapegue.com\/site\/wp-content\/uploads\/2023\/04\/sergio-lapeguejpeg.webp","contentUrl":"https:\/\/sergiolapegue.com\/site\/wp-content\/uploads\/2023\/04\/sergio-lapeguejpeg.webp","width":1200,"height":675},{"@type":"BreadcrumbList","@id":"https:\/\/sergiolapegue.com\/site\/2023\/08\/30\/quien-se-anima-a-bajar-un-cambio\/#breadcrumb","itemListElement":[{"@type":"ListItem","position":1,"name":"Inicio","item":"https:\/\/sergiolapegue.com\/site\/"},{"@type":"ListItem","position":2,"name":"\u00bfQui\u00e9n se anima a bajar un cambio?"}]},{"@type":"WebSite","@id":"https:\/\/sergiolapegue.com\/site\/#website","url":"https:\/\/sergiolapegue.com\/site\/","name":"Sergio Lapegue","description":"Periodista","publisher":{"@id":"https:\/\/sergiolapegue.com\/site\/#\/schema\/person\/083aeceeb0734cd166779ea6c0551a37"},"potentialAction":[{"@type":"SearchAction","target":{"@type":"EntryPoint","urlTemplate":"https:\/\/sergiolapegue.com\/site\/?s={search_term_string}"},"query-input":{"@type":"PropertyValueSpecification","valueRequired":true,"valueName":"search_term_string"}}],"inLanguage":"es-AR"},{"@type":["Person","Organization"],"@id":"https:\/\/sergiolapegue.com\/site\/#\/schema\/person\/083aeceeb0734cd166779ea6c0551a37","name":"Sergio Lapegue","image":{"@type":"ImageObject","inLanguage":"es-AR","@id":"https:\/\/sergiolapegue.com\/site\/wp-content\/uploads\/2021\/04\/logo_header-1.png","url":"https:\/\/sergiolapegue.com\/site\/wp-content\/uploads\/2021\/04\/logo_header-1.png","contentUrl":"https:\/\/sergiolapegue.com\/site\/wp-content\/uploads\/2021\/04\/logo_header-1.png","width":272,"height":90,"caption":"Sergio Lapegue"},"logo":{"@id":"https:\/\/sergiolapegue.com\/site\/wp-content\/uploads\/2021\/04\/logo_header-1.png"},"sameAs":["https:\/\/facebook.com\/sergiolapegue","https:\/\/instagram.com\/sergiolapegue","https:\/\/x.com\/https:\/\/twitter.com\/sergiolapegue"],"url":"https:\/\/sergiolapegue.com\/site\/author\/sergio\/"}]}},"_links":{"self":[{"href":"https:\/\/sergiolapegue.com\/site\/wp-json\/wp\/v2\/posts\/10868","targetHints":{"allow":["GET"]}}],"collection":[{"href":"https:\/\/sergiolapegue.com\/site\/wp-json\/wp\/v2\/posts"}],"about":[{"href":"https:\/\/sergiolapegue.com\/site\/wp-json\/wp\/v2\/types\/post"}],"author":[{"embeddable":true,"href":"https:\/\/sergiolapegue.com\/site\/wp-json\/wp\/v2\/users\/6"}],"replies":[{"embeddable":true,"href":"https:\/\/sergiolapegue.com\/site\/wp-json\/wp\/v2\/comments?post=10868"}],"version-history":[{"count":1,"href":"https:\/\/sergiolapegue.com\/site\/wp-json\/wp\/v2\/posts\/10868\/revisions"}],"predecessor-version":[{"id":10869,"href":"https:\/\/sergiolapegue.com\/site\/wp-json\/wp\/v2\/posts\/10868\/revisions\/10869"}],"wp:featuredmedia":[{"embeddable":true,"href":"https:\/\/sergiolapegue.com\/site\/wp-json\/wp\/v2\/media\/8793"}],"wp:attachment":[{"href":"https:\/\/sergiolapegue.com\/site\/wp-json\/wp\/v2\/media?parent=10868"}],"wp:term":[{"taxonomy":"category","embeddable":true,"href":"https:\/\/sergiolapegue.com\/site\/wp-json\/wp\/v2\/categories?post=10868"},{"taxonomy":"post_tag","embeddable":true,"href":"https:\/\/sergiolapegue.com\/site\/wp-json\/wp\/v2\/tags?post=10868"}],"curies":[{"name":"wp","href":"https:\/\/api.w.org\/{rel}","templated":true}]}}