{"id":10496,"date":"2023-08-07T10:51:28","date_gmt":"2023-08-07T13:51:28","guid":{"rendered":"https:\/\/sergiolapegue.com\/site\/?p=10496"},"modified":"2023-08-07T10:51:28","modified_gmt":"2023-08-07T13:51:28","slug":"el-recuerdo-de-la-epoca-de-oro-de-los-circos-de-lomas","status":"publish","type":"post","link":"https:\/\/sergiolapegue.com\/site\/2023\/08\/07\/el-recuerdo-de-la-epoca-de-oro-de-los-circos-de-lomas\/","title":{"rendered":"El recuerdo de la \u00e9poca de oro de los circos de Lomas"},"content":{"rendered":"\n<p>Hay fen\u00f3menos sociales de a\u00f1os atr\u00e1s que resultan dif\u00edciles de creer en los tiempos que corren, especialmente para los m\u00e1s chicos. Uno de ellos es el de los circos: hoy son pocos los pibes que alguna vez visitaron alguno. Pero si le preguntamos a cualquier abuelo, seguro hablar\u00e1 con una gran nostalgia por aquellos shows, los m\u00e1s impactantes de su \u00e9poca. Y en Lomas de Zamora, claro, los circos tambi\u00e9n tuvieron su \u00e9poca de oro.<\/p>\n\n\n\n<p>Entre principios y mediados del siglo pasado, las compa\u00f1\u00edas circenses se mov\u00edan por todo el pa\u00eds dando muestras de su arte y divirtiendo a toda la familia. El Conurbano bonaerense, por su gran poblaci\u00f3n y su amplia disponibilidad de espacios abiertos para la instalaci\u00f3n de las carpas, era entonces un destino m\u00e1s que atractivo para las presentaciones. Por eso, sobretodo durante el verano, era muy com\u00fan la aparici\u00f3n de varios circos en Lomas.<\/p>\n\n\n\n<p>As\u00ed funcionaban: entre enero y marzo, las compa\u00f1\u00edas ped\u00edan permiso a las autoridades municipales por ocho d\u00edas para ofrecer su show, aunque a veces se quedaban m\u00e1s de un mes. Los lugares para instalarse eran los m\u00e1s accesibles para el traslado de la gente desde zonas vecinas.<\/p>\n\n\n\n<p>Uno era el predio comprendido por la esquina de\u00a0<strong>Rivera y la avenida General Rodr\u00edguez (actual Yrigoyen)<\/strong>, donde hoy funciona una estaci\u00f3n de servicio. Otro lugar donde se armaban las carpas era sobre la misma avenida, en el actual\u00a0<strong>C\u00edrculo Cat\u00f3lico de Obreros.\u00a0<\/strong>Tambi\u00e9n se usaba un terreno ubicado en la calle<strong>\u00a0Alvear, entre Portela y S\u00e1enz<\/strong>. Los circos que m\u00e1s frecuentaban la temporada estival en Lomas fueron\u00a0<strong>el Politeama Campos, el Raffetto, el Anselmi y el de los hermanos Rivero.\u00a0<\/strong><\/p>\n\n\n\n<p>Adem\u00e1s de tramitar la autorizaci\u00f3n del municipio, las compa\u00f1\u00edas deb\u00edan sortear otro problema todav\u00eda m\u00e1s complicado que los trucos de sus acr\u00f3batas: las jugadas de los empresarios de los cines locales. Es que, preocupados por la competencia que les generaban los circos en el p\u00fablico familiar, hac\u00edan todo lo que pod\u00edan para evitar que se instalen y les roben espectadores.\u00a0<\/p>\n\n\n\n<p>Con el tiempo, los circos fueron perdiendo p\u00fablico. No s\u00f3lo en nuestro partido, sino a nivel mundial. Una de las principales causas de la ca\u00edda en popularidad fueron las cada vez m\u00e1s estrictas legislaciones contra el uso de animales como entretenimiento. Hoy los circos est\u00e1n en v\u00edas de extinci\u00f3n, pero todav\u00eda, en algunos lugares, se puede disfrutar de geniales actuaciones e incre\u00edbles trucos y acrobacias.<\/p>\n\n\n\n<p>Y no hay que irse tan lejos: hace unos d\u00edas, por las vacaciones de invierno, se instal\u00f3 una enorme carpa en el estacionamiento del hipermercado que est\u00e1 sobre la avenida<strong>\u00a0Hip\u00f3lito Yrigoyen<\/strong>, a la altura de<strong>\u00a0Temperley.<\/strong>\u00a0Es uno de los pocos circos que quedan en pie en la zona. \u00a1Hasta la semana que viene, amigos!\u00a0<\/p>\n\n\n\n<p><a href=\"https:\/\/launion.com.ar\/nota\/30537\/2023\/08\/el-recuerdo-de-la-epoca-de-oro-de-los-circos-de-lomas\" target=\"_blank\" rel=\"noreferrer noopener\"><strong><em>Art\u00edculo publicado en el diario La Uni\u00f3n de Lomas de Zamora.-<\/em><\/strong><\/a><\/p>\n","protected":false},"excerpt":{"rendered":"<p>Hay fen\u00f3menos sociales de a\u00f1os atr\u00e1s que resultan dif\u00edciles de creer en los tiempos que corren, especialmente para los m\u00e1s chicos. Uno de ellos es el de los circos: hoy son pocos los pibes que alguna vez visitaron alguno. Pero si le preguntamos a cualquier abuelo, seguro hablar\u00e1 con una gran nostalgia por aquellos shows, [&hellip;]<\/p>\n","protected":false},"author":6,"featured_media":10497,"comment_status":"closed","ping_status":"closed","sticky":false,"template":"","format":"standard","meta":{"footnotes":""},"categories":[1276],"tags":[2790,1323,1277],"class_list":{"0":"post-10496","1":"post","2":"type-post","3":"status-publish","4":"format-standard","5":"has-post-thumbnail","7":"category-de-puno-y-letra-lomas-de-zamora","8":"tag-circo","9":"tag-la-union","10":"tag-lomas-de-zamora"},"yoast_head":"<!-- This site is optimized with the Yoast SEO plugin v27.5 - https:\/\/yoast.com\/product\/yoast-seo-wordpress\/ -->\n<title>El recuerdo de la \u00e9poca de oro de los circos de Lomas - Sergio Lapegue<\/title>\n<meta name=\"description\" content=\"Entre principios y mediados del siglo pasado, las compa\u00f1\u00edas circenses se mov\u00edan por todo el pa\u00eds divirtiendo a toda la familia.\" \/>\n<meta name=\"robots\" content=\"index, follow, max-snippet:-1, max-image-preview:large, max-video-preview:-1\" \/>\n<link rel=\"canonical\" href=\"https:\/\/sergiolapegue.com\/site\/2023\/08\/07\/el-recuerdo-de-la-epoca-de-oro-de-los-circos-de-lomas\/\" \/>\n<meta property=\"og:locale\" content=\"es_ES\" \/>\n<meta property=\"og:type\" content=\"article\" \/>\n<meta property=\"og:title\" content=\"El recuerdo de la \u00e9poca de oro de los circos de Lomas - Sergio Lapegue\" \/>\n<meta property=\"og:description\" content=\"Entre principios y mediados del siglo pasado, las compa\u00f1\u00edas circenses se mov\u00edan por todo el pa\u00eds divirtiendo a toda la familia.\" \/>\n<meta property=\"og:url\" content=\"https:\/\/sergiolapegue.com\/site\/2023\/08\/07\/el-recuerdo-de-la-epoca-de-oro-de-los-circos-de-lomas\/\" \/>\n<meta property=\"og:site_name\" content=\"Sergio Lapegue\" \/>\n<meta property=\"article:publisher\" content=\"https:\/\/facebook.com\/sergiolapegue\" \/>\n<meta property=\"article:author\" content=\"https:\/\/facebook.com\/sergiolapegue\" \/>\n<meta property=\"article:published_time\" content=\"2023-08-07T13:51:28+00:00\" \/>\n<meta property=\"og:image\" content=\"https:\/\/sergiolapegue.com\/site\/wp-content\/uploads\/2023\/08\/176699.webp\" \/>\n\t<meta property=\"og:image:width\" content=\"1000\" \/>\n\t<meta property=\"og:image:height\" content=\"525\" \/>\n\t<meta property=\"og:image:type\" content=\"image\/webp\" \/>\n<meta name=\"author\" content=\"Sergio Lapegue\" \/>\n<meta name=\"twitter:card\" content=\"summary_large_image\" \/>\n<meta name=\"twitter:creator\" content=\"@https:\/\/twitter.com\/sergiolapegue\" \/>\n<meta name=\"twitter:site\" content=\"@sergiolapegue\" \/>\n<meta name=\"twitter:label1\" content=\"Escrito por\" \/>\n\t<meta name=\"twitter:data1\" content=\"Sergio Lapegue\" \/>\n\t<meta name=\"twitter:label2\" content=\"Tiempo de lectura\" \/>\n\t<meta name=\"twitter:data2\" content=\"3 minutos\" \/>\n<script type=\"application\/ld+json\" class=\"yoast-schema-graph\">{\"@context\":\"https:\\\/\\\/schema.org\",\"@graph\":[{\"@type\":\"Article\",\"@id\":\"https:\\\/\\\/sergiolapegue.com\\\/site\\\/2023\\\/08\\\/07\\\/el-recuerdo-de-la-epoca-de-oro-de-los-circos-de-lomas\\\/#article\",\"isPartOf\":{\"@id\":\"https:\\\/\\\/sergiolapegue.com\\\/site\\\/2023\\\/08\\\/07\\\/el-recuerdo-de-la-epoca-de-oro-de-los-circos-de-lomas\\\/\"},\"author\":{\"name\":\"Sergio Lapegue\",\"@id\":\"https:\\\/\\\/sergiolapegue.com\\\/site\\\/#\\\/schema\\\/person\\\/083aeceeb0734cd166779ea6c0551a37\"},\"headline\":\"El recuerdo de la \u00e9poca de oro de los circos de Lomas\",\"datePublished\":\"2023-08-07T13:51:28+00:00\",\"mainEntityOfPage\":{\"@id\":\"https:\\\/\\\/sergiolapegue.com\\\/site\\\/2023\\\/08\\\/07\\\/el-recuerdo-de-la-epoca-de-oro-de-los-circos-de-lomas\\\/\"},\"wordCount\":530,\"publisher\":{\"@id\":\"https:\\\/\\\/sergiolapegue.com\\\/site\\\/#\\\/schema\\\/person\\\/083aeceeb0734cd166779ea6c0551a37\"},\"image\":{\"@id\":\"https:\\\/\\\/sergiolapegue.com\\\/site\\\/2023\\\/08\\\/07\\\/el-recuerdo-de-la-epoca-de-oro-de-los-circos-de-lomas\\\/#primaryimage\"},\"thumbnailUrl\":\"https:\\\/\\\/sergiolapegue.com\\\/site\\\/wp-content\\\/uploads\\\/2023\\\/08\\\/176699.webp\",\"keywords\":[\"circo\",\"La Uni\u00f3n\",\"Lomas de Zamora\"],\"articleSection\":[\"De Pu\u00f1o y Letra Lomas de Zamora\"],\"inLanguage\":\"es-AR\"},{\"@type\":\"WebPage\",\"@id\":\"https:\\\/\\\/sergiolapegue.com\\\/site\\\/2023\\\/08\\\/07\\\/el-recuerdo-de-la-epoca-de-oro-de-los-circos-de-lomas\\\/\",\"url\":\"https:\\\/\\\/sergiolapegue.com\\\/site\\\/2023\\\/08\\\/07\\\/el-recuerdo-de-la-epoca-de-oro-de-los-circos-de-lomas\\\/\",\"name\":\"El recuerdo de la \u00e9poca de oro de los circos de Lomas - Sergio Lapegue\",\"isPartOf\":{\"@id\":\"https:\\\/\\\/sergiolapegue.com\\\/site\\\/#website\"},\"primaryImageOfPage\":{\"@id\":\"https:\\\/\\\/sergiolapegue.com\\\/site\\\/2023\\\/08\\\/07\\\/el-recuerdo-de-la-epoca-de-oro-de-los-circos-de-lomas\\\/#primaryimage\"},\"image\":{\"@id\":\"https:\\\/\\\/sergiolapegue.com\\\/site\\\/2023\\\/08\\\/07\\\/el-recuerdo-de-la-epoca-de-oro-de-los-circos-de-lomas\\\/#primaryimage\"},\"thumbnailUrl\":\"https:\\\/\\\/sergiolapegue.com\\\/site\\\/wp-content\\\/uploads\\\/2023\\\/08\\\/176699.webp\",\"datePublished\":\"2023-08-07T13:51:28+00:00\",\"description\":\"Entre principios y mediados del siglo pasado, las compa\u00f1\u00edas circenses se mov\u00edan por todo el pa\u00eds divirtiendo a toda la familia.\",\"breadcrumb\":{\"@id\":\"https:\\\/\\\/sergiolapegue.com\\\/site\\\/2023\\\/08\\\/07\\\/el-recuerdo-de-la-epoca-de-oro-de-los-circos-de-lomas\\\/#breadcrumb\"},\"inLanguage\":\"es-AR\",\"potentialAction\":[{\"@type\":\"ReadAction\",\"target\":[\"https:\\\/\\\/sergiolapegue.com\\\/site\\\/2023\\\/08\\\/07\\\/el-recuerdo-de-la-epoca-de-oro-de-los-circos-de-lomas\\\/\"]}]},{\"@type\":\"ImageObject\",\"inLanguage\":\"es-AR\",\"@id\":\"https:\\\/\\\/sergiolapegue.com\\\/site\\\/2023\\\/08\\\/07\\\/el-recuerdo-de-la-epoca-de-oro-de-los-circos-de-lomas\\\/#primaryimage\",\"url\":\"https:\\\/\\\/sergiolapegue.com\\\/site\\\/wp-content\\\/uploads\\\/2023\\\/08\\\/176699.webp\",\"contentUrl\":\"https:\\\/\\\/sergiolapegue.com\\\/site\\\/wp-content\\\/uploads\\\/2023\\\/08\\\/176699.webp\",\"width\":1000,\"height\":525},{\"@type\":\"BreadcrumbList\",\"@id\":\"https:\\\/\\\/sergiolapegue.com\\\/site\\\/2023\\\/08\\\/07\\\/el-recuerdo-de-la-epoca-de-oro-de-los-circos-de-lomas\\\/#breadcrumb\",\"itemListElement\":[{\"@type\":\"ListItem\",\"position\":1,\"name\":\"Inicio\",\"item\":\"https:\\\/\\\/sergiolapegue.com\\\/site\\\/\"},{\"@type\":\"ListItem\",\"position\":2,\"name\":\"El recuerdo de la \u00e9poca de oro de los circos de Lomas\"}]},{\"@type\":\"WebSite\",\"@id\":\"https:\\\/\\\/sergiolapegue.com\\\/site\\\/#website\",\"url\":\"https:\\\/\\\/sergiolapegue.com\\\/site\\\/\",\"name\":\"Sergio Lapegue\",\"description\":\"Periodista\",\"publisher\":{\"@id\":\"https:\\\/\\\/sergiolapegue.com\\\/site\\\/#\\\/schema\\\/person\\\/083aeceeb0734cd166779ea6c0551a37\"},\"potentialAction\":[{\"@type\":\"SearchAction\",\"target\":{\"@type\":\"EntryPoint\",\"urlTemplate\":\"https:\\\/\\\/sergiolapegue.com\\\/site\\\/?s={search_term_string}\"},\"query-input\":{\"@type\":\"PropertyValueSpecification\",\"valueRequired\":true,\"valueName\":\"search_term_string\"}}],\"inLanguage\":\"es-AR\"},{\"@type\":[\"Person\",\"Organization\"],\"@id\":\"https:\\\/\\\/sergiolapegue.com\\\/site\\\/#\\\/schema\\\/person\\\/083aeceeb0734cd166779ea6c0551a37\",\"name\":\"Sergio Lapegue\",\"image\":{\"@type\":\"ImageObject\",\"inLanguage\":\"es-AR\",\"@id\":\"https:\\\/\\\/sergiolapegue.com\\\/site\\\/wp-content\\\/uploads\\\/2021\\\/04\\\/logo_header-1.png\",\"url\":\"https:\\\/\\\/sergiolapegue.com\\\/site\\\/wp-content\\\/uploads\\\/2021\\\/04\\\/logo_header-1.png\",\"contentUrl\":\"https:\\\/\\\/sergiolapegue.com\\\/site\\\/wp-content\\\/uploads\\\/2021\\\/04\\\/logo_header-1.png\",\"width\":272,\"height\":90,\"caption\":\"Sergio Lapegue\"},\"logo\":{\"@id\":\"https:\\\/\\\/sergiolapegue.com\\\/site\\\/wp-content\\\/uploads\\\/2021\\\/04\\\/logo_header-1.png\"},\"sameAs\":[\"https:\\\/\\\/facebook.com\\\/sergiolapegue\",\"https:\\\/\\\/instagram.com\\\/sergiolapegue\",\"https:\\\/\\\/x.com\\\/https:\\\/\\\/twitter.com\\\/sergiolapegue\"],\"url\":\"https:\\\/\\\/sergiolapegue.com\\\/site\\\/author\\\/sergio\\\/\"}]}<\/script>\n<!-- \/ Yoast SEO plugin. -->","yoast_head_json":{"title":"El recuerdo de la \u00e9poca de oro de los circos de Lomas - Sergio Lapegue","description":"Entre principios y mediados del siglo pasado, las compa\u00f1\u00edas circenses se mov\u00edan por todo el pa\u00eds divirtiendo a toda la familia.","robots":{"index":"index","follow":"follow","max-snippet":"max-snippet:-1","max-image-preview":"max-image-preview:large","max-video-preview":"max-video-preview:-1"},"canonical":"https:\/\/sergiolapegue.com\/site\/2023\/08\/07\/el-recuerdo-de-la-epoca-de-oro-de-los-circos-de-lomas\/","og_locale":"es_ES","og_type":"article","og_title":"El recuerdo de la \u00e9poca de oro de los circos de Lomas - Sergio Lapegue","og_description":"Entre principios y mediados del siglo pasado, las compa\u00f1\u00edas circenses se mov\u00edan por todo el pa\u00eds divirtiendo a toda la familia.","og_url":"https:\/\/sergiolapegue.com\/site\/2023\/08\/07\/el-recuerdo-de-la-epoca-de-oro-de-los-circos-de-lomas\/","og_site_name":"Sergio Lapegue","article_publisher":"https:\/\/facebook.com\/sergiolapegue","article_author":"https:\/\/facebook.com\/sergiolapegue","article_published_time":"2023-08-07T13:51:28+00:00","og_image":[{"width":1000,"height":525,"url":"https:\/\/sergiolapegue.com\/site\/wp-content\/uploads\/2023\/08\/176699.webp","type":"image\/webp"}],"author":"Sergio Lapegue","twitter_card":"summary_large_image","twitter_creator":"@https:\/\/twitter.com\/sergiolapegue","twitter_site":"@sergiolapegue","twitter_misc":{"Escrito por":"Sergio Lapegue","Tiempo de lectura":"3 minutos"},"schema":{"@context":"https:\/\/schema.org","@graph":[{"@type":"Article","@id":"https:\/\/sergiolapegue.com\/site\/2023\/08\/07\/el-recuerdo-de-la-epoca-de-oro-de-los-circos-de-lomas\/#article","isPartOf":{"@id":"https:\/\/sergiolapegue.com\/site\/2023\/08\/07\/el-recuerdo-de-la-epoca-de-oro-de-los-circos-de-lomas\/"},"author":{"name":"Sergio Lapegue","@id":"https:\/\/sergiolapegue.com\/site\/#\/schema\/person\/083aeceeb0734cd166779ea6c0551a37"},"headline":"El recuerdo de la \u00e9poca de oro de los circos de Lomas","datePublished":"2023-08-07T13:51:28+00:00","mainEntityOfPage":{"@id":"https:\/\/sergiolapegue.com\/site\/2023\/08\/07\/el-recuerdo-de-la-epoca-de-oro-de-los-circos-de-lomas\/"},"wordCount":530,"publisher":{"@id":"https:\/\/sergiolapegue.com\/site\/#\/schema\/person\/083aeceeb0734cd166779ea6c0551a37"},"image":{"@id":"https:\/\/sergiolapegue.com\/site\/2023\/08\/07\/el-recuerdo-de-la-epoca-de-oro-de-los-circos-de-lomas\/#primaryimage"},"thumbnailUrl":"https:\/\/sergiolapegue.com\/site\/wp-content\/uploads\/2023\/08\/176699.webp","keywords":["circo","La Uni\u00f3n","Lomas de Zamora"],"articleSection":["De Pu\u00f1o y Letra Lomas de Zamora"],"inLanguage":"es-AR"},{"@type":"WebPage","@id":"https:\/\/sergiolapegue.com\/site\/2023\/08\/07\/el-recuerdo-de-la-epoca-de-oro-de-los-circos-de-lomas\/","url":"https:\/\/sergiolapegue.com\/site\/2023\/08\/07\/el-recuerdo-de-la-epoca-de-oro-de-los-circos-de-lomas\/","name":"El recuerdo de la \u00e9poca de oro de los circos de Lomas - Sergio Lapegue","isPartOf":{"@id":"https:\/\/sergiolapegue.com\/site\/#website"},"primaryImageOfPage":{"@id":"https:\/\/sergiolapegue.com\/site\/2023\/08\/07\/el-recuerdo-de-la-epoca-de-oro-de-los-circos-de-lomas\/#primaryimage"},"image":{"@id":"https:\/\/sergiolapegue.com\/site\/2023\/08\/07\/el-recuerdo-de-la-epoca-de-oro-de-los-circos-de-lomas\/#primaryimage"},"thumbnailUrl":"https:\/\/sergiolapegue.com\/site\/wp-content\/uploads\/2023\/08\/176699.webp","datePublished":"2023-08-07T13:51:28+00:00","description":"Entre principios y mediados del siglo pasado, las compa\u00f1\u00edas circenses se mov\u00edan por todo el pa\u00eds divirtiendo a toda la familia.","breadcrumb":{"@id":"https:\/\/sergiolapegue.com\/site\/2023\/08\/07\/el-recuerdo-de-la-epoca-de-oro-de-los-circos-de-lomas\/#breadcrumb"},"inLanguage":"es-AR","potentialAction":[{"@type":"ReadAction","target":["https:\/\/sergiolapegue.com\/site\/2023\/08\/07\/el-recuerdo-de-la-epoca-de-oro-de-los-circos-de-lomas\/"]}]},{"@type":"ImageObject","inLanguage":"es-AR","@id":"https:\/\/sergiolapegue.com\/site\/2023\/08\/07\/el-recuerdo-de-la-epoca-de-oro-de-los-circos-de-lomas\/#primaryimage","url":"https:\/\/sergiolapegue.com\/site\/wp-content\/uploads\/2023\/08\/176699.webp","contentUrl":"https:\/\/sergiolapegue.com\/site\/wp-content\/uploads\/2023\/08\/176699.webp","width":1000,"height":525},{"@type":"BreadcrumbList","@id":"https:\/\/sergiolapegue.com\/site\/2023\/08\/07\/el-recuerdo-de-la-epoca-de-oro-de-los-circos-de-lomas\/#breadcrumb","itemListElement":[{"@type":"ListItem","position":1,"name":"Inicio","item":"https:\/\/sergiolapegue.com\/site\/"},{"@type":"ListItem","position":2,"name":"El recuerdo de la \u00e9poca de oro de los circos de Lomas"}]},{"@type":"WebSite","@id":"https:\/\/sergiolapegue.com\/site\/#website","url":"https:\/\/sergiolapegue.com\/site\/","name":"Sergio Lapegue","description":"Periodista","publisher":{"@id":"https:\/\/sergiolapegue.com\/site\/#\/schema\/person\/083aeceeb0734cd166779ea6c0551a37"},"potentialAction":[{"@type":"SearchAction","target":{"@type":"EntryPoint","urlTemplate":"https:\/\/sergiolapegue.com\/site\/?s={search_term_string}"},"query-input":{"@type":"PropertyValueSpecification","valueRequired":true,"valueName":"search_term_string"}}],"inLanguage":"es-AR"},{"@type":["Person","Organization"],"@id":"https:\/\/sergiolapegue.com\/site\/#\/schema\/person\/083aeceeb0734cd166779ea6c0551a37","name":"Sergio Lapegue","image":{"@type":"ImageObject","inLanguage":"es-AR","@id":"https:\/\/sergiolapegue.com\/site\/wp-content\/uploads\/2021\/04\/logo_header-1.png","url":"https:\/\/sergiolapegue.com\/site\/wp-content\/uploads\/2021\/04\/logo_header-1.png","contentUrl":"https:\/\/sergiolapegue.com\/site\/wp-content\/uploads\/2021\/04\/logo_header-1.png","width":272,"height":90,"caption":"Sergio Lapegue"},"logo":{"@id":"https:\/\/sergiolapegue.com\/site\/wp-content\/uploads\/2021\/04\/logo_header-1.png"},"sameAs":["https:\/\/facebook.com\/sergiolapegue","https:\/\/instagram.com\/sergiolapegue","https:\/\/x.com\/https:\/\/twitter.com\/sergiolapegue"],"url":"https:\/\/sergiolapegue.com\/site\/author\/sergio\/"}]}},"_links":{"self":[{"href":"https:\/\/sergiolapegue.com\/site\/wp-json\/wp\/v2\/posts\/10496","targetHints":{"allow":["GET"]}}],"collection":[{"href":"https:\/\/sergiolapegue.com\/site\/wp-json\/wp\/v2\/posts"}],"about":[{"href":"https:\/\/sergiolapegue.com\/site\/wp-json\/wp\/v2\/types\/post"}],"author":[{"embeddable":true,"href":"https:\/\/sergiolapegue.com\/site\/wp-json\/wp\/v2\/users\/6"}],"replies":[{"embeddable":true,"href":"https:\/\/sergiolapegue.com\/site\/wp-json\/wp\/v2\/comments?post=10496"}],"version-history":[{"count":1,"href":"https:\/\/sergiolapegue.com\/site\/wp-json\/wp\/v2\/posts\/10496\/revisions"}],"predecessor-version":[{"id":10498,"href":"https:\/\/sergiolapegue.com\/site\/wp-json\/wp\/v2\/posts\/10496\/revisions\/10498"}],"wp:featuredmedia":[{"embeddable":true,"href":"https:\/\/sergiolapegue.com\/site\/wp-json\/wp\/v2\/media\/10497"}],"wp:attachment":[{"href":"https:\/\/sergiolapegue.com\/site\/wp-json\/wp\/v2\/media?parent=10496"}],"wp:term":[{"taxonomy":"category","embeddable":true,"href":"https:\/\/sergiolapegue.com\/site\/wp-json\/wp\/v2\/categories?post=10496"},{"taxonomy":"post_tag","embeddable":true,"href":"https:\/\/sergiolapegue.com\/site\/wp-json\/wp\/v2\/tags?post=10496"}],"curies":[{"name":"wp","href":"https:\/\/api.w.org\/{rel}","templated":true}]}}