{"id":10187,"date":"2023-07-17T13:18:06","date_gmt":"2023-07-17T16:18:06","guid":{"rendered":"https:\/\/sergiolapegue.com\/site\/?p=10187"},"modified":"2023-07-17T13:18:06","modified_gmt":"2023-07-17T16:18:06","slug":"mi-club-le-paradis-y-la-fabrica-el-inicio-de-la-noche-en-lomas","status":"publish","type":"post","link":"https:\/\/sergiolapegue.com\/site\/2023\/07\/17\/mi-club-le-paradis-y-la-fabrica-el-inicio-de-la-noche-en-lomas\/","title":{"rendered":"Mi Club, Le Paradis y La F\u00e1brica, el inicio de la noche en Lomas"},"content":{"rendered":"\n<p>\u00a1C\u00f3mo pasa el tiempo! Parece mentira que <strong>Mica y Elvis<\/strong>, mis hijos, ya no salgan tanto a bailar como antes y que un s\u00e1bado a la noche prefieran quedarse en casa mirando una peli antes que irse al <strong>boliche<\/strong>. Es la vida: de a poco, las responsabilidades se ponen m\u00e1s serias, los intereses cambian y las prioridades pasan a ser otras. Nos pas\u00f3 a todos, pienso mientras escribo. Y no puedo evitar recordar las \u00e9pocas en las que todos los fines de semana, el que se ba\u00f1aba en perfume para salir era yo. As\u00ed la conoc\u00ed a<a href=\"https:\/\/launion.com.ar\/nota\/28985\/2023\/06\/el-emotivo-reencuentro-entre-sergio-lapegue-y-la-enfermera-que-le-salvo-la-vida\" target=\"_blank\" rel=\"noreferrer noopener\">\u00a0Bochi, el amor de mi vida.\u00a0<\/a>\u00bfQu\u00e9 les parece si hacemos un viaje en el tiempo y nos metemos en <strong>la historia de la noche en nuestra zona<\/strong>? Todos la hemos conocido\u2026\u00a0<\/p>\n\n\n\n<p>Las primeras fiestas en <strong>Lomas de Zamora<\/strong>, al igual que en el resto de Argentina, se hac\u00edan en clubes. Reci\u00e9n en 1950 las cosas se empezaron a poner un poco m\u00e1s profesionales. Fue en ese a\u00f1o que el empresario Carlos Mart\u00edn comenz\u00f3 a organizar bailes todos los domingos con un \u00fanico requisito: la elegancia. As\u00ed fue como, entre trajes y corbatas,\u00a0<a href=\"https:\/\/launion.com.ar\/nota\/29746\/2023\/07\/mi-club-cumple-73-anos--me-divorcie-por-venir\" target=\"_blank\" rel=\"noreferrer noopener\">naci\u00f3 Mi Club de Banfield sobre la calle Chacabuco. Hasta 1958 funcion\u00f3 solo los domingos de invierno. Reci\u00e9n un a\u00f1o m\u00e1s tarde abri\u00f3 los s\u00e1bados.<\/a><\/p>\n\n\n\n<p>Los requisitos eran que los hombres fueran &#8220;sin barba ni pelo largo y las chicas vestidas con decoro, sin jeans&#8221;. El control era tan estricto que un oportunista abri\u00f3 una peluquer\u00eda a metros del lugar para que los rechazados pudieran corregir su aspecto a \u00faltimo minuto y as\u00ed lograr pasar. Un adelantado\u2026&nbsp;<\/p>\n\n\n\n<p>Durante un par de d\u00e9cadas, Mi Club fue &#8220;el&#8221; boliche de zona Sur y tambi\u00e9n el lugar de encuentro para cientos de parejas. No por nada lo llamaban el &#8220;registro civil&#8221; de la noche.&nbsp;&nbsp;<\/p>\n\n\n\n<p>Pero en 1982, de la mano de la m\u00fasica disco,<a href=\"https:\/\/launion.com.ar\/nota\/17785\/2022\/04\/le-paradis-el-boliche-que-revoluciono-la-noche-lomense-de-los-80\" target=\"_blank\" rel=\"noreferrer noopener\">\u00a0apareci\u00f3 en el centro de Temperley el m\u00edtico Le Paradis.<\/a>\u00a0All\u00ed se innov\u00f3 con la m\u00fasica, los equipos de sonido e iluminaci\u00f3n. Tambi\u00e9n comenz\u00f3 a funcionar la matin\u00e9e, marcando un antes y un despu\u00e9s de la noche de Lomas. Y, por supuesto, en ese escenario se presentaron las mejores bandas del momento: Soda St\u00e9reo, Virus y Los Abuelos de la Nada.<\/p>\n\n\n\n<p>En 1988, muy cerca de donde quedaba Le Paradis (cerr\u00f3 en el 86), su fundador inaugur\u00f3 La F\u00e1brica. El nuevo boliche, m\u00e1s grande, fue pionero en incluir un espacio al aire libre. Otro local que marc\u00f3 \u00e9poca en nuestro partido fue Peteco&#8217;s, que abri\u00f3 en 1994 en la esquina de Meeks y Garibaldi como un bar de tercer tiempo para los clubes de rugby. Con el pasar de los a\u00f1os se fue reformulando el negocio y el baile y las bandas ganaron la escena.&nbsp;&nbsp;<\/p>\n\n\n\n<p>Hoy -me cuentan- Raven&#8217;s (Lomas) y Auditorio Sur (Temperley) son los m\u00e1s populares entre los m\u00e1s chicos, mientras que la zona de Las Lomitas qued\u00f3 reservada casi exclusivamente para bares y restaurantes. \u00a1Hasta la semana que viene, amigos!\u00a0<\/p>\n\n\n\n<p><strong><em><a href=\"https:\/\/launion.com.ar\/nota\/29964\/2023\/07\/mi-club-le-paradis-y-la-fabrica-el-inicio-de-la-noche-en-lomas\" target=\"_blank\" rel=\"noreferrer noopener\">Art\u00edculo publicado en el diario La Uni\u00f3n de Lomas de Zamora.<\/a><\/em><\/strong><\/p>\n","protected":false},"excerpt":{"rendered":"<p>\u00a1C\u00f3mo pasa el tiempo! Parece mentira que Mica y Elvis, mis hijos, ya no salgan tanto a bailar como antes y que un s\u00e1bado a la noche prefieran quedarse en casa mirando una peli antes que irse al boliche. Es la vida: de a poco, las responsabilidades se ponen m\u00e1s serias, los intereses cambian y [&hellip;]<\/p>\n","protected":false},"author":6,"featured_media":10188,"comment_status":"closed","ping_status":"closed","sticky":false,"template":"","format":"standard","meta":{"footnotes":""},"categories":[1276],"tags":[1557,1323,1277],"class_list":{"0":"post-10187","1":"post","2":"type-post","3":"status-publish","4":"format-standard","5":"has-post-thumbnail","7":"category-de-puno-y-letra-lomas-de-zamora","8":"tag-de-puno-y-letra-lomas-de-zamora","9":"tag-la-union","10":"tag-lomas-de-zamora"},"yoast_head":"<!-- This site is optimized with the Yoast SEO plugin v27.5 - https:\/\/yoast.com\/product\/yoast-seo-wordpress\/ -->\n<title>Mi Club, Le Paradis y La F\u00e1brica, el inicio de la noche en Lomas - Sergio Lapegue<\/title>\n<meta name=\"description\" content=\"Los requisitos eran que los hombres fueran &quot;sin barba ni pelo largo y las chicas vestidas con decoro, sin jeans&quot;.\" \/>\n<meta name=\"robots\" content=\"index, follow, max-snippet:-1, max-image-preview:large, max-video-preview:-1\" \/>\n<link rel=\"canonical\" href=\"https:\/\/sergiolapegue.com\/site\/2023\/07\/17\/mi-club-le-paradis-y-la-fabrica-el-inicio-de-la-noche-en-lomas\/\" \/>\n<meta property=\"og:locale\" content=\"es_ES\" \/>\n<meta property=\"og:type\" content=\"article\" \/>\n<meta property=\"og:title\" content=\"Mi Club, Le Paradis y La F\u00e1brica, el inicio de la noche en Lomas - Sergio Lapegue\" \/>\n<meta property=\"og:description\" content=\"Los requisitos eran que los hombres fueran &quot;sin barba ni pelo largo y las chicas vestidas con decoro, sin jeans&quot;.\" \/>\n<meta property=\"og:url\" content=\"https:\/\/sergiolapegue.com\/site\/2023\/07\/17\/mi-club-le-paradis-y-la-fabrica-el-inicio-de-la-noche-en-lomas\/\" \/>\n<meta property=\"og:site_name\" content=\"Sergio Lapegue\" \/>\n<meta property=\"article:publisher\" content=\"https:\/\/facebook.com\/sergiolapegue\" \/>\n<meta property=\"article:author\" content=\"https:\/\/facebook.com\/sergiolapegue\" \/>\n<meta property=\"article:published_time\" content=\"2023-07-17T16:18:06+00:00\" \/>\n<meta property=\"og:image\" content=\"https:\/\/sergiolapegue.com\/site\/wp-content\/uploads\/2023\/07\/175029.webp\" \/>\n\t<meta property=\"og:image:width\" content=\"1000\" \/>\n\t<meta property=\"og:image:height\" content=\"525\" \/>\n\t<meta property=\"og:image:type\" content=\"image\/webp\" \/>\n<meta name=\"author\" content=\"Sergio Lapegue\" \/>\n<meta name=\"twitter:card\" content=\"summary_large_image\" \/>\n<meta name=\"twitter:creator\" content=\"@https:\/\/twitter.com\/sergiolapegue\" \/>\n<meta name=\"twitter:site\" content=\"@sergiolapegue\" \/>\n<meta name=\"twitter:label1\" content=\"Escrito por\" \/>\n\t<meta name=\"twitter:data1\" content=\"Sergio Lapegue\" \/>\n\t<meta name=\"twitter:label2\" content=\"Tiempo de lectura\" \/>\n\t<meta name=\"twitter:data2\" content=\"3 minutos\" \/>\n<script type=\"application\/ld+json\" class=\"yoast-schema-graph\">{\"@context\":\"https:\\\/\\\/schema.org\",\"@graph\":[{\"@type\":\"Article\",\"@id\":\"https:\\\/\\\/sergiolapegue.com\\\/site\\\/2023\\\/07\\\/17\\\/mi-club-le-paradis-y-la-fabrica-el-inicio-de-la-noche-en-lomas\\\/#article\",\"isPartOf\":{\"@id\":\"https:\\\/\\\/sergiolapegue.com\\\/site\\\/2023\\\/07\\\/17\\\/mi-club-le-paradis-y-la-fabrica-el-inicio-de-la-noche-en-lomas\\\/\"},\"author\":{\"name\":\"Sergio Lapegue\",\"@id\":\"https:\\\/\\\/sergiolapegue.com\\\/site\\\/#\\\/schema\\\/person\\\/083aeceeb0734cd166779ea6c0551a37\"},\"headline\":\"Mi Club, Le Paradis y La F\u00e1brica, el inicio de la noche en Lomas\",\"datePublished\":\"2023-07-17T16:18:06+00:00\",\"mainEntityOfPage\":{\"@id\":\"https:\\\/\\\/sergiolapegue.com\\\/site\\\/2023\\\/07\\\/17\\\/mi-club-le-paradis-y-la-fabrica-el-inicio-de-la-noche-en-lomas\\\/\"},\"wordCount\":552,\"publisher\":{\"@id\":\"https:\\\/\\\/sergiolapegue.com\\\/site\\\/#\\\/schema\\\/person\\\/083aeceeb0734cd166779ea6c0551a37\"},\"image\":{\"@id\":\"https:\\\/\\\/sergiolapegue.com\\\/site\\\/2023\\\/07\\\/17\\\/mi-club-le-paradis-y-la-fabrica-el-inicio-de-la-noche-en-lomas\\\/#primaryimage\"},\"thumbnailUrl\":\"https:\\\/\\\/sergiolapegue.com\\\/site\\\/wp-content\\\/uploads\\\/2023\\\/07\\\/175029.webp\",\"keywords\":[\"De Pu\u00f1o y Letra Lomas de Zamora\",\"La Uni\u00f3n\",\"Lomas de Zamora\"],\"articleSection\":[\"De Pu\u00f1o y Letra Lomas de Zamora\"],\"inLanguage\":\"es-AR\"},{\"@type\":\"WebPage\",\"@id\":\"https:\\\/\\\/sergiolapegue.com\\\/site\\\/2023\\\/07\\\/17\\\/mi-club-le-paradis-y-la-fabrica-el-inicio-de-la-noche-en-lomas\\\/\",\"url\":\"https:\\\/\\\/sergiolapegue.com\\\/site\\\/2023\\\/07\\\/17\\\/mi-club-le-paradis-y-la-fabrica-el-inicio-de-la-noche-en-lomas\\\/\",\"name\":\"Mi Club, Le Paradis y La F\u00e1brica, el inicio de la noche en Lomas - Sergio Lapegue\",\"isPartOf\":{\"@id\":\"https:\\\/\\\/sergiolapegue.com\\\/site\\\/#website\"},\"primaryImageOfPage\":{\"@id\":\"https:\\\/\\\/sergiolapegue.com\\\/site\\\/2023\\\/07\\\/17\\\/mi-club-le-paradis-y-la-fabrica-el-inicio-de-la-noche-en-lomas\\\/#primaryimage\"},\"image\":{\"@id\":\"https:\\\/\\\/sergiolapegue.com\\\/site\\\/2023\\\/07\\\/17\\\/mi-club-le-paradis-y-la-fabrica-el-inicio-de-la-noche-en-lomas\\\/#primaryimage\"},\"thumbnailUrl\":\"https:\\\/\\\/sergiolapegue.com\\\/site\\\/wp-content\\\/uploads\\\/2023\\\/07\\\/175029.webp\",\"datePublished\":\"2023-07-17T16:18:06+00:00\",\"description\":\"Los requisitos eran que los hombres fueran \\\"sin barba ni pelo largo y las chicas vestidas con decoro, sin jeans\\\".\",\"breadcrumb\":{\"@id\":\"https:\\\/\\\/sergiolapegue.com\\\/site\\\/2023\\\/07\\\/17\\\/mi-club-le-paradis-y-la-fabrica-el-inicio-de-la-noche-en-lomas\\\/#breadcrumb\"},\"inLanguage\":\"es-AR\",\"potentialAction\":[{\"@type\":\"ReadAction\",\"target\":[\"https:\\\/\\\/sergiolapegue.com\\\/site\\\/2023\\\/07\\\/17\\\/mi-club-le-paradis-y-la-fabrica-el-inicio-de-la-noche-en-lomas\\\/\"]}]},{\"@type\":\"ImageObject\",\"inLanguage\":\"es-AR\",\"@id\":\"https:\\\/\\\/sergiolapegue.com\\\/site\\\/2023\\\/07\\\/17\\\/mi-club-le-paradis-y-la-fabrica-el-inicio-de-la-noche-en-lomas\\\/#primaryimage\",\"url\":\"https:\\\/\\\/sergiolapegue.com\\\/site\\\/wp-content\\\/uploads\\\/2023\\\/07\\\/175029.webp\",\"contentUrl\":\"https:\\\/\\\/sergiolapegue.com\\\/site\\\/wp-content\\\/uploads\\\/2023\\\/07\\\/175029.webp\",\"width\":1000,\"height\":525},{\"@type\":\"BreadcrumbList\",\"@id\":\"https:\\\/\\\/sergiolapegue.com\\\/site\\\/2023\\\/07\\\/17\\\/mi-club-le-paradis-y-la-fabrica-el-inicio-de-la-noche-en-lomas\\\/#breadcrumb\",\"itemListElement\":[{\"@type\":\"ListItem\",\"position\":1,\"name\":\"Inicio\",\"item\":\"https:\\\/\\\/sergiolapegue.com\\\/site\\\/\"},{\"@type\":\"ListItem\",\"position\":2,\"name\":\"Mi Club, Le Paradis y La F\u00e1brica, el inicio de la noche en Lomas\"}]},{\"@type\":\"WebSite\",\"@id\":\"https:\\\/\\\/sergiolapegue.com\\\/site\\\/#website\",\"url\":\"https:\\\/\\\/sergiolapegue.com\\\/site\\\/\",\"name\":\"Sergio Lapegue\",\"description\":\"Periodista\",\"publisher\":{\"@id\":\"https:\\\/\\\/sergiolapegue.com\\\/site\\\/#\\\/schema\\\/person\\\/083aeceeb0734cd166779ea6c0551a37\"},\"potentialAction\":[{\"@type\":\"SearchAction\",\"target\":{\"@type\":\"EntryPoint\",\"urlTemplate\":\"https:\\\/\\\/sergiolapegue.com\\\/site\\\/?s={search_term_string}\"},\"query-input\":{\"@type\":\"PropertyValueSpecification\",\"valueRequired\":true,\"valueName\":\"search_term_string\"}}],\"inLanguage\":\"es-AR\"},{\"@type\":[\"Person\",\"Organization\"],\"@id\":\"https:\\\/\\\/sergiolapegue.com\\\/site\\\/#\\\/schema\\\/person\\\/083aeceeb0734cd166779ea6c0551a37\",\"name\":\"Sergio Lapegue\",\"image\":{\"@type\":\"ImageObject\",\"inLanguage\":\"es-AR\",\"@id\":\"https:\\\/\\\/sergiolapegue.com\\\/site\\\/wp-content\\\/uploads\\\/2021\\\/04\\\/logo_header-1.png\",\"url\":\"https:\\\/\\\/sergiolapegue.com\\\/site\\\/wp-content\\\/uploads\\\/2021\\\/04\\\/logo_header-1.png\",\"contentUrl\":\"https:\\\/\\\/sergiolapegue.com\\\/site\\\/wp-content\\\/uploads\\\/2021\\\/04\\\/logo_header-1.png\",\"width\":272,\"height\":90,\"caption\":\"Sergio Lapegue\"},\"logo\":{\"@id\":\"https:\\\/\\\/sergiolapegue.com\\\/site\\\/wp-content\\\/uploads\\\/2021\\\/04\\\/logo_header-1.png\"},\"sameAs\":[\"https:\\\/\\\/facebook.com\\\/sergiolapegue\",\"https:\\\/\\\/instagram.com\\\/sergiolapegue\",\"https:\\\/\\\/x.com\\\/https:\\\/\\\/twitter.com\\\/sergiolapegue\"],\"url\":\"https:\\\/\\\/sergiolapegue.com\\\/site\\\/author\\\/sergio\\\/\"}]}<\/script>\n<!-- \/ Yoast SEO plugin. -->","yoast_head_json":{"title":"Mi Club, Le Paradis y La F\u00e1brica, el inicio de la noche en Lomas - Sergio Lapegue","description":"Los requisitos eran que los hombres fueran \"sin barba ni pelo largo y las chicas vestidas con decoro, sin jeans\".","robots":{"index":"index","follow":"follow","max-snippet":"max-snippet:-1","max-image-preview":"max-image-preview:large","max-video-preview":"max-video-preview:-1"},"canonical":"https:\/\/sergiolapegue.com\/site\/2023\/07\/17\/mi-club-le-paradis-y-la-fabrica-el-inicio-de-la-noche-en-lomas\/","og_locale":"es_ES","og_type":"article","og_title":"Mi Club, Le Paradis y La F\u00e1brica, el inicio de la noche en Lomas - Sergio Lapegue","og_description":"Los requisitos eran que los hombres fueran \"sin barba ni pelo largo y las chicas vestidas con decoro, sin jeans\".","og_url":"https:\/\/sergiolapegue.com\/site\/2023\/07\/17\/mi-club-le-paradis-y-la-fabrica-el-inicio-de-la-noche-en-lomas\/","og_site_name":"Sergio Lapegue","article_publisher":"https:\/\/facebook.com\/sergiolapegue","article_author":"https:\/\/facebook.com\/sergiolapegue","article_published_time":"2023-07-17T16:18:06+00:00","og_image":[{"width":1000,"height":525,"url":"https:\/\/sergiolapegue.com\/site\/wp-content\/uploads\/2023\/07\/175029.webp","type":"image\/webp"}],"author":"Sergio Lapegue","twitter_card":"summary_large_image","twitter_creator":"@https:\/\/twitter.com\/sergiolapegue","twitter_site":"@sergiolapegue","twitter_misc":{"Escrito por":"Sergio Lapegue","Tiempo de lectura":"3 minutos"},"schema":{"@context":"https:\/\/schema.org","@graph":[{"@type":"Article","@id":"https:\/\/sergiolapegue.com\/site\/2023\/07\/17\/mi-club-le-paradis-y-la-fabrica-el-inicio-de-la-noche-en-lomas\/#article","isPartOf":{"@id":"https:\/\/sergiolapegue.com\/site\/2023\/07\/17\/mi-club-le-paradis-y-la-fabrica-el-inicio-de-la-noche-en-lomas\/"},"author":{"name":"Sergio Lapegue","@id":"https:\/\/sergiolapegue.com\/site\/#\/schema\/person\/083aeceeb0734cd166779ea6c0551a37"},"headline":"Mi Club, Le Paradis y La F\u00e1brica, el inicio de la noche en Lomas","datePublished":"2023-07-17T16:18:06+00:00","mainEntityOfPage":{"@id":"https:\/\/sergiolapegue.com\/site\/2023\/07\/17\/mi-club-le-paradis-y-la-fabrica-el-inicio-de-la-noche-en-lomas\/"},"wordCount":552,"publisher":{"@id":"https:\/\/sergiolapegue.com\/site\/#\/schema\/person\/083aeceeb0734cd166779ea6c0551a37"},"image":{"@id":"https:\/\/sergiolapegue.com\/site\/2023\/07\/17\/mi-club-le-paradis-y-la-fabrica-el-inicio-de-la-noche-en-lomas\/#primaryimage"},"thumbnailUrl":"https:\/\/sergiolapegue.com\/site\/wp-content\/uploads\/2023\/07\/175029.webp","keywords":["De Pu\u00f1o y Letra Lomas de Zamora","La Uni\u00f3n","Lomas de Zamora"],"articleSection":["De Pu\u00f1o y Letra Lomas de Zamora"],"inLanguage":"es-AR"},{"@type":"WebPage","@id":"https:\/\/sergiolapegue.com\/site\/2023\/07\/17\/mi-club-le-paradis-y-la-fabrica-el-inicio-de-la-noche-en-lomas\/","url":"https:\/\/sergiolapegue.com\/site\/2023\/07\/17\/mi-club-le-paradis-y-la-fabrica-el-inicio-de-la-noche-en-lomas\/","name":"Mi Club, Le Paradis y La F\u00e1brica, el inicio de la noche en Lomas - Sergio Lapegue","isPartOf":{"@id":"https:\/\/sergiolapegue.com\/site\/#website"},"primaryImageOfPage":{"@id":"https:\/\/sergiolapegue.com\/site\/2023\/07\/17\/mi-club-le-paradis-y-la-fabrica-el-inicio-de-la-noche-en-lomas\/#primaryimage"},"image":{"@id":"https:\/\/sergiolapegue.com\/site\/2023\/07\/17\/mi-club-le-paradis-y-la-fabrica-el-inicio-de-la-noche-en-lomas\/#primaryimage"},"thumbnailUrl":"https:\/\/sergiolapegue.com\/site\/wp-content\/uploads\/2023\/07\/175029.webp","datePublished":"2023-07-17T16:18:06+00:00","description":"Los requisitos eran que los hombres fueran \"sin barba ni pelo largo y las chicas vestidas con decoro, sin jeans\".","breadcrumb":{"@id":"https:\/\/sergiolapegue.com\/site\/2023\/07\/17\/mi-club-le-paradis-y-la-fabrica-el-inicio-de-la-noche-en-lomas\/#breadcrumb"},"inLanguage":"es-AR","potentialAction":[{"@type":"ReadAction","target":["https:\/\/sergiolapegue.com\/site\/2023\/07\/17\/mi-club-le-paradis-y-la-fabrica-el-inicio-de-la-noche-en-lomas\/"]}]},{"@type":"ImageObject","inLanguage":"es-AR","@id":"https:\/\/sergiolapegue.com\/site\/2023\/07\/17\/mi-club-le-paradis-y-la-fabrica-el-inicio-de-la-noche-en-lomas\/#primaryimage","url":"https:\/\/sergiolapegue.com\/site\/wp-content\/uploads\/2023\/07\/175029.webp","contentUrl":"https:\/\/sergiolapegue.com\/site\/wp-content\/uploads\/2023\/07\/175029.webp","width":1000,"height":525},{"@type":"BreadcrumbList","@id":"https:\/\/sergiolapegue.com\/site\/2023\/07\/17\/mi-club-le-paradis-y-la-fabrica-el-inicio-de-la-noche-en-lomas\/#breadcrumb","itemListElement":[{"@type":"ListItem","position":1,"name":"Inicio","item":"https:\/\/sergiolapegue.com\/site\/"},{"@type":"ListItem","position":2,"name":"Mi Club, Le Paradis y La F\u00e1brica, el inicio de la noche en Lomas"}]},{"@type":"WebSite","@id":"https:\/\/sergiolapegue.com\/site\/#website","url":"https:\/\/sergiolapegue.com\/site\/","name":"Sergio Lapegue","description":"Periodista","publisher":{"@id":"https:\/\/sergiolapegue.com\/site\/#\/schema\/person\/083aeceeb0734cd166779ea6c0551a37"},"potentialAction":[{"@type":"SearchAction","target":{"@type":"EntryPoint","urlTemplate":"https:\/\/sergiolapegue.com\/site\/?s={search_term_string}"},"query-input":{"@type":"PropertyValueSpecification","valueRequired":true,"valueName":"search_term_string"}}],"inLanguage":"es-AR"},{"@type":["Person","Organization"],"@id":"https:\/\/sergiolapegue.com\/site\/#\/schema\/person\/083aeceeb0734cd166779ea6c0551a37","name":"Sergio Lapegue","image":{"@type":"ImageObject","inLanguage":"es-AR","@id":"https:\/\/sergiolapegue.com\/site\/wp-content\/uploads\/2021\/04\/logo_header-1.png","url":"https:\/\/sergiolapegue.com\/site\/wp-content\/uploads\/2021\/04\/logo_header-1.png","contentUrl":"https:\/\/sergiolapegue.com\/site\/wp-content\/uploads\/2021\/04\/logo_header-1.png","width":272,"height":90,"caption":"Sergio Lapegue"},"logo":{"@id":"https:\/\/sergiolapegue.com\/site\/wp-content\/uploads\/2021\/04\/logo_header-1.png"},"sameAs":["https:\/\/facebook.com\/sergiolapegue","https:\/\/instagram.com\/sergiolapegue","https:\/\/x.com\/https:\/\/twitter.com\/sergiolapegue"],"url":"https:\/\/sergiolapegue.com\/site\/author\/sergio\/"}]}},"_links":{"self":[{"href":"https:\/\/sergiolapegue.com\/site\/wp-json\/wp\/v2\/posts\/10187","targetHints":{"allow":["GET"]}}],"collection":[{"href":"https:\/\/sergiolapegue.com\/site\/wp-json\/wp\/v2\/posts"}],"about":[{"href":"https:\/\/sergiolapegue.com\/site\/wp-json\/wp\/v2\/types\/post"}],"author":[{"embeddable":true,"href":"https:\/\/sergiolapegue.com\/site\/wp-json\/wp\/v2\/users\/6"}],"replies":[{"embeddable":true,"href":"https:\/\/sergiolapegue.com\/site\/wp-json\/wp\/v2\/comments?post=10187"}],"version-history":[{"count":1,"href":"https:\/\/sergiolapegue.com\/site\/wp-json\/wp\/v2\/posts\/10187\/revisions"}],"predecessor-version":[{"id":10189,"href":"https:\/\/sergiolapegue.com\/site\/wp-json\/wp\/v2\/posts\/10187\/revisions\/10189"}],"wp:featuredmedia":[{"embeddable":true,"href":"https:\/\/sergiolapegue.com\/site\/wp-json\/wp\/v2\/media\/10188"}],"wp:attachment":[{"href":"https:\/\/sergiolapegue.com\/site\/wp-json\/wp\/v2\/media?parent=10187"}],"wp:term":[{"taxonomy":"category","embeddable":true,"href":"https:\/\/sergiolapegue.com\/site\/wp-json\/wp\/v2\/categories?post=10187"},{"taxonomy":"post_tag","embeddable":true,"href":"https:\/\/sergiolapegue.com\/site\/wp-json\/wp\/v2\/tags?post=10187"}],"curies":[{"name":"wp","href":"https:\/\/api.w.org\/{rel}","templated":true}]}}